{"id":1129,"date":"2016-01-26T17:00:01","date_gmt":"2016-01-26T16:00:01","guid":{"rendered":"http:\/\/szaszkogabriella.com\/?p=1129"},"modified":"2016-01-26T14:34:15","modified_gmt":"2016-01-26T13:34:15","slug":"felejto-4","status":"publish","type":"post","link":"http:\/\/szaszkogabriella.com\/index.php\/hu\/2016\/01\/26\/felejto-4\/","title":{"rendered":"Felejt\u0151 4."},"content":{"rendered":"<p>Ezen a h\u00e9ten t\u0151lem olvashatj\u00e1tok a Felejt\u0151 negyedik r\u00e9sz\u00e9t. Rem\u00e9lj\u00fck, hogy tetszik az \u00faj t\u00f6rt\u00e9net!<\/p>\n<p>&nbsp;<\/p>\n<p><a href=\"https:\/\/i1.wp.com\/szaszkogabriella.com\/wp-content\/uploads\/2016\/01\/9877866aebf0d612d31821eb573c804b.jpg\" rel=\"attachment wp-att-1131\"><img data-attachment-id=\"1131\" data-permalink=\"http:\/\/szaszkogabriella.com\/index.php\/hu\/2016\/01\/26\/felejto-4\/9877866aebf0d612d31821eb573c804b\/\" data-orig-file=\"https:\/\/i1.wp.com\/szaszkogabriella.com\/wp-content\/uploads\/2016\/01\/9877866aebf0d612d31821eb573c804b.jpg?fit=736%2C736\" data-orig-size=\"736,736\" data-comments-opened=\"1\" data-image-meta=\"{&quot;aperture&quot;:&quot;0&quot;,&quot;credit&quot;:&quot;&quot;,&quot;camera&quot;:&quot;&quot;,&quot;caption&quot;:&quot;&quot;,&quot;created_timestamp&quot;:&quot;0&quot;,&quot;copyright&quot;:&quot;&quot;,&quot;focal_length&quot;:&quot;0&quot;,&quot;iso&quot;:&quot;0&quot;,&quot;shutter_speed&quot;:&quot;0&quot;,&quot;title&quot;:&quot;&quot;,&quot;orientation&quot;:&quot;0&quot;}\" data-image-title=\"9877866aebf0d612d31821eb573c804b\" data-image-description=\"\" data-medium-file=\"https:\/\/i1.wp.com\/szaszkogabriella.com\/wp-content\/uploads\/2016\/01\/9877866aebf0d612d31821eb573c804b.jpg?fit=300%2C300\" data-large-file=\"https:\/\/i1.wp.com\/szaszkogabriella.com\/wp-content\/uploads\/2016\/01\/9877866aebf0d612d31821eb573c804b.jpg?fit=560%2C560\" decoding=\"async\" loading=\"lazy\" class=\" wp-image-1131 alignleft\" src=\"https:\/\/i1.wp.com\/szaszkogabriella.com\/wp-content\/uploads\/2016\/01\/9877866aebf0d612d31821eb573c804b.jpg?resize=366%2C366\" alt=\"9877866aebf0d612d31821eb573c804b\" width=\"366\" height=\"366\" srcset=\"https:\/\/i1.wp.com\/szaszkogabriella.com\/wp-content\/uploads\/2016\/01\/9877866aebf0d612d31821eb573c804b.jpg?w=736 736w, https:\/\/i1.wp.com\/szaszkogabriella.com\/wp-content\/uploads\/2016\/01\/9877866aebf0d612d31821eb573c804b.jpg?resize=150%2C150 150w, https:\/\/i1.wp.com\/szaszkogabriella.com\/wp-content\/uploads\/2016\/01\/9877866aebf0d612d31821eb573c804b.jpg?resize=300%2C300 300w\" sizes=\"(max-width: 366px) 100vw, 366px\" data-recalc-dims=\"1\" \/><\/a><\/p>\n<p>Isabel tompa fejf\u00e1j\u00e1ssal, kisz\u00e1radt, savany\u00fa \u00edz\u0171 sz\u00e1jjal \u00e9bredt a n\u0151v\u00e9rke hangj\u00e1ra. A fekete haj\u00fa, harmincas \u00e9veiben j\u00e1r\u00f3 l\u00e1ny mindig biztat\u00f3 szavakkal l\u00e1tta el a betegeket.<\/p>\n<p>\u2013 Nocsak, fel\u00e9bredt\u00e9l! \u2013 mosolygott r\u00e1. \u2013 K\u00e9pzeld, m\u00e1r a reggeli inf\u00fazi\u00f3d is lecsepegett annyira sok\u00e1ig aludt\u00e1l. Ennek nagyon \u00f6r\u00fcl\u00f6k. Meghoztam a reggelit is.<\/p>\n<p>Isabel a z\u00f6ld t\u00e1rc\u00e1n terpeszked\u0151 di\u00e9t\u00e1s \u00e9telekre n\u00e9zett. F\u0151leg krumplit, gyeng\u00e9den f\u0171szerezett csirkemellet ehetett. Semmi nagyon cukros, semmi t\u00fal cs\u00edp\u0151s, semmi olyan, ami igaz\u00e1n finom lett volna. A betegs\u00e9g\u00e9nek igazi \u00e1tka volt, hogy igaz\u00e1n m\u00e9g gy\u00fcm\u00f6lcs\u00f6ket \u00e9s z\u00f6lds\u00e9geket sem ehetett, mert azok megterhelt\u00e9k a beleket. Mintha a szervezete folyamatosan megtagadta volna az \u00e9ltet\u0151 vitaminokat \u00e9s rostokat, mintha nem is az \u00e9letre huzalozt\u00e1k volna. A f\u00f6ldi \u00e9lvezetek k\u00edv\u00fcl estek Isabel l\u00e1t\u00f3ter\u00e9n.<\/p>\n<p>\u2013 \u00c9s mi a mai programod? \u2013 k\u00e9rdezte a n\u0151v\u00e9rke.<\/p>\n<p>A l\u00e1ny maga el\u00e9 vette a t\u00e1lc\u00e1t, a karj\u00e1ba illesztett t\u0171 egy pillanatra belem\u00e9lyedt h\u00fas\u00e1ba. Az \u00e9rz\u00e9s annyira ismer\u0151s volt, hogy szinte fel sem vette. V\u00e1gott egy fintort az \u00e1pol\u00f3n\u0151 fel\u00e9, nem is k\u00edv\u00e1nt v\u00e1laszolni a k\u00e9rd\u00e9s\u00e9re.<\/p>\n<p>\u2013 Sz\u00e9p az id\u0151 ma, menj le egy kicsit az udvarra \u2013 javasolta.<\/p>\n<p>\u2013 D\u00e9lben j\u00f6n anyuk\u00e1m \u00e9s a nagymam\u00e1m is l\u00e1togat\u00f3ba.<\/p>\n<p>\u2013 Akkor igaz\u00e1n s\u0171r\u0171 napod lesz \u2013 mondta, mik\u00f6zben leemelte az \u00fcres inf\u00fazi\u00f3t az \u00e1llv\u00e1nyr\u00f3l, \u00e9s mag\u00e1ra hagyta Isabelt a szob\u00e1ban.<\/p>\n<p>A l\u00e1ny csattanva dobta le a vill\u00e1t a t\u00e1lc\u00e1ra, a lehet\u0151 leggyorsabban f\u00e9lretette az unalmas \u00e9telt, \u00e9s vad izgalommal turk\u00e1lni kezdett a p\u00e1rn\u00e1ja alatt. Azonnal megtal\u00e1lta az ismer\u0151s ruhadarabot: Polka var\u00e1zzsal \u00e1tsz\u0151tt piros fels\u0151j\u00e9t. Nem \u00e1lmodta, nem a k\u00e9pzelete j\u00e1tszott vele.<\/p>\n<p>V\u00e9gigsim\u00edtott feh\u00e9r kez\u00e9vel az \u00e9l\u00e9nk, selyemszer\u0171 ruhadarabon. Felpattant az \u00e1gyb\u00f3l, egy pillanatra meg kellett kapaszkodnia a m\u0171anyag t\u00e1ml\u00e1ban, mert a b\u00fatorok hirtelen k\u00f6rt\u00e1ncot j\u00e1rtak k\u00f6r\u00fcl\u00f6tte.<\/p>\n<p>A f\u00fcrd\u0151be sietett: levetette mag\u00e1r\u00f3l k\u00f3rh\u00e1zszag\u00fa pizsamafels\u0151j\u00e9t. Ritk\u00e1n tette ezt meg a t\u00fck\u00f6r el\u0151tt. Meztelen fels\u0151test\u00e9nek l\u00e1tv\u00e1nya elr\u00e9misztette. Kellemetlen\u00fcl sov\u00e1nyra fogyott, bord\u00e1i kidomborodtak s\u00e1padt b\u0151re alatt. A has\u00e1n m\u0171t\u00e9ti hegek, v\u00e1g\u00e1sok \u00e9ktelenkedtek. A saj\u00e1t szem\u00e9be n\u00e9zett, megr\u00e1zta a fej\u00e9t.<\/p>\n<p>\u00d3vatosan beleb\u00fajt a kapucnis fels\u0151be, anyaga selymesen simogatta b\u0151r\u00e9t. V\u00e9konys\u00e1ga ellen\u00e9re csod\u00e1latos melegs\u00e9g t\u00f6lt\u00f6tte el. Karj\u00e1val meg\u00f6lelte saj\u00e1t mag\u00e1t, k\u00f6nnyed\u00e9n a fej\u00e9re kanyar\u00edtotta a kapucnit. Nem \u00e9rzett f\u00e1jdalmat. A hasa nem g\u00f6rcs\u00f6lt, a mellkasa nem szor\u00edtott t\u00f6bb\u00e9.<\/p>\n<p>Mez\u00edtl\u00e1basan l\u00e9pett vissza a szob\u00e1ba, az ablakon be\u00e1radt a m\u00e1rciusi nap \u00edg\u00e9retet hoz\u00f3 f\u00e9nye. Buk\u00f3ra nyitotta a ber\u00e1csozott szerkezet\u00e9t, \u00e9s mag\u00e1ba sz\u00edvta a friss, h\u0171v\u00f6s leveg\u0151t.<\/p>\n<p>Elmosolyodott. Mag\u00e1ban elhat\u00e1rozta, hogy t\u00e9nyleg megl\u00e1togatja a kertet, ami lassan \u00e9bredezett a kem\u00e9ny t\u00e9l ut\u00e1n.<\/p>\n<p>Karj\u00e1n v\u00e9gigsim\u00edtotta a k\u00f6nnyed anyagot. Polk\u00e1ra gondolt, aki \u00e1lm\u00e1ban elvesz\u00edtette a fels\u0151j\u00e9t. \u00c9ppen megrohant\u00e1k volna a gondolatok, amikor egy m\u00e9ly, ismeretlen hang sz\u00f3lalt meg a h\u00e1ta m\u00f6g\u00fcl. Isabel sz\u00edve kihagyott egy \u00fctemet, ahogy megfordult tengelye k\u00f6r\u00fcl.<\/p>\n<p>\u2013 Ez Polka cucca! \u2013 csattant fel a k\u00f6z\u00e9pen felzsel\u00e9zett haj\u00fa, borost\u00e1s idegen. T\u00f6k\u00e9letes, gyomorbizserget\u0151 arc\u00e9llel \u00e9s haragos, sz\u00fcrke szemekkel rendelkezdett. Magas\u00edtott gall\u00e9ros pal\u00e1stot viselt passzos fekete \u00f6lt\u00f6nye felett. Oldal\u00e1ra \u00f6vet csatoltak, amelyen egy m\u00edves f\u00e9mkard pihent.<\/p>\n<p>Isabel a falhoz lapult. A sz\u00e1ja el\u00e9 emelte a kez\u00e9t. Az ismeretlen f\u00e9rfi nagymam\u00e1ja kedvenc fotelj\u00e1ban terpeszkedett sz\u00e9tvetett l\u00e1bakkal. Megnyalta a sz\u00e1j\u00e1t, \u00e9s lassan felemelkedett Isabelhez. A l\u00e1nyn\u00e1l legal\u00e1bb egy fejjel magasabb volt, \u00e9rdekes illatot \u00e1rasztott mag\u00e1b\u00f3l, amit a l\u00e1ny m\u00e9g sohasem \u00e9rzett f\u00e9rfiakon. \u00c9rdekes volt, de ann\u00e1l kellemesebb, tal\u00e1n legink\u00e1bb a ny\u00e1ri \u00e9jszak\u00e1hoz hasonl\u00edtott.<\/p>\n<p>\u2013 Tudtad, \u2013 fogta meg a piros fels\u0151t. \u2013 hogy ebben az iz\u00e9ben nyomk\u00f6vet\u0151 van? Polk\u00e1hoz tartoz\u00f3 nyomk\u00f6vet\u0151! Polk\u00e1t kerestem, \u00e9s egyenesen ide ker\u00fcltem. Egy\u00e1ltal\u00e1n hol vagyunk?<\/p>\n<p>Isabel megk\u00f6sz\u00f6r\u00fclte a tork\u00e1t.<\/p>\n<p>\u2013 A Guthrie Towanda Memorial Hospitalban. Pennsylvania \u00e1llamban \u2013 rebegte v\u00e9kony hangon. \u2013 \u00c9s te ki vagy?<\/p>\n<p>A f\u00e9rfi egyetlen l\u00e9p\u00e9st h\u00e1tr\u00e1lt, majd visszan\u00e9zett a l\u00e1nyra. Szeme hirtelen s\u00f6t\u00e9tebb \u00e1rnyalatra v\u00e1ltott.<\/p>\n<p>\u2013 Ha m\u00e1r Polka szem\u00e9lyes cuccaiban turk\u00e1lsz, akkor tudhatn\u00e1d, hogy ki vagyok \u2013 fonta \u00f6ssze a karj\u00e1t sz\u00e9les mellkasa el\u0151tt.<\/p>\n<p>\u2013 Te vagy a Sk\u00f3t?<\/p>\n<p>\u2013 Na, nem is vagy te olyan buta l\u00e1ny! \u2013 csettintett egyet a nyelv\u00e9vel. \u2013 Azonnal sz\u00fcks\u00e9gem van p\u00e1r dologra, hogy visszavar\u00e1zsoljam magam oda, ahonnan j\u00f6ttem. \u00c9s persze Polka ruh\u00e1j\u00e1t is vissza kell adnod \u2013 ny\u00fajtotta fel\u00e9 a kez\u00e9t. \u2013 An\u00e9lk\u00fcl nem megy.<\/p>\n<p>Isabel hevesen megr\u00e1zta a fej\u00e9t. \u00c9vek \u00f3ta nem \u00e9rezte mag\u00e1t annyira eg\u00e9szs\u00e9gesnek, mint a var\u00e1zsruh\u00e1ban. A v\u00f6r\u00f6s kapucnis fels\u0151 meggy\u00f3gy\u00edtotta, a gyomra boldogan korgott, a feje kitisztult, nem volt t\u00f6bb\u00e9 gyenge teste b\u00f6rt\u00f6n\u00e9be z\u00e1rva.<\/p>\n<p>\u2013 Sz\u00f3val m\u00e9g makacs is vagy \u2013 horkantott fel.<\/p>\n<p>Kopog\u00e1s hangzott a szob\u00e1m ajtaj\u00e1n. Isabel tekintete azonnal a fali\u00f3r\u00e1ra siklott, ami delet mutatott. Meg\u00e9rkeztek a rokonai. A Sk\u00f3tra n\u00e9zett.<\/p>\n<p>\u2013 El kell b\u00fajnod! \u2013 k\u00f6ny\u00f6rg\u00f6tt a l\u00e1ny. \u2013 Ut\u00e1na odaadom a k\u00f6nt\u00f6st! De nem l\u00e1that meg a nagymam\u00e1m!<\/p>\n<p>\u2013 \u00c9szrevetted, hogy parancsolgatsz nekem, kisl\u00e1ny?<\/p>\n<p>Isabel azonnal tolni kezdte a f\u00e9rfit a f\u00fcrd\u0151szoba fel\u00e9. Igazi fizikai meger\u0151ltet\u00e9s volt, de meg sem kottyant neki.<\/p>\n<p>\u2013 M\u00e9g a v\u00e9g\u00e9n \u00f6r\u00f6kre itt maradsz, hogyha nem seg\u00edtek neked \u2013 jegyezte meg Isabel, \u00e9s szorosan a h\u00e1borg\u00f3 Sk\u00f3tra csukta a f\u00fcrd\u0151szoba steril ajtaj\u00e1t.<\/p>\n<p>Sz\u00ednlelten d\u00f6rzs\u00f6lte a szem\u00e9t nagymam\u00e1ja \u00e9s anyuk\u00e1ja el\u0151tt, hatalmasat \u00e1s\u00edtott.<\/p>\n<p>\u2013 Csak nem most kelt\u00e9l fel, kisasszony? \u2013 csicseregte \u00e9l\u00e9nk\u00e9k koszt\u00fcmbe \u00f6lt\u00f6z\u00f6tt \u00e9desanyja.<\/p>\n<p>\u2013 Mez\u00edtl\u00e1basan \u00e1llsz a csemp\u00e9n? \u2013 sip\u00edtotta a nagymama, majd botj\u00e1val azonnal utat t\u00f6rt a szob\u00e1ba. \u2013 \u00c9s m\u00e9g az ablak is nyitva \u00e1ll? Meg akarok \u00f6lni magad?<\/p>\n<p>\u2013 \u00c9s mi rajtad ez a furcsa hacuka?<\/p>\n<p>Isabel csak \u00e1llt a hideg csemp\u00e9n, kez\u00e9vel simogatta a fels\u0151t, \u00e9s nem tudott m\u00e1st tenni csak mosolygott. Sz\u00e9lesen mosolygott, majd ahogy a Sk\u00f3tra gondolt, azonnal hangosan elnevette mag\u00e1t.<\/p>\n<p>&nbsp;<\/p>\n<p><a href=\"https:\/\/i0.wp.com\/szaszkogabriella.com\/wp-content\/uploads\/2016\/01\/a98ac7768b3d065c42c265ce9e4ce44e.jpg\" rel=\"attachment wp-att-1132\"><img data-attachment-id=\"1132\" data-permalink=\"http:\/\/szaszkogabriella.com\/index.php\/hu\/2016\/01\/26\/felejto-4\/a98ac7768b3d065c42c265ce9e4ce44e\/\" data-orig-file=\"https:\/\/i0.wp.com\/szaszkogabriella.com\/wp-content\/uploads\/2016\/01\/a98ac7768b3d065c42c265ce9e4ce44e.jpg?fit=672%2C372\" data-orig-size=\"672,372\" data-comments-opened=\"1\" data-image-meta=\"{&quot;aperture&quot;:&quot;0&quot;,&quot;credit&quot;:&quot;&quot;,&quot;camera&quot;:&quot;&quot;,&quot;caption&quot;:&quot;&quot;,&quot;created_timestamp&quot;:&quot;0&quot;,&quot;copyright&quot;:&quot;&quot;,&quot;focal_length&quot;:&quot;0&quot;,&quot;iso&quot;:&quot;0&quot;,&quot;shutter_speed&quot;:&quot;0&quot;,&quot;title&quot;:&quot;&quot;,&quot;orientation&quot;:&quot;0&quot;}\" data-image-title=\"a98ac7768b3d065c42c265ce9e4ce44e\" data-image-description=\"\" data-medium-file=\"https:\/\/i0.wp.com\/szaszkogabriella.com\/wp-content\/uploads\/2016\/01\/a98ac7768b3d065c42c265ce9e4ce44e.jpg?fit=300%2C166\" data-large-file=\"https:\/\/i0.wp.com\/szaszkogabriella.com\/wp-content\/uploads\/2016\/01\/a98ac7768b3d065c42c265ce9e4ce44e.jpg?fit=560%2C310\" decoding=\"async\" loading=\"lazy\" class=\"aligncenter size-full wp-image-1132\" src=\"https:\/\/i0.wp.com\/szaszkogabriella.com\/wp-content\/uploads\/2016\/01\/a98ac7768b3d065c42c265ce9e4ce44e.jpg?resize=560%2C310\" alt=\"a98ac7768b3d065c42c265ce9e4ce44e\" width=\"560\" height=\"310\" srcset=\"https:\/\/i0.wp.com\/szaszkogabriella.com\/wp-content\/uploads\/2016\/01\/a98ac7768b3d065c42c265ce9e4ce44e.jpg?w=672 672w, https:\/\/i0.wp.com\/szaszkogabriella.com\/wp-content\/uploads\/2016\/01\/a98ac7768b3d065c42c265ce9e4ce44e.jpg?resize=300%2C166 300w\" sizes=\"(max-width: 560px) 100vw, 560px\" data-recalc-dims=\"1\" \/><\/a><\/p>\n","protected":false},"excerpt":{"rendered":"<p>Ezen a h\u00e9ten t\u0151lem olvashatj\u00e1tok a Felejt\u0151 negyedik r\u00e9sz\u00e9t. Rem\u00e9lj\u00fck, hogy tetszik az \u00faj t\u00f6rt\u00e9net! &nbsp; Isabel tompa fejf\u00e1j\u00e1ssal, kisz\u00e1radt, savany\u00fa \u00edz\u0171 sz\u00e1jjal \u00e9bredt a n\u0151v\u00e9rke hangj\u00e1ra. A fekete haj\u00fa, harmincas \u00e9veiben j\u00e1r\u00f3 l\u00e1ny mindig biztat\u00f3 szavakkal l\u00e1tta el a &hellip; <a class=\"more-link\" href=\"http:\/\/szaszkogabriella.com\/index.php\/hu\/2016\/01\/26\/felejto-4\/\">Continue reading <span class=\"meta-nav\">&rarr;<\/span><\/a><\/p>\n","protected":false},"author":1,"featured_media":1132,"comment_status":"open","ping_status":"open","sticky":false,"template":"","format":"standard","meta":{"spay_email":"","jetpack_publicize_message":"A h\u00e9ten \u00e9n mer\u00fcltem bele a Felejt\u0151be :)","jetpack_is_tweetstorm":false},"categories":[464],"tags":[465,6,4],"yoast_head":"<!-- This site is optimized with the Yoast SEO plugin v16.2 - https:\/\/yoast.com\/wordpress\/plugins\/seo\/ -->\n<meta name=\"robots\" content=\"index, follow, max-snippet:-1, max-image-preview:large, max-video-preview:-1\" \/>\n<link rel=\"canonical\" href=\"http:\/\/szaszkogabriella.com\/index.php\/hu\/2016\/01\/26\/felejto-4\/\" \/>\n<meta property=\"og:locale\" content=\"en_US\" \/>\n<meta property=\"og:type\" content=\"article\" \/>\n<meta property=\"og:title\" content=\"Felejt\u0151 4. - Szaszk\u00f3 Gabriella\" \/>\n<meta property=\"og:description\" content=\"Ezen a h\u00e9ten t\u0151lem olvashatj\u00e1tok a Felejt\u0151 negyedik r\u00e9sz\u00e9t. Rem\u00e9lj\u00fck, hogy tetszik az \u00faj t\u00f6rt\u00e9net! &nbsp; Isabel tompa fejf\u00e1j\u00e1ssal, kisz\u00e1radt, savany\u00fa \u00edz\u0171 sz\u00e1jjal \u00e9bredt a n\u0151v\u00e9rke hangj\u00e1ra. A fekete haj\u00fa, harmincas \u00e9veiben j\u00e1r\u00f3 l\u00e1ny mindig biztat\u00f3 szavakkal l\u00e1tta el a &hellip; Continue reading &rarr;\" \/>\n<meta property=\"og:url\" content=\"http:\/\/szaszkogabriella.com\/index.php\/hu\/2016\/01\/26\/felejto-4\/\" \/>\n<meta property=\"og:site_name\" content=\"Szaszk\u00f3 Gabriella\" \/>\n<meta property=\"article:author\" content=\"https:\/\/www.facebook.com\/gabriellaszaszkoswriting\" \/>\n<meta property=\"article:published_time\" content=\"2016-01-26T16:00:01+00:00\" \/>\n<meta property=\"article:modified_time\" content=\"2016-01-26T13:34:15+00:00\" \/>\n<meta property=\"og:image\" content=\"https:\/\/i0.wp.com\/szaszkogabriella.com\/wp-content\/uploads\/2016\/01\/a98ac7768b3d065c42c265ce9e4ce44e.jpg?fit=672%2C372\" \/>\n\t<meta property=\"og:image:width\" content=\"672\" \/>\n\t<meta property=\"og:image:height\" content=\"372\" \/>\n<meta name=\"twitter:card\" content=\"summary\" \/>\n<meta name=\"twitter:label1\" content=\"Est. reading time\">\n\t<meta name=\"twitter:data1\" content=\"6 minutes\">\n<script type=\"application\/ld+json\" class=\"yoast-schema-graph\">{\"@context\":\"https:\/\/schema.org\",\"@graph\":[{\"@type\":\"WebSite\",\"@id\":\"https:\/\/szaszkogabriella.com\/index.php\/en\/about-me\/#website\",\"url\":\"https:\/\/szaszkogabriella.com\/index.php\/en\/about-me\/\",\"name\":\"Szaszk\\u00f3 Gabriella\",\"description\":\"\",\"potentialAction\":[{\"@type\":\"SearchAction\",\"target\":\"https:\/\/szaszkogabriella.com\/index.php\/en\/about-me\/?s={search_term_string}\",\"query-input\":\"required name=search_term_string\"}],\"inLanguage\":\"en-US\"},{\"@type\":\"ImageObject\",\"@id\":\"http:\/\/szaszkogabriella.com\/index.php\/hu\/2016\/01\/26\/felejto-4\/#primaryimage\",\"inLanguage\":\"en-US\",\"url\":\"https:\/\/i0.wp.com\/szaszkogabriella.com\/wp-content\/uploads\/2016\/01\/a98ac7768b3d065c42c265ce9e4ce44e.jpg?fit=672%2C372\",\"contentUrl\":\"https:\/\/i0.wp.com\/szaszkogabriella.com\/wp-content\/uploads\/2016\/01\/a98ac7768b3d065c42c265ce9e4ce44e.jpg?fit=672%2C372\",\"width\":672,\"height\":372},{\"@type\":\"WebPage\",\"@id\":\"http:\/\/szaszkogabriella.com\/index.php\/hu\/2016\/01\/26\/felejto-4\/#webpage\",\"url\":\"http:\/\/szaszkogabriella.com\/index.php\/hu\/2016\/01\/26\/felejto-4\/\",\"name\":\"Felejt\\u0151 4. - Szaszk\\u00f3 Gabriella\",\"isPartOf\":{\"@id\":\"https:\/\/szaszkogabriella.com\/index.php\/en\/about-me\/#website\"},\"primaryImageOfPage\":{\"@id\":\"http:\/\/szaszkogabriella.com\/index.php\/hu\/2016\/01\/26\/felejto-4\/#primaryimage\"},\"datePublished\":\"2016-01-26T16:00:01+00:00\",\"dateModified\":\"2016-01-26T13:34:15+00:00\",\"author\":{\"@id\":\"https:\/\/szaszkogabriella.com\/index.php\/en\/about-me\/#\/schema\/person\/f1bfdb90405c070d18b4cda6cb2d97e7\"},\"breadcrumb\":{\"@id\":\"http:\/\/szaszkogabriella.com\/index.php\/hu\/2016\/01\/26\/felejto-4\/#breadcrumb\"},\"inLanguage\":\"en-US\",\"potentialAction\":[{\"@type\":\"ReadAction\",\"target\":[\"http:\/\/szaszkogabriella.com\/index.php\/hu\/2016\/01\/26\/felejto-4\/\"]}]},{\"@type\":\"BreadcrumbList\",\"@id\":\"http:\/\/szaszkogabriella.com\/index.php\/hu\/2016\/01\/26\/felejto-4\/#breadcrumb\",\"itemListElement\":[{\"@type\":\"ListItem\",\"position\":1,\"item\":{\"@type\":\"WebPage\",\"@id\":\"https:\/\/szaszkogabriella.com\/index.php\/en\/about-me\/\",\"url\":\"https:\/\/szaszkogabriella.com\/index.php\/en\/about-me\/\",\"name\":\"Home\"}},{\"@type\":\"ListItem\",\"position\":2,\"item\":{\"@id\":\"http:\/\/szaszkogabriella.com\/index.php\/hu\/2016\/01\/26\/felejto-4\/#webpage\"}}]},{\"@type\":\"Person\",\"@id\":\"https:\/\/szaszkogabriella.com\/index.php\/en\/about-me\/#\/schema\/person\/f1bfdb90405c070d18b4cda6cb2d97e7\",\"name\":\"Gabriella\",\"image\":{\"@type\":\"ImageObject\",\"@id\":\"https:\/\/szaszkogabriella.com\/index.php\/en\/about-me\/#personlogo\",\"inLanguage\":\"en-US\",\"url\":\"http:\/\/2.gravatar.com\/avatar\/ed8f7419b959f303647d2997795ba3b4?s=96&d=mm&r=g\",\"contentUrl\":\"http:\/\/2.gravatar.com\/avatar\/ed8f7419b959f303647d2997795ba3b4?s=96&d=mm&r=g\",\"caption\":\"Gabriella\"},\"sameAs\":[\"http:\/\/szaszkogabriella.com\/\",\"https:\/\/www.facebook.com\/gabriellaszaszkoswriting\"]}]}<\/script>\n<!-- \/ Yoast SEO plugin. -->","jetpack_featured_media_url":"https:\/\/i0.wp.com\/szaszkogabriella.com\/wp-content\/uploads\/2016\/01\/a98ac7768b3d065c42c265ce9e4ce44e.jpg?fit=672%2C372","jetpack_publicize_connections":[],"jetpack_sharing_enabled":true,"jetpack_shortlink":"https:\/\/wp.me\/p6aBpy-id","jetpack_likes_enabled":true,"jetpack-related-posts":[{"id":1004,"url":"http:\/\/szaszkogabriella.com\/index.php\/hu\/2015\/09\/11\/paros-pentek-prompt-friday-2\/","url_meta":{"origin":1129,"position":0},"title":"P\u00e1ros P\u00e9ntek - Prompt Friday","date":"September 11, 2015","format":false,"excerpt":"Today prompt is the following: \"A kid comes out of the school bathroom with toilet paper dangling from his or her waistband.\" My fantasy went really funny yesterday, so my souliton is about a strange monster who lives in the school bathroom. You can find Fanni's piece in Ink, Maps\u2026","rel":"","context":"In &quot;In English&quot;","img":{"alt_text":"","src":"","width":0,"height":0},"classes":[]}],"_links":{"self":[{"href":"http:\/\/szaszkogabriella.com\/index.php\/wp-json\/wp\/v2\/posts\/1129"}],"collection":[{"href":"http:\/\/szaszkogabriella.com\/index.php\/wp-json\/wp\/v2\/posts"}],"about":[{"href":"http:\/\/szaszkogabriella.com\/index.php\/wp-json\/wp\/v2\/types\/post"}],"author":[{"embeddable":true,"href":"http:\/\/szaszkogabriella.com\/index.php\/wp-json\/wp\/v2\/users\/1"}],"replies":[{"embeddable":true,"href":"http:\/\/szaszkogabriella.com\/index.php\/wp-json\/wp\/v2\/comments?post=1129"}],"version-history":[{"count":2,"href":"http:\/\/szaszkogabriella.com\/index.php\/wp-json\/wp\/v2\/posts\/1129\/revisions"}],"predecessor-version":[{"id":1136,"href":"http:\/\/szaszkogabriella.com\/index.php\/wp-json\/wp\/v2\/posts\/1129\/revisions\/1136"}],"wp:featuredmedia":[{"embeddable":true,"href":"http:\/\/szaszkogabriella.com\/index.php\/wp-json\/wp\/v2\/media\/1132"}],"wp:attachment":[{"href":"http:\/\/szaszkogabriella.com\/index.php\/wp-json\/wp\/v2\/media?parent=1129"}],"wp:term":[{"taxonomy":"category","embeddable":true,"href":"http:\/\/szaszkogabriella.com\/index.php\/wp-json\/wp\/v2\/categories?post=1129"},{"taxonomy":"post_tag","embeddable":true,"href":"http:\/\/szaszkogabriella.com\/index.php\/wp-json\/wp\/v2\/tags?post=1129"}],"curies":[{"name":"wp","href":"https:\/\/api.w.org\/{rel}","templated":true}]}}