{"id":1950,"date":"2017-12-14T11:00:47","date_gmt":"2017-12-14T10:00:47","guid":{"rendered":"http:\/\/szaszkogabriella.com\/?p=1950"},"modified":"2017-12-14T12:12:43","modified_gmt":"2017-12-14T11:12:43","slug":"tizenket-konyv-az-ev-tizenket-honapjara-2017","status":"publish","type":"post","link":"http:\/\/szaszkogabriella.com\/index.php\/hu\/2017\/12\/14\/tizenket-konyv-az-ev-tizenket-honapjara-2017\/","title":{"rendered":"Tizenk\u00e9t k\u00f6nyv az \u00e9v tizenk\u00e9t h\u00f3napj\u00e1ra &#8211; 2017"},"content":{"rendered":"<p style=\"text-align: justify;\">M\u00e1r hagyom\u00e1nynak sz\u00e1m\u00edt n\u00e1lam, hogy mindig december kiv\u00e1lasztok 12 k\u00f6nyvet az \u00e9vemb\u0151l, amik a legjobban tetszettek, a legnagyobb hat\u00e1st gyakorolt\u00e1k r\u00e1m. Id\u00e9n nem lesz egyszer\u0171 dolgom, ugyanis m\u00e1r 62 k\u00f6nyvn\u00e9l tartok az olvas\u00e1sban, \u00e9s m\u00e9g biztosan be fogok fejezni p\u00e1rat, de igyekszem csak tizenk\u00e9t darabot kiemelni.<\/p>\n<p><a href=\"https:\/\/i2.wp.com\/szaszkogabriella.com\/wp-content\/uploads\/2017\/12\/74624.jpg\"><img data-attachment-id=\"1960\" data-permalink=\"http:\/\/szaszkogabriella.com\/index.php\/hu\/2017\/12\/14\/tizenket-konyv-az-ev-tizenket-honapjara-2017\/attachment\/74624\/\" data-orig-file=\"https:\/\/i2.wp.com\/szaszkogabriella.com\/wp-content\/uploads\/2017\/12\/74624.jpg?fit=700%2C393\" data-orig-size=\"700,393\" data-comments-opened=\"1\" data-image-meta=\"{&quot;aperture&quot;:&quot;0&quot;,&quot;credit&quot;:&quot;&quot;,&quot;camera&quot;:&quot;&quot;,&quot;caption&quot;:&quot;Image processed by CodeCarvings Piczard ### FREE Community Edition ### on 2017-04-20 14:46:27Z | http:\\\/\\\/piczard.com | http:\\\/\\\/codecarvings.com&quot;,&quot;created_timestamp&quot;:&quot;0&quot;,&quot;copyright&quot;:&quot;&quot;,&quot;focal_length&quot;:&quot;0&quot;,&quot;iso&quot;:&quot;0&quot;,&quot;shutter_speed&quot;:&quot;0&quot;,&quot;title&quot;:&quot;&quot;,&quot;orientation&quot;:&quot;0&quot;}\" data-image-title=\"74624\" data-image-description=\"\" data-medium-file=\"https:\/\/i2.wp.com\/szaszkogabriella.com\/wp-content\/uploads\/2017\/12\/74624.jpg?fit=300%2C168\" data-large-file=\"https:\/\/i2.wp.com\/szaszkogabriella.com\/wp-content\/uploads\/2017\/12\/74624.jpg?fit=560%2C314\" decoding=\"async\" loading=\"lazy\" class=\"aligncenter wp-image-1960 size-full\" src=\"https:\/\/i2.wp.com\/szaszkogabriella.com\/wp-content\/uploads\/2017\/12\/74624.jpg?resize=560%2C314\" alt=\"\" width=\"560\" height=\"314\" srcset=\"https:\/\/i2.wp.com\/szaszkogabriella.com\/wp-content\/uploads\/2017\/12\/74624.jpg?w=700 700w, https:\/\/i2.wp.com\/szaszkogabriella.com\/wp-content\/uploads\/2017\/12\/74624.jpg?resize=300%2C168 300w\" sizes=\"(max-width: 560px) 100vw, 560px\" data-recalc-dims=\"1\" \/><\/a><\/p>\n<p style=\"text-align: justify;\">Egy kis aranyos Goodreads statisztika az olvas\u00e1saimr\u00f3l: k\u00f6r\u00fclbel\u00fcl 20 589 oldalt olvastam el az id\u00e9n, a leghosszabb k\u00f6nyvem Neil Gaiman Amerikai istenek k\u00f6nyve volt, a legr\u00f6videbb Thomas Mannt\u00f3l a Mario \u00e9s a var\u00e1zsl\u00f3. A 62 k\u00f6nyvb\u0151l 19-et hallgattam meg angolul, hangosk\u00f6nyvk\u00e9nt \ud83d\ude42<br \/>\n\u00c9s most j\u00f6n a nehezebb r\u00e9sze: az aj\u00e1nl\u00f3! A lista igaz\u00e1n vegyes, tartalmaz mindenf\u00e9le csod\u00e1t. Ha \u00e9rdekel titeket a 2016-os, akkor<a href=\"http:\/\/szaszkogabriella.com\/index.php\/hu\/2015\/12\/29\/tizenket-konyv-az-ev-minden-honapjara\/\"> kattintsatok ide<\/a>.<\/p>\n<p style=\"text-align: justify;\">Janu\u00e1r<br \/>\n<a href=\"https:\/\/moly.hu\/konyvek\/ruta-sepetys-tengerbe-veszett-konnyek\">Ruta Sepetys: Tengerbe veszett k\u00f6nnyek (Salt to the Sea)<br \/>\n<\/a><\/p>\n<p style=\"text-align: justify;\">Az els\u0151 k\u00f6nyvem volt Ruta Sepetyst\u0151l, de biztosan nem az utols\u00f3. Igazi t\u00e9li k\u00f6nyv, amit nem lehetett letenni, megr\u00e1z\u00f3, felkavar\u00f3 \u00e9s fontos egy hom\u00e1lyba veszett m\u00e1sodik vil\u00e1gh\u00e1bor\u00fas t\u00f6rt\u00e9n\u00e9sr\u0151l. Sok esetben nehezen veszem k\u00e9zben a t\u00f6rt\u00e9nelmi k\u00f6nyveket, de ez teljesen mag\u00e1val ragadott \u00e9s elvar\u00e1zsolt.<\/p>\n<p style=\"text-align: justify;\">Febru\u00e1r<br \/>\n<a href=\"https:\/\/moly.hu\/konyvek\/ania-ahlborn-vertestverek\">Ania Ahlborn: V\u00e9rtestv\u00e9rek (Brother)<\/a><\/p>\n<p style=\"text-align: justify;\">Szeretem Ania Ahlborn k\u00f6nyveit, ez pedig egy\u00e9rtelm\u0171 volt, hogy felker\u00fcl a list\u00e1ra. Igazi beteg horror-k\u00f6nyv v\u00e9rfert\u0151z\u00e9ssel, gyilkoss\u00e1ggal, \u0151r\u00fclt csal\u00e1di dinamik\u00e1val. Csak er\u0151s idegzet\u0171eknek aj\u00e1nlott.<\/p>\n<p><a href=\"https:\/\/i0.wp.com\/szaszkogabriella.com\/wp-content\/uploads\/2017\/12\/Winter-Books.jpg\"><img data-attachment-id=\"1962\" data-permalink=\"http:\/\/szaszkogabriella.com\/index.php\/hu\/2017\/12\/14\/tizenket-konyv-az-ev-tizenket-honapjara-2017\/winter-books\/\" data-orig-file=\"https:\/\/i0.wp.com\/szaszkogabriella.com\/wp-content\/uploads\/2017\/12\/Winter-Books.jpg?fit=1157%2C770\" data-orig-size=\"1157,770\" data-comments-opened=\"1\" data-image-meta=\"{&quot;aperture&quot;:&quot;0&quot;,&quot;credit&quot;:&quot;&quot;,&quot;camera&quot;:&quot;&quot;,&quot;caption&quot;:&quot;&quot;,&quot;created_timestamp&quot;:&quot;0&quot;,&quot;copyright&quot;:&quot;&quot;,&quot;focal_length&quot;:&quot;0&quot;,&quot;iso&quot;:&quot;0&quot;,&quot;shutter_speed&quot;:&quot;0&quot;,&quot;title&quot;:&quot;&quot;,&quot;orientation&quot;:&quot;0&quot;}\" data-image-title=\"Winter-Books\" data-image-description=\"\" data-medium-file=\"https:\/\/i0.wp.com\/szaszkogabriella.com\/wp-content\/uploads\/2017\/12\/Winter-Books.jpg?fit=300%2C200\" data-large-file=\"https:\/\/i0.wp.com\/szaszkogabriella.com\/wp-content\/uploads\/2017\/12\/Winter-Books.jpg?fit=560%2C372\" decoding=\"async\" loading=\"lazy\" class=\"aligncenter size-full wp-image-1962\" src=\"https:\/\/i0.wp.com\/szaszkogabriella.com\/wp-content\/uploads\/2017\/12\/Winter-Books.jpg?resize=560%2C373\" alt=\"\" width=\"560\" height=\"373\" srcset=\"https:\/\/i0.wp.com\/szaszkogabriella.com\/wp-content\/uploads\/2017\/12\/Winter-Books.jpg?w=1157 1157w, https:\/\/i0.wp.com\/szaszkogabriella.com\/wp-content\/uploads\/2017\/12\/Winter-Books.jpg?resize=300%2C200 300w, https:\/\/i0.wp.com\/szaszkogabriella.com\/wp-content\/uploads\/2017\/12\/Winter-Books.jpg?resize=768%2C511 768w, https:\/\/i0.wp.com\/szaszkogabriella.com\/wp-content\/uploads\/2017\/12\/Winter-Books.jpg?resize=1024%2C681 1024w\" sizes=\"(max-width: 560px) 100vw, 560px\" data-recalc-dims=\"1\" \/><\/a><\/p>\n<p style=\"text-align: justify;\">M\u00e1rcius<br \/>\n<a href=\"https:\/\/moly.hu\/konyvek\/liane-moriarty-hatalmas-kis-hazugsagok\">Liane Moriarty: Hatalmas kis hazugs\u00e1gok (Big Little Lies)<\/a><\/p>\n<p style=\"text-align: justify;\">Szint\u00e9n, ez volt az els\u0151 Liane Moriarty k\u00f6nyvem, de biztos vagyok benne, hogy m\u00e9g olvasni fogok t\u0151le. Azt hiszem, ha egyetlen k\u00f6nyvet kellene v\u00e1lasztanom az \u00e9vre, akkor ez lenne az. Moriarty elk\u00e9peszt\u0151en szarkasztikus st\u00edlussal \u00e9s ir\u00f3ni\u00e1val olyan szuper k\u00f6nyvet alkotott a kisgyerekes anyuk\u00e1kr\u00f3l \u00e9s a csal\u00e1di gondokr\u00f3l, hogy teljesen beleszerettem. A k\u00f6nyv mell\u00e9 m\u00e9g a sorozatot is szeretettel aj\u00e1nlom!<\/p>\n<p style=\"text-align: justify;\">\u00c1prilis<br \/>\n<a href=\"https:\/\/moly.hu\/konyvek\/emily-bronte-uvolto-szelek\">Emily Bronte: \u00dcv\u00f6lt\u0151 szelek (Wuthering Heights)<\/a><\/p>\n<p style=\"text-align: justify;\">Nagyon szerettem ezt a k\u00f6nyvet, m\u00e9g akkor is, hogyha lass\u00fa foly\u00e1s\u00fa, t\u00f6bb gener\u00e1ci\u00f3t \u00e1t\u00edvel\u0151, sz\u00e9pen elny\u00fal\u00f3 reg\u00e9nyr\u0151l van sz\u00f3. Igaz\u00e1n hangulatos, aj\u00e1nlatom a hideg tavaszi napokra, hogyha szeretn\u00e9tek visszany\u00falni a klasszikusokhoz.<\/p>\n<p style=\"text-align: justify;\">M\u00e1jus<br \/>\n<a href=\"https:\/\/moly.hu\/konyvek\/jeannette-walls-half-broke-horses\">Jeanette Walls: Half Broke Horses<\/a><\/p>\n<p style=\"text-align: justify;\">\u00dagy fest, hogy Jeanette Walls b\u00e1rmit \u00edr, az engem teljesen leny\u0171g\u00f6z. Ezzel a csal\u00e1di t\u00f6rt\u00e9net\u00e9vel visszarep\u00edt minket a huszadik sz\u00e1zad elej\u00e9re, bemutatja talpraesett nagymam\u00e1j\u00e1t, aki igazi p\u00e9ldak\u00e9pk\u00e9nt szolg\u00e1lhat. Az eg\u00e9sz k\u00f6nyvet belengi az \u00e9l\u0151 t\u00f6rt\u00e9nelem, a d\u00e9li Egyes\u00fclt \u00c1llamok k\u00fcl\u00f6n\u00f6s vil\u00e1ga.<\/p>\n<p style=\"text-align: justify;\">J\u00fanius<br \/>\n<a href=\"https:\/\/moly.hu\/konyvek\/emily-elgar-tokeletes-hazugsag\">Emily Elgar: T\u00f6k\u00e9letes hazugs\u00e1g (If You Knew Her)<\/a><\/p>\n<p style=\"text-align: justify;\">Szem\u00e9ly szerint nekem nagyon tetszett Emily Elgar els\u0151 k\u00f6nyve, amelynek egy g\u00e1zol\u00e1sos eset \u00e1ll a k\u00f6z\u00e9ppontj\u00e1ban, h\u00e1rom n\u00e9z\u0151pont karakterrel. Nekem legink\u00e1bb a Locked-in-Syndrome \u00e9s az \u00e1pol\u00e1si oszt\u00e1ly \u00e9lete tetszett a k\u00f6nyvben, aki szereti a thrillereket, szerintem ebben sem fog csal\u00f3dni.<\/p>\n<p style=\"text-align: justify;\">J\u00falius<br \/>\n<a href=\"https:\/\/moly.hu\/konyvek\/katja-millay-the-sea-of-tranquility-nyugalom-tengere\">Katja Millay: The Sea of Tranquility &#8211; A nyugalom tengere<\/a><\/p>\n<p style=\"text-align: justify;\">Nem vagyok egy nagy YA-rajong\u00f3, de mindig rengeteg ilyen jelleg\u0171 k\u00f6nyvet olvasok, \u00e9s Katja Millay k\u00f6nyve elb\u0171v\u00f6lt, f\u0151leg, mert Nastya \u00e9s Josh Bennett karaktere igaz\u00e1n elvitt\u00e9k a t\u00f6rt\u00e9net\u00e9t. Mindenkinek aj\u00e1nlom, aki szereti a Young Adult k\u00f6nyveket.<\/p>\n<p style=\"text-align: justify;\">Augusztus<br \/>\n<a href=\"https:\/\/moly.hu\/konyvek\/stephen-king-agykontroll\">Stephen King: Agykontroll (The End of Watch)<\/a><\/p>\n<p style=\"text-align: justify;\">Bill Hodges utols\u00f3 k\u00f6nyve sem okozott sz\u00e1momra csal\u00f3d\u00e1st, \u00e9rdekes volt, hogy beleker\u00fclt a harmadikba egy kis term\u00e9szetfeletti is. Aki m\u00e9g nem ismeri King nyomoz\u00f3s sorozat\u00e1t, annak szeretettel aj\u00e1nlom a t\u00e9v\u00e9-sorozatot is, ami szerintem szuper\u00fcl siker\u00fclt.<\/p>\n<p><a href=\"https:\/\/i1.wp.com\/szaszkogabriella.com\/wp-content\/uploads\/2017\/12\/winter-book-list.jpg\"><img data-attachment-id=\"1961\" data-permalink=\"http:\/\/szaszkogabriella.com\/index.php\/hu\/2017\/12\/14\/tizenket-konyv-az-ev-tizenket-honapjara-2017\/winter-book-list\/\" data-orig-file=\"https:\/\/i1.wp.com\/szaszkogabriella.com\/wp-content\/uploads\/2017\/12\/winter-book-list.jpg?fit=1000%2C750\" data-orig-size=\"1000,750\" data-comments-opened=\"1\" data-image-meta=\"{&quot;aperture&quot;:&quot;0&quot;,&quot;credit&quot;:&quot;&quot;,&quot;camera&quot;:&quot;&quot;,&quot;caption&quot;:&quot;&quot;,&quot;created_timestamp&quot;:&quot;0&quot;,&quot;copyright&quot;:&quot;&quot;,&quot;focal_length&quot;:&quot;0&quot;,&quot;iso&quot;:&quot;0&quot;,&quot;shutter_speed&quot;:&quot;0&quot;,&quot;title&quot;:&quot;&quot;,&quot;orientation&quot;:&quot;1&quot;}\" data-image-title=\"winter-book-list\" data-image-description=\"\" data-medium-file=\"https:\/\/i1.wp.com\/szaszkogabriella.com\/wp-content\/uploads\/2017\/12\/winter-book-list.jpg?fit=300%2C225\" data-large-file=\"https:\/\/i1.wp.com\/szaszkogabriella.com\/wp-content\/uploads\/2017\/12\/winter-book-list.jpg?fit=560%2C420\" decoding=\"async\" loading=\"lazy\" class=\"aligncenter size-full wp-image-1961\" src=\"https:\/\/i1.wp.com\/szaszkogabriella.com\/wp-content\/uploads\/2017\/12\/winter-book-list.jpg?resize=560%2C420\" alt=\"\" width=\"560\" height=\"420\" srcset=\"https:\/\/i1.wp.com\/szaszkogabriella.com\/wp-content\/uploads\/2017\/12\/winter-book-list.jpg?w=1000 1000w, https:\/\/i1.wp.com\/szaszkogabriella.com\/wp-content\/uploads\/2017\/12\/winter-book-list.jpg?resize=300%2C225 300w, https:\/\/i1.wp.com\/szaszkogabriella.com\/wp-content\/uploads\/2017\/12\/winter-book-list.jpg?resize=768%2C576 768w\" sizes=\"(max-width: 560px) 100vw, 560px\" data-recalc-dims=\"1\" \/><\/a><\/p>\n<p style=\"text-align: justify;\">Szeptember<br \/>\n<a href=\"https:\/\/moly.hu\/konyvek\/kelly-braffet-save-yourself\">Kelly Braffet: Save Yourself<\/a><\/p>\n<p style=\"text-align: justify;\">Kelly Braffet bizony Stephen King menye, Owen King feles\u00e9ge (rengeteg \u00edr\u00f3 leledzik ebben a csal\u00e1dban), \u00e9s \u00e9n od\u00e1ig voltam a Save Yourself\u00e9rt, m\u00e9g akkor is, hogyha a t\u00f6rt\u00e9net fel\u00e9p\u00edt\u00e9s\u00e9vel voltak gondjaim. A karakterek viszont teljesen elb\u0171v\u00f6ltek, igaz\u00e1n sz\u00f3rakoztat\u00f3 thriller, igazi probl\u00e9m\u00e1kkal, szerintem szuper.<\/p>\n<p style=\"text-align: justify;\">Okt\u00f3ber<br \/>\n<a href=\"https:\/\/moly.hu\/konyvek\/kai-meyer-a-betu-magusa\">Kai Meyer: A bet\u0171 m\u00e1gusa (Die Seiten der Welt)<\/a><\/p>\n<p style=\"text-align: justify;\">Legyen itt egy fantasy is, r\u00e1ad\u00e1sul YA-fantasy, ami igaz\u00e1n kiesik az \u00e9n olvas\u00e1si k\u00f6r\u00f6mb\u0151l. A bet\u0171 m\u00e1gusa viszont nagyon b\u00e1jos, var\u00e1zslatos vil\u00e1gba visz el benn\u00fcnket, ahol minden a k\u00f6nyvekr\u0151l sz\u00f3l. Igaz\u00e1n sz\u00e9pen meg\u00edrt, j\u00f3 hangulat\u00fa k\u00f6nyv, \u00edgy felker\u00fclt a list\u00e1mra is.<\/p>\n<p style=\"text-align: justify;\">November<br \/>\n<a href=\"https:\/\/moly.hu\/konyvek\/matthew-j-sullivan-midnight-at-the-bright-ideas-bookstore\">Matthew J. Sullivan: Midnight at the Bright Ideas Bookstore<\/a><\/p>\n<p style=\"text-align: justify;\">Ez is nagyon szuper hangulat\u00fa k\u00f6nyves k\u00f6nyv. Lassan fel\u00e9p\u00fcl\u0151, hangulatos misztikus thriller egy r\u00e9gi gyilkoss\u00e1ggal, egy igazi rejt\u00e9llyel \u00e9s szint\u00e9n sok-sok k\u00f6nyvvel \u00e9s komoly t\u00e9m\u00e1kkal.<\/p>\n<p style=\"text-align: justify;\">December<br \/>\n<a href=\"https:\/\/moly.hu\/konyvek\/angie-thomas-the-hate-u-give-a-gyulolet-amit-adtal\">Angie Thomas: The Hate U Gave<\/a><\/p>\n<p style=\"text-align: justify;\">A v\u00e9g\u00e9re egy fontos k\u00f6nyvet hagytam. Jelent\u0151s\u00e9gteljes, igazi YA-k\u00f6nyv, komoly probl\u00e9m\u00e1kkal. A k\u00f6z\u00e9ppontban a rasszizmussal. Enn\u00e9l \u00fagy \u00e9reztem, hogy a tizen\u00e9ves koroszt\u00e1lynak k\u00f6telez\u0151v\u00e9 tenn\u00e9m Angie Thomas k\u00f6nyv\u00e9t. Mindenkinek aj\u00e1nlom.<\/p>\n<p>&nbsp;<\/p>\n","protected":false},"excerpt":{"rendered":"<p>M\u00e1r hagyom\u00e1nynak sz\u00e1m\u00edt n\u00e1lam, hogy mindig december kiv\u00e1lasztok 12 k\u00f6nyvet az \u00e9vemb\u0151l, amik a legjobban tetszettek, a legnagyobb hat\u00e1st gyakorolt\u00e1k r\u00e1m. Id\u00e9n nem lesz egyszer\u0171 dolgom, ugyanis m\u00e1r 62 k\u00f6nyvn\u00e9l tartok az olvas\u00e1sban, \u00e9s m\u00e9g biztosan be fogok fejezni p\u00e1rat, &hellip; <a class=\"more-link\" href=\"http:\/\/szaszkogabriella.com\/index.php\/hu\/2017\/12\/14\/tizenket-konyv-az-ev-tizenket-honapjara-2017\/\">Continue reading <span class=\"meta-nav\">&rarr;<\/span><\/a><\/p>\n","protected":false},"author":1,"featured_media":1960,"comment_status":"open","ping_status":"open","sticky":false,"template":"","format":"standard","meta":{"spay_email":"","jetpack_publicize_message":"","jetpack_is_tweetstorm":false},"categories":[345,346,1],"tags":[1940,1956,1792,1950,462,1944,1948,1946,1952,1942,1954,68],"yoast_head":"<!-- This site is optimized with the Yoast SEO plugin v16.2 - https:\/\/yoast.com\/wordpress\/plugins\/seo\/ -->\n<meta name=\"robots\" content=\"index, follow, max-snippet:-1, max-image-preview:large, max-video-preview:-1\" \/>\n<link rel=\"canonical\" href=\"https:\/\/szaszkogabriella.com\/index.php\/hu\/2017\/12\/14\/tizenket-konyv-az-ev-tizenket-honapjara-2017\/\" \/>\n<meta property=\"og:locale\" content=\"en_US\" \/>\n<meta property=\"og:type\" content=\"article\" \/>\n<meta property=\"og:title\" content=\"Tizenk\u00e9t k\u00f6nyv az \u00e9v tizenk\u00e9t h\u00f3napj\u00e1ra - 2017 - Szaszk\u00f3 Gabriella\" \/>\n<meta property=\"og:description\" content=\"M\u00e1r hagyom\u00e1nynak sz\u00e1m\u00edt n\u00e1lam, hogy mindig december kiv\u00e1lasztok 12 k\u00f6nyvet az \u00e9vemb\u0151l, amik a legjobban tetszettek, a legnagyobb hat\u00e1st gyakorolt\u00e1k r\u00e1m. Id\u00e9n nem lesz egyszer\u0171 dolgom, ugyanis m\u00e1r 62 k\u00f6nyvn\u00e9l tartok az olvas\u00e1sban, \u00e9s m\u00e9g biztosan be fogok fejezni p\u00e1rat, &hellip; Continue reading &rarr;\" \/>\n<meta property=\"og:url\" content=\"https:\/\/szaszkogabriella.com\/index.php\/hu\/2017\/12\/14\/tizenket-konyv-az-ev-tizenket-honapjara-2017\/\" \/>\n<meta property=\"og:site_name\" content=\"Szaszk\u00f3 Gabriella\" \/>\n<meta property=\"article:author\" content=\"https:\/\/www.facebook.com\/gabriellaszaszkoswriting\" \/>\n<meta property=\"article:published_time\" content=\"2017-12-14T10:00:47+00:00\" \/>\n<meta property=\"article:modified_time\" content=\"2017-12-14T11:12:43+00:00\" \/>\n<meta property=\"og:image\" content=\"https:\/\/i2.wp.com\/szaszkogabriella.com\/wp-content\/uploads\/2017\/12\/74624.jpg?fit=700%2C393\" \/>\n\t<meta property=\"og:image:width\" content=\"700\" \/>\n\t<meta property=\"og:image:height\" content=\"393\" \/>\n<meta name=\"twitter:card\" content=\"summary\" \/>\n<meta name=\"twitter:label1\" content=\"Est. reading time\">\n\t<meta name=\"twitter:data1\" content=\"5 minutes\">\n<script type=\"application\/ld+json\" class=\"yoast-schema-graph\">{\"@context\":\"https:\/\/schema.org\",\"@graph\":[{\"@type\":\"WebSite\",\"@id\":\"https:\/\/szaszkogabriella.com\/index.php\/en\/about-me\/#website\",\"url\":\"https:\/\/szaszkogabriella.com\/index.php\/en\/about-me\/\",\"name\":\"Szaszk\\u00f3 Gabriella\",\"description\":\"\",\"potentialAction\":[{\"@type\":\"SearchAction\",\"target\":\"https:\/\/szaszkogabriella.com\/index.php\/en\/about-me\/?s={search_term_string}\",\"query-input\":\"required name=search_term_string\"}],\"inLanguage\":\"en-US\"},{\"@type\":\"ImageObject\",\"@id\":\"https:\/\/szaszkogabriella.com\/index.php\/hu\/2017\/12\/14\/tizenket-konyv-az-ev-tizenket-honapjara-2017\/#primaryimage\",\"inLanguage\":\"en-US\",\"url\":\"https:\/\/i2.wp.com\/szaszkogabriella.com\/wp-content\/uploads\/2017\/12\/74624.jpg?fit=700%2C393\",\"contentUrl\":\"https:\/\/i2.wp.com\/szaszkogabriella.com\/wp-content\/uploads\/2017\/12\/74624.jpg?fit=700%2C393\",\"width\":700,\"height\":393,\"caption\":\"Image processed by CodeCarvings Piczard ### FREE Community Edition ### on 2017-04-20 14:46:27Z | http:\/\/piczard.com | http:\/\/codecarvings.com\"},{\"@type\":\"WebPage\",\"@id\":\"https:\/\/szaszkogabriella.com\/index.php\/hu\/2017\/12\/14\/tizenket-konyv-az-ev-tizenket-honapjara-2017\/#webpage\",\"url\":\"https:\/\/szaszkogabriella.com\/index.php\/hu\/2017\/12\/14\/tizenket-konyv-az-ev-tizenket-honapjara-2017\/\",\"name\":\"Tizenk\\u00e9t k\\u00f6nyv az \\u00e9v tizenk\\u00e9t h\\u00f3napj\\u00e1ra - 2017 - Szaszk\\u00f3 Gabriella\",\"isPartOf\":{\"@id\":\"https:\/\/szaszkogabriella.com\/index.php\/en\/about-me\/#website\"},\"primaryImageOfPage\":{\"@id\":\"https:\/\/szaszkogabriella.com\/index.php\/hu\/2017\/12\/14\/tizenket-konyv-az-ev-tizenket-honapjara-2017\/#primaryimage\"},\"datePublished\":\"2017-12-14T10:00:47+00:00\",\"dateModified\":\"2017-12-14T11:12:43+00:00\",\"author\":{\"@id\":\"https:\/\/szaszkogabriella.com\/index.php\/en\/about-me\/#\/schema\/person\/f1bfdb90405c070d18b4cda6cb2d97e7\"},\"breadcrumb\":{\"@id\":\"https:\/\/szaszkogabriella.com\/index.php\/hu\/2017\/12\/14\/tizenket-konyv-az-ev-tizenket-honapjara-2017\/#breadcrumb\"},\"inLanguage\":\"en-US\",\"potentialAction\":[{\"@type\":\"ReadAction\",\"target\":[\"https:\/\/szaszkogabriella.com\/index.php\/hu\/2017\/12\/14\/tizenket-konyv-az-ev-tizenket-honapjara-2017\/\"]}]},{\"@type\":\"BreadcrumbList\",\"@id\":\"https:\/\/szaszkogabriella.com\/index.php\/hu\/2017\/12\/14\/tizenket-konyv-az-ev-tizenket-honapjara-2017\/#breadcrumb\",\"itemListElement\":[{\"@type\":\"ListItem\",\"position\":1,\"item\":{\"@type\":\"WebPage\",\"@id\":\"https:\/\/szaszkogabriella.com\/index.php\/en\/about-me\/\",\"url\":\"https:\/\/szaszkogabriella.com\/index.php\/en\/about-me\/\",\"name\":\"Home\"}},{\"@type\":\"ListItem\",\"position\":2,\"item\":{\"@id\":\"https:\/\/szaszkogabriella.com\/index.php\/hu\/2017\/12\/14\/tizenket-konyv-az-ev-tizenket-honapjara-2017\/#webpage\"}}]},{\"@type\":\"Person\",\"@id\":\"https:\/\/szaszkogabriella.com\/index.php\/en\/about-me\/#\/schema\/person\/f1bfdb90405c070d18b4cda6cb2d97e7\",\"name\":\"Gabriella\",\"image\":{\"@type\":\"ImageObject\",\"@id\":\"https:\/\/szaszkogabriella.com\/index.php\/en\/about-me\/#personlogo\",\"inLanguage\":\"en-US\",\"url\":\"http:\/\/2.gravatar.com\/avatar\/ed8f7419b959f303647d2997795ba3b4?s=96&d=mm&r=g\",\"contentUrl\":\"http:\/\/2.gravatar.com\/avatar\/ed8f7419b959f303647d2997795ba3b4?s=96&d=mm&r=g\",\"caption\":\"Gabriella\"},\"sameAs\":[\"http:\/\/szaszkogabriella.com\/\",\"https:\/\/www.facebook.com\/gabriellaszaszkoswriting\"]}]}<\/script>\n<!-- \/ Yoast SEO plugin. -->","jetpack_featured_media_url":"https:\/\/i2.wp.com\/szaszkogabriella.com\/wp-content\/uploads\/2017\/12\/74624.jpg?fit=700%2C393","jetpack_publicize_connections":[],"jetpack_sharing_enabled":true,"jetpack_shortlink":"https:\/\/wp.me\/p6aBpy-vs","jetpack_likes_enabled":true,"jetpack-related-posts":[{"id":1437,"url":"http:\/\/szaszkogabriella.com\/index.php\/hu\/2016\/12\/17\/legjobb-konyvek-2016-ban\/","url_meta":{"origin":1950,"position":0},"title":"Legjobb k\u00f6nyvek 2016-ban","date":"December 17, 2016","format":false,"excerpt":"M\u00e1r rendhagy\u00f3 bejegyz\u00e9snek sz\u00e1m\u00edt n\u00e1lam, hogy tizenk\u00e9t k\u00f6nyvet aj\u00e1nlok nektek az id\u00e9n olvasott k\u00f6nyveimb\u0151l. 2016-ban sem akartam kihagyni a lehet\u0151s\u00e9get, de hogyha a tavalyit is el szeretn\u00e9tek olvasni, akkor ide kattintva el\u00e9rhetitek. Sajnos id\u00e9n nem siker\u00fclt el\u00e9rnem az \u00f6tven k\u00f6nyvet, amit kit\u0171ztem magam el\u00e9, de j\u00f6v\u0151re \u00fajra megpr\u00f3b\u00e1lom. B\u00e1r hogyha\u2026","rel":"","context":"In &quot;Aj\u00e1nl\u00f3k&quot;","img":{"alt_text":"","src":"https:\/\/i1.wp.com\/szaszkogabriella.com\/wp-content\/uploads\/2016\/12\/merry-christmas_uxiGJBF.jpg?fit=355%2C213&resize=350%2C200","width":350,"height":200},"classes":[]},{"id":2503,"url":"http:\/\/szaszkogabriella.com\/index.php\/hu\/2018\/12\/17\/tizenket-konyv-az-ev-tizenket-honapjara-2018-avagy-az-idei-kedvenceim\/","url_meta":{"origin":1950,"position":1},"title":"Tizenk\u00e9t k\u00f6nyv az \u00e9v tizenk\u00e9t h\u00f3napj\u00e1ra 2018 - avagy az idei kedvenceim","date":"December 17, 2018","format":false,"excerpt":"Ugyan m\u00e9g nincs teljesen v\u00e9ge az \u00e9vnek, \u00e9s tervezek m\u00e9g kiolvasni p\u00e1r k\u00f6nyvet, ennek ellen\u00e9re \u00fagy d\u00f6nt\u00f6ttem, hogy ma meg\u00edrom a hagyom\u00e1nyos \u00e9ves \u00f6sszes\u00edt\u0151met k\u00f6nyvek ter\u00e9n. Mivel nem vagyok k\u00f6nyves blogger, ez\u00e9rt nem sok k\u00f6nyvkritik\u00e1t olvashattok az oldalamon, de \u00fagy gondolom, hogy minden \u00e9vben meg kell osztanom veletek a kedvenc\u2026","rel":"","context":"In &quot;Aj\u00e1nl\u00f3k&quot;","img":{"alt_text":"","src":"https:\/\/i0.wp.com\/szaszkogabriella.com\/wp-content\/uploads\/2018\/12\/74624.jpg?fit=700%2C393&resize=350%2C200","width":350,"height":200},"classes":[]},{"id":1104,"url":"http:\/\/szaszkogabriella.com\/index.php\/hu\/2015\/12\/29\/tizenket-konyv-az-ev-minden-honapjara\/","url_meta":{"origin":1950,"position":2},"title":"Tizenk\u00e9t k\u00f6nyv az \u00e9v minden h\u00f3napj\u00e1ra","date":"December 29, 2015","format":false,"excerpt":"A filmes poszt mellett hagyom\u00e1nyomm\u00e1 v\u00e1lt, hogy megosztom az \u00e9v v\u00e9g\u00e9n azt is veletek, hogy mit is olvastam id\u00e9n :) Szerencs\u00e9re be\u00e9rtem magam a Goodreads kih\u00edv\u00e1ssal ebben az \u00e9vben is, \u00edgy 46 olvasott k\u00f6nyvb\u0151l v\u00e1lasztottam nektek tizenk\u00e9t darabot az \u00e9v minden h\u00f3napj\u00e1ra. Eg\u00e9szen sokr\u00f3l hosszabb cikkek is sz\u00fclettek, amiket a\u2026","rel":"","context":"In &quot;Aj\u00e1nl\u00f3k&quot;","img":{"alt_text":"","src":"https:\/\/i2.wp.com\/szaszkogabriella.com\/wp-content\/uploads\/2015\/12\/Happy-New-Year-2016.jpg?fit=1024%2C667&resize=350%2C200","width":350,"height":200},"classes":[]},{"id":3499,"url":"http:\/\/szaszkogabriella.com\/index.php\/hu\/2021\/12\/20\/12-kedvenc-konyv-az-ev-minden-honapjara\/","url_meta":{"origin":1950,"position":3},"title":"12 kedvenc k\u00f6nyv az \u00e9v minden h\u00f3napj\u00e1ra","date":"December 20, 2021","format":false,"excerpt":"2021 kedvenc filmjei mell\u00e9 mindenk\u00e9ppen hozz\u00e1 szerettem volna illeszteni 2021 tizenk\u00e9t kedvenc k\u00f6nyv\u00e9t is nektek. Neh\u00e9z volt id\u00e9n is a v\u00e1laszt\u00e1s, hiszen most \u00e9pp 61 k\u00f6nyvn\u00e9l tartok, ami m\u00e9g rem\u00e9lhet\u0151leg a sz\u00fcnetben el\u00e9ri a hatvan\u00f6t\u00f6t. A k\u00f6nyveimr\u0151l most is hozok egy kis \u00f6sszegz\u0151t. A 61-b\u0151l 25 k\u00f6nyvet olvastam magyarul, a\u2026","rel":"","context":"In &quot;Aj\u00e1nl\u00f3k&quot;","img":{"alt_text":"","src":"https:\/\/i1.wp.com\/szaszkogabriella.com\/wp-content\/uploads\/2021\/12\/263644221_157139849953963_2607707675024120210_n.jpg?fit=960%2C540&resize=350%2C200","width":350,"height":200},"classes":[]},{"id":3215,"url":"http:\/\/szaszkogabriella.com\/index.php\/hu\/2020\/07\/03\/dream-konyvekkel-a-vilag-korul-iden-nyaron\/","url_meta":{"origin":1950,"position":4},"title":"Dream-k\u00f6nyvekkel a vil\u00e1g k\u00f6r\u00fcl id\u00e9n ny\u00e1ron","date":"July 3, 2020","format":false,"excerpt":"Mivel id\u00e9n nagyon sokan belf\u00f6ld\u00f6n fogunk csak nyaralni - \u00e9n p\u00e9ld\u00e1ul maradok mondhatjuk, hogy a saj\u00e1t kert\u00fcnkben maradok, \u00edgy arra gondoltam, hogy utazzuk k\u00f6rbe a vil\u00e1got Dream \u00e9s Mount Blanc k\u00f6nyvekkel ;) Hoztam nektek t\u00edz k\u00f6nyvet, amik ny\u00e1ri hangulatot var\u00e1zsolnak, \u00e9s t\u00f6k\u00e9letes t\u00e1rsak lehetnek a strandon. R\u00e1ad\u00e1sul a kiad\u00f3n\u00e1l szuper\u2026","rel":"","context":"In &quot;Aj\u00e1nl\u00f3k&quot;","img":{"alt_text":"","src":"https:\/\/i2.wp.com\/szaszkogabriella.com\/wp-content\/uploads\/2020\/06\/107358603_3015512138568735_6210664651072809742_o.jpg?resize=350%2C200","width":350,"height":200},"classes":[]},{"id":1654,"url":"http:\/\/szaszkogabriella.com\/index.php\/hu\/2017\/03\/06\/konyvajanlo-maradj-velem-hez-hasonlo-olvasmanyok\/","url_meta":{"origin":1950,"position":5},"title":"K\u00f6nyvaj\u00e1nl\u00f3: a Maradj velem-hez hasonl\u00f3 olvasm\u00e1nyok","date":"March 6, 2017","format":false,"excerpt":"Nem is olyan r\u00e9gen kifaggattalak titeket a kedvenc k\u00f6nyveitekr\u0151l a Facebook oldalamon, ekkor jutott eszembe, hogy \u00f6ssze\u00e1ll\u00edtok egy kis olvasm\u00e1nylist\u00e1t, amely a Maradj velem-hez hasonl\u00f3 t\u00e9m\u00e1j\u00fa, esetleg hangulat\u00fa k\u00f6nyveket tartalmaz. A bejegyz\u00e9snek kett\u0151s c\u00e9lja van: hogyha szerett\u00e9tek a k\u00f6nyvemet, akkor innen tov\u00e1bb szemezgethettek hasonl\u00f3 k\u00f6nyvek ut\u00e1n; de hogyha m\u00e9g nem\u2026","rel":"","context":"In &quot;Aj\u00e1nl\u00f3k&quot;","img":{"alt_text":"","src":"https:\/\/i2.wp.com\/szaszkogabriella.com\/wp-content\/uploads\/2017\/03\/19624InFocusbookreviews.jpg?fit=822%2C463&resize=350%2C200","width":350,"height":200},"classes":[]}],"_links":{"self":[{"href":"http:\/\/szaszkogabriella.com\/index.php\/wp-json\/wp\/v2\/posts\/1950"}],"collection":[{"href":"http:\/\/szaszkogabriella.com\/index.php\/wp-json\/wp\/v2\/posts"}],"about":[{"href":"http:\/\/szaszkogabriella.com\/index.php\/wp-json\/wp\/v2\/types\/post"}],"author":[{"embeddable":true,"href":"http:\/\/szaszkogabriella.com\/index.php\/wp-json\/wp\/v2\/users\/1"}],"replies":[{"embeddable":true,"href":"http:\/\/szaszkogabriella.com\/index.php\/wp-json\/wp\/v2\/comments?post=1950"}],"version-history":[{"count":3,"href":"http:\/\/szaszkogabriella.com\/index.php\/wp-json\/wp\/v2\/posts\/1950\/revisions"}],"predecessor-version":[{"id":1963,"href":"http:\/\/szaszkogabriella.com\/index.php\/wp-json\/wp\/v2\/posts\/1950\/revisions\/1963"}],"wp:featuredmedia":[{"embeddable":true,"href":"http:\/\/szaszkogabriella.com\/index.php\/wp-json\/wp\/v2\/media\/1960"}],"wp:attachment":[{"href":"http:\/\/szaszkogabriella.com\/index.php\/wp-json\/wp\/v2\/media?parent=1950"}],"wp:term":[{"taxonomy":"category","embeddable":true,"href":"http:\/\/szaszkogabriella.com\/index.php\/wp-json\/wp\/v2\/categories?post=1950"},{"taxonomy":"post_tag","embeddable":true,"href":"http:\/\/szaszkogabriella.com\/index.php\/wp-json\/wp\/v2\/tags?post=1950"}],"curies":[{"name":"wp","href":"https:\/\/api.w.org\/{rel}","templated":true}]}}