{"id":21,"date":"2015-02-16T12:21:00","date_gmt":"2015-02-16T12:21:00","guid":{"rendered":"http:\/\/szaszkogabriella.com\/index.php\/2015\/02\/16\/egy-szegeny-zsuritag-panaszai\/"},"modified":"2015-05-09T20:18:13","modified_gmt":"2015-05-09T20:18:13","slug":"egy-szegeny-zsuritag-panaszai","status":"publish","type":"post","link":"http:\/\/szaszkogabriella.com\/index.php\/hu\/2015\/02\/16\/egy-szegeny-zsuritag-panaszai\/","title":{"rendered":"Egy szeg\u00e9ny zs\u0171ritag panaszai"},"content":{"rendered":"<div class=\"separator\" style=\"clear: both; text-align: center;\">\n<a href=\"https:\/\/i2.wp.com\/szaszkogabriella.com\/wp-content\/uploads\/2015\/02\/36.jpg\" imageanchor=\"1\" style=\"clear: left; float: left; margin-bottom: 1em; margin-right: 1em;\"><img decoding=\"async\" loading=\"lazy\" border=\"0\" src=\"https:\/\/i2.wp.com\/szaszkogabriella.com\/wp-content\/uploads\/2015\/02\/36.jpg?resize=320%2C241\" height=\"241\" width=\"320\" data-recalc-dims=\"1\" \/><\/a><\/div>\n<div style=\"text-align: justify;\">\nAz elm\u00falt \u00e9vek sor\u00e1n rengetegszer k\u00fcldtem novell\u00e1kat p\u00e1ly\u00e1zatokra. N\u00e9ha sikerrel vettem az akad\u00e1lyokat, valamikor azonban nem nyertem el a zs\u0171ri tetsz\u00e9s\u00e9t. Azonban az ut\u00f3bbi h\u00f3napokban a m\u00e1sik oldalra ker\u00fcltem. K\u00e9t horrornovella p\u00e1ly\u00e1zatot is zs\u0171riztem, \u00e9ppen ez\u00e9rt \u00f6sszesen k\u00f6r\u00fclbel\u00fcl 150 p\u00e1lyam\u0171vet olvastam v\u00e9gig. Nem mondhatn\u00e1m, hogy egyszer\u0171 dolgom volt, de rengeteg tapasztalattal lettem gazdagabb. \u00dagy d\u00f6nt\u00f6ttem, hogy \u00f6ssze kell foglalnom ezeket egy bejegyz\u00e9sben, hogy elmondjam, milyen probl\u00e9m\u00e1kkal kellett szemben\u00e9znem zs\u0171rik\u00e9nt. Term\u00e9szetesen k\u00e9ptelen voltam f\u00e9lretenni az \u00edr\u00f3i szemsz\u00f6gemet, \u00e9s nem tudtam csak a t\u00f6rt\u00e9netekre f\u00f3kusz\u00e1lni. Rem\u00e9lem, hogy az \u00e9szrev\u00e9teleim seg\u00edthetnek m\u00e1soknak, hogy jobban szerepeljenek a j\u00f6vend\u0151beli p\u00e1ly\u00e1zatokon.&nbsp;<\/div>\n<div>\n<div style=\"text-align: justify;\">\n<\/div>\n<\/div>\n<div>\n<div style=\"text-align: justify;\">\nTal\u00e1n els\u0151 l\u00e9p\u00e9sk\u00e9nt megeml\u00edten\u00e9m, hogy fontos, hogy betartsuk a novellap\u00e1ly\u00e1zat \u00e1ltal le\u00edrt <\/div>\n<div class=\"separator\" style=\"clear: both; text-align: center;\">\n<\/div>\n<p>ir\u00e1nyelveket. Hogyha sz\u00f3- vagy karaktersz\u00e1m van megadva, akkor azt ne l\u00e9pj\u00fck t\u00fal. Ha novell\u00e1t k\u00e9rnek ne pr\u00f3b\u00e1lkozzunk verssel, hogyha lej\u00e1rt a hat\u00e1rid\u0151, ne k\u00fcldj\u00fcnk novell\u00e1t. Valami\u00e9rt le lettek fektetve ezek a szab\u00e1lyok, ez\u00e9rt \u00e9rdemes \u0151ket figyelembe venni, k\u00fcl\u00f6nben a zs\u0171ri azt \u00e9rzi, hogy teljes m\u00e9rt\u00e9kben figyelmen k\u00edv\u00fcl hagyj\u00e1k a k\u00e9r\u00e9seiket, esetleg a sz\u00f6veg\u00e9rt\u00e9ssel is probl\u00e9m\u00e1k vannak.<\/p>\n<div>\n<div style=\"text-align: justify;\">\n<\/div>\n<\/div>\n<div>\n<div style=\"text-align: justify;\">\nM\u00e1r a novell\u00e1k fel\u00fct\u00e9s\u00e9n lehet l\u00e1tni, hogy a \u00edr\u00e1s milyen min\u0151s\u00e9g\u0171. A sorkiz\u00e1rt sz\u00f6vegform\u00e1tum, a megfelel\u0151 bet\u0171t\u00edpus (Times New Roman 12) \u00e9s a bekezd\u00e9sek egyszer\u0171en l\u00e9tfontoss\u00e1g\u00faak. Meglep\u0151, hogy ezeket le kell \u00edrnom, de rengeteg novella \u00edr\u00f3ja alapvet\u0151en eltekint ett\u0151l. R\u00e1ad\u00e1sul hihetetlen\u00fcl k\u00f6nny\u00edti a zs\u0171riz\u0151 dolg\u00e1t, hogyha a novella \u00edr\u00f3ja \u00e9s c\u00edme is szerepel a dokumentum elej\u00e9n (arr\u00f3l nem is sz\u00f3lva, hogy a c\u00edm szint\u00e9n nagyon fontos :).<\/div>\n<div style=\"text-align: justify;\">\n<\/div>\n<div class=\"separator\" style=\"clear: both; text-align: center;\">\n<a href=\"https:\/\/i0.wp.com\/szaszkogabriella.com\/wp-content\/uploads\/2015\/02\/everyone-needs-a-good-editor2.jpg\" imageanchor=\"1\" style=\"margin-left: 1em; margin-right: 1em;\"><img decoding=\"async\" loading=\"lazy\" border=\"0\" src=\"https:\/\/i0.wp.com\/szaszkogabriella.com\/wp-content\/uploads\/2015\/02\/everyone-needs-a-good-editor2.jpg?resize=320%2C220\" height=\"220\" width=\"320\" data-recalc-dims=\"1\" \/><\/a><\/div>\n<\/div>\n<div>\n<div style=\"text-align: justify;\">\n<\/div>\n<\/div>\n<div>\n<div style=\"text-align: justify;\">\nA k\u00f6vetkez\u0151 eml\u00edt\u00e9sre \u00e9rdemes t\u00e9nyez\u0151: a helyes\u00edr\u00e1s. K\u00fcl\u00f6n\u00edr\u00e1s-egybe\u00edr\u00e1s, vessz\u0151hib\u00e1k \u00e9s persze enn\u00e9l m\u00e9g durv\u00e1bbak is el\u0151fordultak. Sok esetben m\u00e1r az els\u0151 k\u00e9t mondatban hib\u00e1kat tal\u00e1ltam, ami teljesen elterelte a figyelmemet a novella \u00e9lvezet\u00e9t\u0151l. Mondhatjuk, hogy szigor\u00fa vagyok, \u00e9s term\u00e9szetes, hogy nekem is vannak helyes\u00edr\u00e1si hib\u00e1im, amelyeket \u00fajra \u00e9s \u00fajra elk\u00f6vetek. De igyekszem a legjobbat kihozni magamb\u00f3l, \u00e9s term\u00e9szetesen minden p\u00e1ly\u00e1zat el\u0151tt elk\u00fcld\u00f6m m\u00e1snak is a m\u0171vemet, hogy ellen\u0151rizze le a helyes\u00edr\u00e1st, \u00e9s az esetleges elg\u00e9pel\u00e9st. \u00c9s ennek ellen\u00e9re is akadhat a novell\u00e1ban egy-kett\u0151, de pr\u00f3b\u00e1ljuk kihozni magunkb\u00f3l a legt\u00f6bbet.<\/div>\n<\/div>\n<div>\n<div style=\"text-align: justify;\">\n<\/div>\n<\/div>\n<div>\n<div style=\"text-align: justify;\">\nNagyon sokan elrontj\u00e1k a &#8220;sohase mondd, hanem mutasd&#8221; szab\u00e1lyt. Rengetegen kivonatokat \u00edrnak, mik\u00f6zben a novell\u00e1ban alapvet\u0151en semmi sem mozdul meg. L\u00e1tszik az \u00edr\u00e1sokon, hogy ki az, aki sokat olvas. Egy \u00edr\u00f3 az olvas\u00e1ssal \u00e9s hossz\u00fa \u00e9vek gyakorl\u00e1s\u00e1val fejl\u0151dik a legt\u00f6bbet. Nem hiszek az \u00edr\u00e1stechnikai k\u00f6nyvek halmoz\u00e1s\u00e1ban (egy-kett\u0151 persze nem \u00e1rt), de hiszek abban, hogy olvas\u00e1s n\u00e9lk\u00fcl nem haladunk sehova.&nbsp;<\/div>\n<div style=\"text-align: justify;\">\n<\/div>\n<div class=\"separator\" style=\"clear: both; text-align: center;\">\n<a href=\"https:\/\/i1.wp.com\/szaszkogabriella.com\/wp-content\/uploads\/2015\/02\/pen.jpg\" imageanchor=\"1\" style=\"margin-left: 1em; margin-right: 1em;\"><img decoding=\"async\" loading=\"lazy\" border=\"0\" src=\"https:\/\/i1.wp.com\/szaszkogabriella.com\/wp-content\/uploads\/2015\/02\/pen.jpg?resize=320%2C204\" height=\"204\" width=\"320\" data-recalc-dims=\"1\" \/><\/a><\/div>\n<\/div>\n<div>\n<div style=\"text-align: justify;\">\n<\/div>\n<\/div>\n<div>\n<div style=\"text-align: justify;\">\nEmellett nagyon sokan ugr\u00e1lnak az id\u0151ben. Egy novella \u00e1ltal\u00e1ban vagy m\u00falt- vagy jelenid\u0151t haszn\u00e1l, ehhez \u00e9rdemes ragaszkodni. Sokan m\u00e9g a szem\u00e9lyek k\u00f6z\u00f6tt is ugr\u00e1ltak, ami t\u00e9nyleg igen nagy hib\u00e1nak sz\u00e1m\u00edt.<\/div>\n<\/div>\n<div>\n<div style=\"text-align: justify;\">\n<\/div>\n<\/div>\n<div>\n<div style=\"text-align: justify;\">\nHa mindezek rendben voltak, akkor a t\u00f6rt\u00e9netre is tudtam figyelni. A le\u00edrt hib\u00e1k annyira zavartak, hogy kiz\u00f6kkentettek minden egyes pillanatban. Bevallom, hogy szigor\u00fa zs\u0171ri voltam, de persze voltak t\u00f6rt\u00e9netek, amik kifejezetten tetszettek. Saj\u00e1t magammal is igyekszem szigor\u00fa lenni, pr\u00f3b\u00e1lok folyamatosan tanulni. Annyi tan\u00e1csom lenne mindenkinek, aki szeretne p\u00e1ly\u00e1zni, hogy figyeljen ezekre a szab\u00e1lyokra. \u00c9s term\u00e9szetesen olvasson \u00e9s \u00edrjon sokat \u00f6r\u00f6mmel \u00e9s kitart\u00e1ssal \ud83d\ude42<\/div>\n<\/div>\n<div>\n<div>\n<div>\n<div>\n<\/div>\n<\/div>\n<\/div>\n<\/div>\n<\/div>\n","protected":false},"excerpt":{"rendered":"<p>Az elm\u00falt \u00e9vek sor\u00e1n rengetegszer k\u00fcldtem novell\u00e1kat p\u00e1ly\u00e1zatokra. N\u00e9ha sikerrel vettem az akad\u00e1lyokat, valamikor azonban nem nyertem el a zs\u0171ri tetsz\u00e9s\u00e9t. Azonban az ut\u00f3bbi h\u00f3napokban a m\u00e1sik oldalra ker\u00fcltem. K\u00e9t horrornovella p\u00e1ly\u00e1zatot is zs\u0171riztem, \u00e9ppen ez\u00e9rt \u00f6sszesen k\u00f6r\u00fclbel\u00fcl 150 p\u00e1lyam\u0171vet &hellip; <a class=\"more-link\" href=\"http:\/\/szaszkogabriella.com\/index.php\/hu\/2015\/02\/16\/egy-szegeny-zsuritag-panaszai\/\">Continue reading <span class=\"meta-nav\">&rarr;<\/span><\/a><\/p>\n","protected":false},"author":1,"featured_media":192,"comment_status":"open","ping_status":"open","sticky":false,"template":"","format":"standard","meta":{"spay_email":"","jetpack_publicize_message":"","jetpack_is_tweetstorm":false},"categories":[338,341],"tags":[26,27,28,29],"yoast_head":"<!-- This site is optimized with the Yoast SEO plugin v16.2 - https:\/\/yoast.com\/wordpress\/plugins\/seo\/ -->\n<meta name=\"robots\" content=\"index, follow, max-snippet:-1, max-image-preview:large, max-video-preview:-1\" \/>\n<link rel=\"canonical\" href=\"http:\/\/szaszkogabriella.com\/index.php\/hu\/2015\/02\/16\/egy-szegeny-zsuritag-panaszai\/\" \/>\n<meta property=\"og:locale\" content=\"en_US\" \/>\n<meta property=\"og:type\" content=\"article\" \/>\n<meta property=\"og:title\" content=\"Egy szeg\u00e9ny zs\u0171ritag panaszai - Szaszk\u00f3 Gabriella\" \/>\n<meta property=\"og:description\" content=\"Az elm\u00falt \u00e9vek sor\u00e1n rengetegszer k\u00fcldtem novell\u00e1kat p\u00e1ly\u00e1zatokra. N\u00e9ha sikerrel vettem az akad\u00e1lyokat, valamikor azonban nem nyertem el a zs\u0171ri tetsz\u00e9s\u00e9t. Azonban az ut\u00f3bbi h\u00f3napokban a m\u00e1sik oldalra ker\u00fcltem. K\u00e9t horrornovella p\u00e1ly\u00e1zatot is zs\u0171riztem, \u00e9ppen ez\u00e9rt \u00f6sszesen k\u00f6r\u00fclbel\u00fcl 150 p\u00e1lyam\u0171vet &hellip; Continue reading &rarr;\" \/>\n<meta property=\"og:url\" content=\"http:\/\/szaszkogabriella.com\/index.php\/hu\/2015\/02\/16\/egy-szegeny-zsuritag-panaszai\/\" \/>\n<meta property=\"og:site_name\" content=\"Szaszk\u00f3 Gabriella\" \/>\n<meta property=\"article:author\" content=\"https:\/\/www.facebook.com\/gabriellaszaszkoswriting\" \/>\n<meta property=\"article:published_time\" content=\"2015-02-16T12:21:00+00:00\" \/>\n<meta property=\"article:modified_time\" content=\"2015-05-09T20:18:13+00:00\" \/>\n<meta property=\"og:image\" content=\"https:\/\/i2.wp.com\/szaszkogabriella.com\/wp-content\/uploads\/2015\/02\/36.jpg?fit=400%2C302\" \/>\n\t<meta property=\"og:image:width\" content=\"400\" \/>\n\t<meta property=\"og:image:height\" content=\"302\" \/>\n<meta name=\"twitter:card\" content=\"summary\" \/>\n<meta name=\"twitter:label1\" content=\"Est. reading time\">\n\t<meta name=\"twitter:data1\" content=\"4 minutes\">\n<script type=\"application\/ld+json\" class=\"yoast-schema-graph\">{\"@context\":\"https:\/\/schema.org\",\"@graph\":[{\"@type\":\"WebSite\",\"@id\":\"https:\/\/szaszkogabriella.com\/index.php\/en\/about-me\/#website\",\"url\":\"https:\/\/szaszkogabriella.com\/index.php\/en\/about-me\/\",\"name\":\"Szaszk\\u00f3 Gabriella\",\"description\":\"\",\"potentialAction\":[{\"@type\":\"SearchAction\",\"target\":\"https:\/\/szaszkogabriella.com\/index.php\/en\/about-me\/?s={search_term_string}\",\"query-input\":\"required name=search_term_string\"}],\"inLanguage\":\"en-US\"},{\"@type\":\"ImageObject\",\"@id\":\"http:\/\/szaszkogabriella.com\/index.php\/hu\/2015\/02\/16\/egy-szegeny-zsuritag-panaszai\/#primaryimage\",\"inLanguage\":\"en-US\",\"url\":\"https:\/\/i2.wp.com\/szaszkogabriella.com\/wp-content\/uploads\/2015\/02\/36.jpg?fit=400%2C302\",\"contentUrl\":\"https:\/\/i2.wp.com\/szaszkogabriella.com\/wp-content\/uploads\/2015\/02\/36.jpg?fit=400%2C302\",\"width\":400,\"height\":302},{\"@type\":\"WebPage\",\"@id\":\"http:\/\/szaszkogabriella.com\/index.php\/hu\/2015\/02\/16\/egy-szegeny-zsuritag-panaszai\/#webpage\",\"url\":\"http:\/\/szaszkogabriella.com\/index.php\/hu\/2015\/02\/16\/egy-szegeny-zsuritag-panaszai\/\",\"name\":\"Egy szeg\\u00e9ny zs\\u0171ritag panaszai - Szaszk\\u00f3 Gabriella\",\"isPartOf\":{\"@id\":\"https:\/\/szaszkogabriella.com\/index.php\/en\/about-me\/#website\"},\"primaryImageOfPage\":{\"@id\":\"http:\/\/szaszkogabriella.com\/index.php\/hu\/2015\/02\/16\/egy-szegeny-zsuritag-panaszai\/#primaryimage\"},\"datePublished\":\"2015-02-16T12:21:00+00:00\",\"dateModified\":\"2015-05-09T20:18:13+00:00\",\"author\":{\"@id\":\"https:\/\/szaszkogabriella.com\/index.php\/en\/about-me\/#\/schema\/person\/f1bfdb90405c070d18b4cda6cb2d97e7\"},\"breadcrumb\":{\"@id\":\"http:\/\/szaszkogabriella.com\/index.php\/hu\/2015\/02\/16\/egy-szegeny-zsuritag-panaszai\/#breadcrumb\"},\"inLanguage\":\"en-US\",\"potentialAction\":[{\"@type\":\"ReadAction\",\"target\":[\"http:\/\/szaszkogabriella.com\/index.php\/hu\/2015\/02\/16\/egy-szegeny-zsuritag-panaszai\/\"]}]},{\"@type\":\"BreadcrumbList\",\"@id\":\"http:\/\/szaszkogabriella.com\/index.php\/hu\/2015\/02\/16\/egy-szegeny-zsuritag-panaszai\/#breadcrumb\",\"itemListElement\":[{\"@type\":\"ListItem\",\"position\":1,\"item\":{\"@type\":\"WebPage\",\"@id\":\"https:\/\/szaszkogabriella.com\/index.php\/en\/about-me\/\",\"url\":\"https:\/\/szaszkogabriella.com\/index.php\/en\/about-me\/\",\"name\":\"Home\"}},{\"@type\":\"ListItem\",\"position\":2,\"item\":{\"@id\":\"http:\/\/szaszkogabriella.com\/index.php\/hu\/2015\/02\/16\/egy-szegeny-zsuritag-panaszai\/#webpage\"}}]},{\"@type\":\"Person\",\"@id\":\"https:\/\/szaszkogabriella.com\/index.php\/en\/about-me\/#\/schema\/person\/f1bfdb90405c070d18b4cda6cb2d97e7\",\"name\":\"Gabriella\",\"image\":{\"@type\":\"ImageObject\",\"@id\":\"https:\/\/szaszkogabriella.com\/index.php\/en\/about-me\/#personlogo\",\"inLanguage\":\"en-US\",\"url\":\"http:\/\/2.gravatar.com\/avatar\/ed8f7419b959f303647d2997795ba3b4?s=96&d=mm&r=g\",\"contentUrl\":\"http:\/\/2.gravatar.com\/avatar\/ed8f7419b959f303647d2997795ba3b4?s=96&d=mm&r=g\",\"caption\":\"Gabriella\"},\"sameAs\":[\"http:\/\/szaszkogabriella.com\/\",\"https:\/\/www.facebook.com\/gabriellaszaszkoswriting\"]}]}<\/script>\n<!-- \/ Yoast SEO plugin. -->","jetpack_featured_media_url":"https:\/\/i2.wp.com\/szaszkogabriella.com\/wp-content\/uploads\/2015\/02\/36.jpg?fit=400%2C302","jetpack_publicize_connections":[],"jetpack_sharing_enabled":true,"jetpack_shortlink":"https:\/\/wp.me\/p6aBpy-l","jetpack_likes_enabled":true,"jetpack-related-posts":[{"id":108,"url":"http:\/\/szaszkogabriella.com\/index.php\/hu\/2013\/04\/22\/tolerancia\/","url_meta":{"origin":21,"position":0},"title":"Tolerancia","date":"April 22, 2013","format":false,"excerpt":"A honlapomon is el\u00e9rhet\u0151 az \u00daj Vil\u00e1g c\u00edm\u0171 novell\u00e1m, amely elnyerte a zs\u0171ri tetsz\u00e9s\u00e9t \"tolerancia\" p\u00e1ly\u00e1zaton, amelyet a Humanitas Kultur\u00e1lis Alap\u00edtv\u00e1ny szervezett (t\u00f6bb olvashat\u00f3 r\u00f3la itt). Nagyon \u00f6r\u00fcltem az elismer\u00e9snek :) K\u00f6sz\u00f6n\u00f6m mindenkinek, aki seg\u00edtett a jav\u00edt\u00e1s\u00e1ban, jobb\u00e1 t\u00e9tel\u00e9ben!:)","rel":"","context":"In &quot;\u00cdr\u00e1sr\u00f3l&quot;","img":{"alt_text":"","src":"https:\/\/i0.wp.com\/szaszkogabriella.com\/wp-content\/uploads\/2013\/04\/1a74df08657d6750768a0e52672f7fcd.jpg?fit=240%2C320&resize=350%2C200","width":350,"height":200},"classes":[]},{"id":98,"url":"http:\/\/szaszkogabriella.com\/index.php\/hu\/2013\/09\/20\/beszamolo-sea-of-words-versenyro\/","url_meta":{"origin":21,"position":1},"title":"Besz\u00e1mol\u00f3 a \u201eSea of Words\u201d versenyr\u0151l","date":"September 20, 2013","format":false,"excerpt":"Id\u00e9n olyan megtiszteltet\u00e9sben r\u00e9szes\u00fclhettem, hogy kijutottam a Nemzetek iskol\u00e1ja c\u00edm\u0171 novell\u00e1mmal a \u201eA Sea of Words\u201d nemzetk\u00f6zi p\u00e1ly\u00e1zat d\u00edj\u00e1tad\u00f3 \u00fcnneps\u00e9g\u00e9re. Mostani bejegyz\u00e9semben \u00e9lm\u00e9nyeimr\u0151l, tapasztalataimr\u00f3l fogok besz\u00e1molni. Id\u00e9n hatodik alkalommal rendezte meg a nemzetk\u00f6zi novellap\u00e1ly\u00e1zatot az IEMed (European Institute of the Mediterranean) \u00e9s az\u00a0Anna Lindh Foundation. Az idei t\u00e9ma a kapcsolatok\u2026","rel":"","context":"In &quot;Blog&quot;","img":{"alt_text":"","src":"https:\/\/i0.wp.com\/szaszkogabriella.com\/wp-content\/uploads\/2013\/09\/9799226214_93ba211981_b.jpg?resize=350%2C200","width":350,"height":200},"classes":[]},{"id":3192,"url":"http:\/\/szaszkogabriella.com\/index.php\/hu\/2020\/06\/11\/ne-fordulj-el-szolalj-fel-ellene-gondolatok-a-black-lives-matter-kapcsan\/","url_meta":{"origin":21,"position":2},"title":"Ne fordulj el, sz\u00f3lalj fel ellene \u2013 Gondolatok a Black Lives Matter kapcs\u00e1n","date":"June 11, 2020","format":false,"excerpt":"Nagyon sokat gondolkoztam, hogy blogoljak-e az Egyes\u00fclt \u00c1llamokban t\u00f6rt\u00e9nt esem\u00e9nyek kapcs\u00e1n. Azt hiszem, m\u00e1r maga az is a probl\u00e9ma r\u00e9sz\u00e9t k\u00e9pezi, hogy ezen gondolkodnom kell. Tudom, hogy mondhatjuk azt, hogy az Egyes\u00fclt \u00c1llamokban t\u00f6rt\u00e9nt esem\u00e9nyek t\u00e1vol \u00e1llnak t\u0151l\u00fcnk, hiszen n\u00e1lunk teljesen m\u00e1s a helyzet. M\u00e1s, de nem jobb. \u00c9ppen ez\u00e9rt\u2026","rel":"","context":"In &quot;Blog&quot;","img":{"alt_text":"","src":"https:\/\/i1.wp.com\/szaszkogabriella.com\/wp-content\/uploads\/2020\/06\/5219.jpg?fit=460%2C276&resize=350%2C200","width":350,"height":200},"classes":[]},{"id":1630,"url":"http:\/\/szaszkogabriella.com\/index.php\/hu\/2017\/02\/20\/sorok-mogott-szerelemi-haromszogek\/","url_meta":{"origin":21,"position":3},"title":"Sorok m\u00f6g\u00f6tt: Szerelemi h\u00e1romsz\u00f6gek","date":"February 20, 2017","format":false,"excerpt":"Az idei h\u00f3nap \u00edr\u00f3s k\u00f6rblogol\u00e1s\u00e1nak t\u00e9m\u00e1ja bizony a szerelmi h\u00e1romsz\u00f6gek lettek. \u00dagy \u00e9reztem, hogy ebb\u0151l a bulib\u00f3l semmik\u00e9ppen sem maradhatok ki, hiszen valamilyen \u00e9rthetetlen okn\u00e1l fogva hihetetlen vonz\u00f3d\u00e1st \u00e9rzek a kifacsartabbn\u00e1l kifacsartabb szerelmi h\u00e1romsz\u00f6gek fel\u00e9 (aki olvasta a Maradj velemet, tudja, mir\u0151l besz\u00e9lek). Most igyekszem m\u00e9lys\u00e9ges \u00f6nanal\u00edzis n\u00e9lk\u00fcl boncolgatni a\u2026","rel":"","context":"In &quot;Blog&quot;","img":{"alt_text":"","src":"https:\/\/i2.wp.com\/szaszkogabriella.com\/wp-content\/uploads\/2017\/02\/love-triangle.jpg?fit=480%2C360&resize=350%2C200","width":350,"height":200},"classes":[]},{"id":3289,"url":"http:\/\/szaszkogabriella.com\/index.php\/hu\/2020\/09\/13\/irok-egymas-kozott-hogyan-ne-ertekeljuk-mas-konyveit-irokent\/","url_meta":{"origin":21,"position":4},"title":"\u00cdr\u00f3k egym\u00e1s k\u00f6z\u00f6tt - Hogyan (ne) \u00e9rt\u00e9kelj\u00fck m\u00e1s k\u00f6nyveit \u00edr\u00f3k\u00e9nt?","date":"September 13, 2020","format":false,"excerpt":"A havi t\u00e9m\u00e1nk is nagyon izgalmasnak \u00edg\u00e9rkezik. M\u00e1r nagyon r\u00e9gen terveztem blogolni arr\u00f3l, hogy hogyan - avagy hogyan ne - \u00edrjunk \u00e9rt\u00e9kel\u00e9st m\u00e1sok k\u00f6nyveir\u0151l \u00edr\u00f3k\u00e9nt. Bevallom, hogy el\u00e9g szigor\u00fa vagyok ebben a tekintetben, de ez is term\u00e9szetesen teljesen egy\u00e9ni v\u00e9lem\u00e9ny lesz. Val\u00f3sz\u00edn\u0171leg Emma, Fanni \u00e9s Kl\u00e1ri m\u00e1shogyan v\u00e9lekednek a t\u00e9m\u00e1r\u00f3l,\u2026","rel":"","context":"In &quot;\u00cdr\u00e1sr\u00f3l&quot;","img":{"alt_text":"","src":"https:\/\/i0.wp.com\/szaszkogabriella.com\/wp-content\/uploads\/2019\/02\/43429744_294905887770379_55062137864716288_n.jpg?fit=800%2C800&resize=350%2C200","width":350,"height":200},"classes":[]},{"id":2257,"url":"http:\/\/szaszkogabriella.com\/index.php\/hu\/2018\/06\/21\/magyar-ironak-miert-kell-amerikaban-jatszodo-konyvet-irni\/","url_meta":{"origin":21,"position":5},"title":"Magyar \u00edr\u00f3nak mi\u00e9rt kell Amerik\u00e1ban j\u00e1tsz\u00f3d\u00f3 k\u00f6nyvet \u00edrni?","date":"June 21, 2018","format":false,"excerpt":"M\u00e1r nagyon r\u00e9g\u00f3ta szeretn\u00e9k egy blogbejegyz\u00e9st szentelni annak, hogy mi\u00e9rt is nem Magyarorsz\u00e1gon j\u00e1tsz\u00f3dnak a t\u00f6rt\u00e9neteim. Azt\u00e1n p\u00e1r nappal ezel\u0151tt egy nagyon kedves blogger egyik\u00a0\u00edr\u00e1s\u00e1ban\u00a0(amit sok szeretettel aj\u00e1nlok olvas\u00e1sra) pontosan \u00edgy fel is tette ezt a k\u00e9rd\u00e9st, \u00e9pp ez\u00e9rt \u00fagy gondoltam, elj\u00f6tt az ideje, hogy v\u00e1laszoljak erre, kifejtsem ezzel kapcsolatban\u2026","rel":"","context":"In &quot;\u00cdr\u00e1sr\u00f3l&quot;","img":{"alt_text":"","src":"https:\/\/i2.wp.com\/szaszkogabriella.com\/wp-content\/uploads\/2018\/06\/FLGIMGS1000000109_-00_American-Flag-Heart-Graphic-Downloadable-Image_4.jpg?fit=500%2C500&resize=350%2C200","width":350,"height":200},"classes":[]}],"_links":{"self":[{"href":"http:\/\/szaszkogabriella.com\/index.php\/wp-json\/wp\/v2\/posts\/21"}],"collection":[{"href":"http:\/\/szaszkogabriella.com\/index.php\/wp-json\/wp\/v2\/posts"}],"about":[{"href":"http:\/\/szaszkogabriella.com\/index.php\/wp-json\/wp\/v2\/types\/post"}],"author":[{"embeddable":true,"href":"http:\/\/szaszkogabriella.com\/index.php\/wp-json\/wp\/v2\/users\/1"}],"replies":[{"embeddable":true,"href":"http:\/\/szaszkogabriella.com\/index.php\/wp-json\/wp\/v2\/comments?post=21"}],"version-history":[{"count":1,"href":"http:\/\/szaszkogabriella.com\/index.php\/wp-json\/wp\/v2\/posts\/21\/revisions"}],"predecessor-version":[{"id":195,"href":"http:\/\/szaszkogabriella.com\/index.php\/wp-json\/wp\/v2\/posts\/21\/revisions\/195"}],"wp:featuredmedia":[{"embeddable":true,"href":"http:\/\/szaszkogabriella.com\/index.php\/wp-json\/wp\/v2\/media\/192"}],"wp:attachment":[{"href":"http:\/\/szaszkogabriella.com\/index.php\/wp-json\/wp\/v2\/media?parent=21"}],"wp:term":[{"taxonomy":"category","embeddable":true,"href":"http:\/\/szaszkogabriella.com\/index.php\/wp-json\/wp\/v2\/categories?post=21"},{"taxonomy":"post_tag","embeddable":true,"href":"http:\/\/szaszkogabriella.com\/index.php\/wp-json\/wp\/v2\/tags?post=21"}],"curies":[{"name":"wp","href":"https:\/\/api.w.org\/{rel}","templated":true}]}}