{"id":2123,"date":"2018-04-11T12:00:54","date_gmt":"2018-04-11T11:00:54","guid":{"rendered":"http:\/\/szaszkogabriella.com\/?p=2123"},"modified":"2018-04-23T11:31:26","modified_gmt":"2018-04-23T10:31:26","slug":"irok-egymas-kozott-hagyomanyos-kiadas-versus-magankiadas","status":"publish","type":"post","link":"http:\/\/szaszkogabriella.com\/index.php\/hu\/2018\/04\/11\/irok-egymas-kozott-hagyomanyos-kiadas-versus-magankiadas\/","title":{"rendered":"\u00cdr\u00f3k egym\u00e1s k\u00f6z\u00f6tt: hagyom\u00e1nyos kiad\u00e1s versus mag\u00e1nkiad\u00e1s?"},"content":{"rendered":"<p style=\"text-align: justify;\">Az \u00e1prilisi \u00edr\u00f3k egym\u00e1s k\u00f6z\u00f6tt k\u00f6rblogol\u00e1sunkban a mag\u00e1nkiad\u00e1sr\u00f3l \u00e9s a hagyom\u00e1nyos kiad\u00e1sr\u00f3l fogunk besz\u00e9lni. A t\u00e9ma olyannyira \u00f6sszetett \u00e9s sokr\u00e9t\u0171, hogy azt se tudom, hogyan kezdjek neki. Megpr\u00f3b\u00e1lom a v\u00e9lem\u00e9nyem mellett felvillantani a f\u0151bb k\u00fcl\u00f6nbs\u00e9geket is, h\u00e1tha ez valakinek \u00fatmutat\u00f3k\u00e9nt szolg\u00e1lhat arra, hogy merre is induljon el. <a href=\"http:\/\/inkmapsandmacarons.com\/hu\/irok-egymas-kozt-kiadok-hagyomanyos-vs-magan\/\">Fanni<\/a> \u00e9s <a href=\"https:\/\/irasroleskonyvekrol.blogspot.co.uk\/2018\/04\/irok-egymas-kozott-hagyomanyos-vs.html\">Kl\u00e1ri<\/a> posztj\u00e1t a nev\u00fckre kattintva olvashatj\u00e1tok.<\/p>\n<p style=\"text-align: justify;\">Kezdj\u00fck ott, hogy letiszt\u00e1zn\u00e1m a k\u00fcl\u00f6nbs\u00e9geket, hogy k\u00f6nnyebben \u00edrjak a dologr\u00f3l. Sz\u00f3val besz\u00e9lhet\u00fcnk hagyom\u00e1nyos kiad\u00e1sr\u00f3l, amikor egy kiad\u00f3 megveszi a k\u00f6nyvedet, finansz\u00edrozza a kiad\u00e1s minden k\u00f6lts\u00e9g\u00e9t (nyomtat\u00e1s, rekl\u00e1m, terjeszt\u00e9s, bor\u00edt\u00f3k\u00e9sz\u00edt\u00e9s). A k\u00f6nyv eljut a nagyobb h\u00e1l\u00f3zatokba, a szerz\u0151 jogd\u00edjat kap a megjelen\u00e9s\u00e9rt. L\u00e9tezik a mag\u00e1nkiad\u00f3kn\u00e1l val\u00f3 kiad\u00e1s, ahol a kiad\u00f3 bizonyos \u00f6sszeg\u00e9rt (esetleg vannak csomagok) k\u00edn\u00e1lnak szerkeszt\u00e9st, el\u0151k\u00e9sz\u00edt\u00e9st, bor\u00edt\u00f3k\u00e9sz\u00edt\u00e9st, marketinget, terjeszt\u00e9st. Ennek sok-sok fokozata van Magyarorsz\u00e1gon is, vannak kisebb mag\u00e1nkiad\u00f3k, akik minim\u00e1lis \u00e1ron minim\u00e1lis szolg\u00e1ltat\u00e1sokat k\u00edn\u00e1lnak (Underground, Colorcom), \u00e9s vannak magas \u00e1ron m\u0171k\u00f6d\u0151 mag\u00e1nkiad\u00f3k, ahol nagy \u00f6sszeg\u00e9rt sok mindent kapsz, bele\u00e9rtve a boltokba ker\u00fcl\u00e9st is (\u00c1lomgy\u00e1r). A kiad\u00e1s ezen form\u00e1j\u00e1ban a bev\u00e9tel java r\u00e9sze az \u00edr\u00f3hoz ker\u00fcl, am\u00edg a hagyom\u00e1nyos kiad\u00e1sn\u00e1l nagyobb r\u00e9sz ker\u00fcl a kiad\u00f3hoz. Hozz\u00e1tenn\u00e9m, hogy k\u00fclf\u00f6ld\u00f6n a kiad\u00e1s ezen form\u00e1ja nem igaz\u00e1n elterjedt. Emellett van a teljes self-publishing, amikor minden\u00e9rt te felelsz (bor\u00edt\u00f3, szerkeszt\u00e9s, terjeszt\u00e9s), ilyenkor a teljes \u00f6sszeg a ti\u00e9d a bev\u00e9telb\u0151l. A legt\u00f6bbsz\u00f6r ezek a k\u00f6nyvek e-bookk\u00e9nt jelennek meg, \u00edgy minimaliz\u00e1lva a k\u00f6lts\u00e9geket. K\u00fclf\u00f6ld\u00f6n a mag\u00e1nkiad\u00e1s ezen form\u00e1ja sokkal elterjedtebb. Term\u00e9szetesen most nagyon leegyszer\u0171s\u00edtettem a kiad\u00e1s t\u00f6rt\u00e9net\u00e9t, hiszen ezek k\u00f6z\u00f6tt ezernyi \u00e1tmenet l\u00e9tezik. A legnagyobb probl\u00e9m\u00e1t a mag\u00e1nkiad\u00e1sban legink\u00e1bb a rekl\u00e1moz\u00e1s \u00e9s terjeszt\u00e9s okozza, hiszen nagyobb k\u00f6nyvh\u00e1l\u00f3zatokba nehezen lehet bejutni self-publishinggel, kiad\u00f3 n\u00e9lk\u00fcl.<\/p>\n<p style=\"text-align: justify;\">Most, hogy ezt tiszt\u00e1ztuk, elmes\u00e9lem a saj\u00e1t t\u00f6rt\u00e9netemet. Tizenh\u00e1rom \u00e9ves korom \u00f3ta folyamatosan \u00edrok, de arra, hogy publik\u00e1lni szeretn\u00e9k csak huszonegy \u00e9vesen j\u00f6ttem r\u00e1. 2011 \u00f3ta jelenek meg kisebb magazinokban, innent\u0151l kezdve elhat\u00e1roztam, hogy k\u00e1b\u00e9 minden lehets\u00e9ges novellap\u00e1ly\u00e1zatra bek\u00fcld\u00f6m az \u00edr\u00e1saimat.<\/p>\n<p style=\"text-align: justify;\">Nekem mindig a hagyom\u00e1nyos kiad\u00e1s volt a c\u00e9lom, \u00e1lomk\u00e9nt lebegett el\u0151ttem, hogy egyik nap kapok egy kiad\u00f3t\u00f3l levelet, amiben k\u00f6zlik, hogy igen, az \u00e9n reg\u00e9nyemet v\u00e1lasztott\u00e1k kiad\u00e1sra. \u00c9pp ez\u00e9rt \u00fagy gondoltam, hogy a legt\u00f6bbet ez\u00e9rt \u00fagy tehetek, ha novellap\u00e1ly\u00e1zatokon \u00e9rek el helyez\u00e9seket, \u00edr\u00f3suliba j\u00e1rok \u00e9s \u00edr\u00e1stechnikai k\u00f6nyveket is olvasok amellett, hogy a reg\u00e9nyeket is falom. Az els\u0151 k\u00e9ziratommal el is kezdtem kiad\u00f3khoz jelentkezni, de k\u00e9s\u0151bb kider\u00fclt, hogy ez az NA-fantasy nem \u00fcti meg azt a m\u00e9rc\u00e9t, amit kellene neki. Azt\u00e1n 2012-ben a sors el\u00e9m sodorta az IRKA \u00edr\u00f3kurzus\u00e1t G\u00f6d\u00f6ll\u0151n, ami n\u00e1lam nagyban megv\u00e1ltoztatta az \u00edr\u00e1s min\u0151s\u00e9g\u00e9t. Ezen a p\u00e1r h\u00f3napos kurzuson kezdtem el megtervezni a Maradj velem-et, amit v\u00e9g\u00fcl 2013-ban fejeztem be. Mint m\u00e1r sokan tudj\u00e1tok, a reg\u00e9nyt 2016-ban adta ki a Maxim kiad\u00f3, teljesen hagyom\u00e1nyos form\u00e1ban. Ezzel t\u00e9nyleg teljes\u00fclt az \u00e1lmom: 2016 febru\u00e1rj\u00e1ban kaptam egy levelet, amiben k\u00f6z\u00f6lt\u00e9k velem az \u00f6r\u00f6mteli h\u00edrt, hogy szeretn\u00e9k kiadni a reg\u00e9nyemet a Dream\u2013v\u00e1logat\u00e1s sorozatban. \u00c9letem egyik legboldogabb pillanata volt.<\/p>\n<p><a href=\"https:\/\/i1.wp.com\/szaszkogabriella.com\/wp-content\/uploads\/2018\/04\/55acfa96e11a6.jpg\"><img data-attachment-id=\"2125\" data-permalink=\"http:\/\/szaszkogabriella.com\/index.php\/hu\/2018\/04\/11\/irok-egymas-kozott-hagyomanyos-kiadas-versus-magankiadas\/55acfa96e11a6\/\" data-orig-file=\"https:\/\/i1.wp.com\/szaszkogabriella.com\/wp-content\/uploads\/2018\/04\/55acfa96e11a6.jpg?fit=800%2C500\" data-orig-size=\"800,500\" data-comments-opened=\"1\" data-image-meta=\"{&quot;aperture&quot;:&quot;0&quot;,&quot;credit&quot;:&quot;&quot;,&quot;camera&quot;:&quot;&quot;,&quot;caption&quot;:&quot;&quot;,&quot;created_timestamp&quot;:&quot;0&quot;,&quot;copyright&quot;:&quot;&quot;,&quot;focal_length&quot;:&quot;0&quot;,&quot;iso&quot;:&quot;0&quot;,&quot;shutter_speed&quot;:&quot;0&quot;,&quot;title&quot;:&quot;&quot;,&quot;orientation&quot;:&quot;0&quot;}\" data-image-title=\"55acfa96e11a6\" data-image-description=\"\" data-medium-file=\"https:\/\/i1.wp.com\/szaszkogabriella.com\/wp-content\/uploads\/2018\/04\/55acfa96e11a6.jpg?fit=300%2C188\" data-large-file=\"https:\/\/i1.wp.com\/szaszkogabriella.com\/wp-content\/uploads\/2018\/04\/55acfa96e11a6.jpg?fit=560%2C350\" decoding=\"async\" loading=\"lazy\" class=\"aligncenter size-full wp-image-2125\" src=\"https:\/\/i1.wp.com\/szaszkogabriella.com\/wp-content\/uploads\/2018\/04\/55acfa96e11a6.jpg?resize=560%2C350\" alt=\"\" width=\"560\" height=\"350\" srcset=\"https:\/\/i1.wp.com\/szaszkogabriella.com\/wp-content\/uploads\/2018\/04\/55acfa96e11a6.jpg?w=800 800w, https:\/\/i1.wp.com\/szaszkogabriella.com\/wp-content\/uploads\/2018\/04\/55acfa96e11a6.jpg?resize=300%2C188 300w, https:\/\/i1.wp.com\/szaszkogabriella.com\/wp-content\/uploads\/2018\/04\/55acfa96e11a6.jpg?resize=768%2C480 768w\" sizes=\"(max-width: 560px) 100vw, 560px\" data-recalc-dims=\"1\" \/><\/a><\/p>\n<p style=\"text-align: justify;\">\u00c9s mi t\u00f6rt\u00e9nt 2013 \u00e9s 2016 k\u00f6z\u00f6tt? Elkezdtem e-maileket k\u00fcldeni a kiad\u00f3knak. Szinopszissal, k\u00eds\u00e9r\u0151lev\u00e9llel \u00e9s az \u00edr\u00f3i \u00f6n\u00e9letrajzommal elk\u00fcldtem a lecsiszolt, el\u0151olvasott k\u00e9ziratomat. 2013-ban m\u00e1r kilenc publik\u00e1ci\u00f3m volt novell\u00e1kat illet\u0151en, hat p\u00e1ly\u00e1zaton \u00e9rtem el helyez\u00e9st a novell\u00e1immal. \u00c9s v\u00e1rtam. \u00c9n hagyom\u00e1nyos \u00faton szerettem volna kiad\u00f3t a k\u00f6nyvnek. Az\u00e9rt is, mert tudni akartam, hogy meg\u00fcti-e a m\u00e9rc\u00e9t. Szerettem volna azt hallani egy lektort\u00f3l, egy kiad\u00f3i munkat\u00e1rst\u00f3l, hogy kiad\u00e1sra \u00e9rdemes, amit \u00edrok. Mi t\u00f6rt\u00e9nt? Javar\u00e9szt semmi. \u00cdgy tov\u00e1bb v\u00e1rtam, n\u00e9ha elkeseredve, n\u00e9ha rem\u00e9nykedve. \u00c9s k\u00f6zben novell\u00e1kat-reg\u00e9nyeket \u00edrtam, jelentkeztem m\u00e9g t\u00f6bb p\u00e1ly\u00e1zatra, \u00e9s igyekeztem m\u00e9g t\u00f6bbet tanulni. Ez alatt az id\u0151 alatt befejeztem a tril\u00f3gi\u00e1mat, \u00e9s pr\u00f3b\u00e1ltam nem teljesen elkeseredni.<\/p>\n<p><a href=\"https:\/\/i0.wp.com\/szaszkogabriella.com\/wp-content\/uploads\/2018\/04\/five-tips-publishing-own-book1.jpg\"><img data-attachment-id=\"2126\" data-permalink=\"http:\/\/szaszkogabriella.com\/index.php\/hu\/2018\/04\/11\/irok-egymas-kozott-hagyomanyos-kiadas-versus-magankiadas\/five-tips-publishing-own-book1\/\" data-orig-file=\"https:\/\/i0.wp.com\/szaszkogabriella.com\/wp-content\/uploads\/2018\/04\/five-tips-publishing-own-book1.jpg?fit=700%2C350\" data-orig-size=\"700,350\" data-comments-opened=\"1\" data-image-meta=\"{&quot;aperture&quot;:&quot;0&quot;,&quot;credit&quot;:&quot;&quot;,&quot;camera&quot;:&quot;&quot;,&quot;caption&quot;:&quot;&quot;,&quot;created_timestamp&quot;:&quot;0&quot;,&quot;copyright&quot;:&quot;&quot;,&quot;focal_length&quot;:&quot;0&quot;,&quot;iso&quot;:&quot;0&quot;,&quot;shutter_speed&quot;:&quot;0&quot;,&quot;title&quot;:&quot;&quot;,&quot;orientation&quot;:&quot;1&quot;}\" data-image-title=\"five-tips-publishing-own-book1\" data-image-description=\"\" data-medium-file=\"https:\/\/i0.wp.com\/szaszkogabriella.com\/wp-content\/uploads\/2018\/04\/five-tips-publishing-own-book1.jpg?fit=300%2C150\" data-large-file=\"https:\/\/i0.wp.com\/szaszkogabriella.com\/wp-content\/uploads\/2018\/04\/five-tips-publishing-own-book1.jpg?fit=560%2C280\" decoding=\"async\" loading=\"lazy\" class=\"aligncenter size-full wp-image-2126\" src=\"https:\/\/i0.wp.com\/szaszkogabriella.com\/wp-content\/uploads\/2018\/04\/five-tips-publishing-own-book1.jpg?resize=560%2C280\" alt=\"\" width=\"560\" height=\"280\" srcset=\"https:\/\/i0.wp.com\/szaszkogabriella.com\/wp-content\/uploads\/2018\/04\/five-tips-publishing-own-book1.jpg?w=700 700w, https:\/\/i0.wp.com\/szaszkogabriella.com\/wp-content\/uploads\/2018\/04\/five-tips-publishing-own-book1.jpg?resize=300%2C150 300w\" sizes=\"(max-width: 560px) 100vw, 560px\" data-recalc-dims=\"1\" \/><\/a><\/p>\n<p style=\"text-align: justify;\">M\u00e1r sejthetitek, hogy hagyom\u00e1nyos kiad\u00e1s p\u00e1rti vagyok, ha itt p\u00e1rtokra kell szakadni. Nem mondan\u00e1m azt, hogy a mag\u00e1nkiad\u00f3knak vagy a self-publishingnek nincs helye a piacon, hiszen ad\u00f3dhat olyan lehet\u0151s\u00e9g, amikor valaki t\u00e9nyleg tehets\u00e9ges, de nem figyelnek fel r\u00e1, \u00e9s ez seg\u00edt elind\u00edtani a karrierj\u00e9t. Bevallom, hogy \u00e9n is gondolkoztam rajta, hogy mi t\u00f6rt\u00e9nik, ha senkinek sem kell majd a Maradj velem, hiszen a magyar kiad\u00f3k sz\u00e1ma v\u00e9ges. Erre az volt a B-tervem, hogy akkor majd \u00edrok egy m\u00e1sik, egy m\u00e9g jobb reg\u00e9nyt, elk\u00fcld\u00f6m azt, \u00e9s ut\u00f3lag tal\u00e1n a Maradj velem is kiad\u00e1sra ker\u00fclhet, ha m\u00e1r bent vagyok egy kiad\u00f3n\u00e1l.<\/p>\n<p style=\"text-align: justify;\">A mag\u00e1nkiad\u00e1s persze lehet j\u00f3 lehet\u0151s\u00e9g, de \u00e9n igen sok buktat\u00f3t \u00e9s vesz\u00e9lyt \u00e9rzek benne. Szerintem a k\u00f6nyvkiad\u00e1snak eg\u00e9sz egyszer\u0171en neh\u00e9znek kell lennie, hogy arra biztassa az \u00edr\u00f3t, hogy a lehet\u0151 legjobb, legmin\u0151s\u00e9gibb munk\u00e1t adja ki a keze k\u00f6z\u00fcl. Az \u00e9n v\u00e9lem\u00e9nyem szerint a kiad\u00e1s\u00e9rt \u00e9rdemes harcolni, csiszolni magad \u00e9s f\u00e1radoznod azon, hogy jobb legy\u00e9l. Hozz\u00e1teszem, hogy ez ezzel egy\u00fctt igencsak frusztr\u00e1l\u00f3, f\u0151leg egy olyan kis k\u00f6nyvpiacon, mint a magyar. Sajnos nagyon sok kezd\u0151 \u00edr\u00f3n\u00e1l \u00e9rzek t\u00fcrelmetlens\u00e9get, olyan szint\u0171 publik\u00e1l\u00e1si \u00e9hs\u00e9get, amit nem \u00e9rtek. Persze, mindenki szeretn\u00e9 megmutatni a vil\u00e1gnak a munk\u00e1j\u00e1t, de nem hinn\u00e9m, hogy jobb kiadni mag\u00e1nban egy reg\u00e9nyt, ami k\u00e9s\u0151bb szerinted sem \u00fcti meg a megfelel\u0151 m\u00e9rc\u00e9t. R\u00e1ad\u00e1sul a mag\u00e1nkiad\u00e1sban iszonyatos neh\u00e9zs\u00e9gek rejlenek: a terjeszt\u00e9s, a megfelel\u0151 szerkeszt\u00e9s, az igaz\u00e1n min\u0151s\u00e9gi k\u00f6nyv lehet\u0151s\u00e9ge sokszor elveszik a p\u00e9nzhi\u00e1nyban \u00e9s a profizmus hi\u00e1ny\u00e1ban.<\/p>\n<p><a href=\"https:\/\/i1.wp.com\/szaszkogabriella.com\/wp-content\/uploads\/2018\/04\/28117554_10209113496473089_761231140_n.jpg\"><img data-attachment-id=\"2124\" data-permalink=\"http:\/\/szaszkogabriella.com\/index.php\/hu\/2018\/04\/11\/irok-egymas-kozott-hagyomanyos-kiadas-versus-magankiadas\/28117554_10209113496473089_761231140_n-2\/\" data-orig-file=\"https:\/\/i1.wp.com\/szaszkogabriella.com\/wp-content\/uploads\/2018\/04\/28117554_10209113496473089_761231140_n.jpg?fit=800%2C800\" data-orig-size=\"800,800\" data-comments-opened=\"1\" data-image-meta=\"{&quot;aperture&quot;:&quot;0&quot;,&quot;credit&quot;:&quot;&quot;,&quot;camera&quot;:&quot;&quot;,&quot;caption&quot;:&quot;&quot;,&quot;created_timestamp&quot;:&quot;0&quot;,&quot;copyright&quot;:&quot;&quot;,&quot;focal_length&quot;:&quot;0&quot;,&quot;iso&quot;:&quot;0&quot;,&quot;shutter_speed&quot;:&quot;0&quot;,&quot;title&quot;:&quot;&quot;,&quot;orientation&quot;:&quot;0&quot;}\" data-image-title=\"28117554_10209113496473089_761231140_n\" data-image-description=\"\" data-medium-file=\"https:\/\/i1.wp.com\/szaszkogabriella.com\/wp-content\/uploads\/2018\/04\/28117554_10209113496473089_761231140_n.jpg?fit=300%2C300\" data-large-file=\"https:\/\/i1.wp.com\/szaszkogabriella.com\/wp-content\/uploads\/2018\/04\/28117554_10209113496473089_761231140_n.jpg?fit=560%2C560\" decoding=\"async\" loading=\"lazy\" class=\"aligncenter size-full wp-image-2124\" src=\"https:\/\/i1.wp.com\/szaszkogabriella.com\/wp-content\/uploads\/2018\/04\/28117554_10209113496473089_761231140_n.jpg?resize=560%2C560\" alt=\"\" width=\"560\" height=\"560\" srcset=\"https:\/\/i1.wp.com\/szaszkogabriella.com\/wp-content\/uploads\/2018\/04\/28117554_10209113496473089_761231140_n.jpg?w=800 800w, https:\/\/i1.wp.com\/szaszkogabriella.com\/wp-content\/uploads\/2018\/04\/28117554_10209113496473089_761231140_n.jpg?resize=150%2C150 150w, https:\/\/i1.wp.com\/szaszkogabriella.com\/wp-content\/uploads\/2018\/04\/28117554_10209113496473089_761231140_n.jpg?resize=300%2C300 300w, https:\/\/i1.wp.com\/szaszkogabriella.com\/wp-content\/uploads\/2018\/04\/28117554_10209113496473089_761231140_n.jpg?resize=768%2C768 768w\" sizes=\"(max-width: 560px) 100vw, 560px\" data-recalc-dims=\"1\" \/><\/a><\/p>\n<p style=\"text-align: justify;\">Itt is szeretn\u00e9m, ha megjelenne szerintem a legfontosabb kifejez\u00e9s: az al\u00e1zat. A m\u0171v\u00e9szi al\u00e1zat a kiad\u00f3 szakemberei fel\u00e9, az olvas\u00f3k fel\u00e9, a b\u00e9t\u00e1k fel\u00e9, a szerkeszt\u0151k fel\u00e9. \u00c9rdemes v\u00e9lem\u00e9nyt k\u00e9rni t\u0151l\u00fck, \u00e9s \u00e9rdemes meghallani, amit mondanak. Ha valaki \u00edr\u00f3 szeretne lenni, az legyen kitart\u00f3, t\u00fcrelmes, olvasson \u00e9s \u00edrjon sokat. \u00dagy \u00e9rzem, a k\u00f6nny\u0171 publik\u00e1l\u00e1sn\u00e1l sokszor ez az, ami pont elveszik a s\u00fcllyeszt\u0151ben. Az \u00edr\u00f3k sokszor nem v\u00e1rnak eleget, nem hallgatnak a v\u00e9lem\u00e9nyekre. Pedig mindannyian azt szeretn\u00e9k, ha igaz\u00e1n j\u00f3, min\u0151s\u00e9gi k\u00f6nyvek lenn\u00e9nek a piacon, nem? Olyanok, amikre b\u00fcszk\u00e9k lehet\u00fcnk, amik az olvas\u00f3knak adnak valami extr\u00e1t. Lehet az sz\u00f3rakoz\u00e1s, lehet nevet\u00e9s, borzong\u00e1s vagy komoly t\u00e9m\u00e1k. \u00c9s ezzel nem azt mondom, hogy hagyom\u00e1nyos kiad\u00f3kn\u00e1l nem jelennek meg rossz min\u0151s\u00e9g\u0171 m\u0171vek, de ott m\u00e9g mindig nagyobb a kontroll. \u00c9s \u00fagy \u00e9rzem, itt kell lennie kontrollnak \u00e9s versenynek, hogy a min\u0151s\u00e9g el\u0151t\u00e9rbe ker\u00fclj\u00f6n.<\/p>\n<p style=\"text-align: justify;\">Sz\u00f3val, \u00e9n csak annyit szeretn\u00e9k a j\u00f6vend\u0151, felt\u00f6rekv\u0151 \u00edr\u00f3knak mondani, hogy akarjatok mindig fejl\u0151dni, tanulni, hallgassatok m\u00e1sokra \u00e9s legyetek t\u00fcrelmesek. Szerintem a saj\u00e1t k\u00f6nyv\u00e9rt \u00e9rdemes harcolni, akkor is, ha pici k\u00f6nyvpiac vagyunk, kev\u00e9s \u00edr\u00f3i bev\u00e9tellel. De nem is a bev\u00e9tel\u00e9rt \u00edrunk eredetileg, nem? Akkor mi\u00e9rt? Ez a k\u00e9rd\u00e9s \ud83d\ude42<\/p>\n","protected":false},"excerpt":{"rendered":"<p>Az \u00e1prilisi \u00edr\u00f3k egym\u00e1s k\u00f6z\u00f6tt k\u00f6rblogol\u00e1sunkban a mag\u00e1nkiad\u00e1sr\u00f3l \u00e9s a hagyom\u00e1nyos kiad\u00e1sr\u00f3l fogunk besz\u00e9lni. A t\u00e9ma olyannyira \u00f6sszetett \u00e9s sokr\u00e9t\u0171, hogy azt se tudom, hogyan kezdjek neki. Megpr\u00f3b\u00e1lom a v\u00e9lem\u00e9nyem mellett felvillantani a f\u0151bb k\u00fcl\u00f6nbs\u00e9geket is, h\u00e1tha ez valakinek \u00fatmutat\u00f3k\u00e9nt &hellip; <a class=\"more-link\" href=\"http:\/\/szaszkogabriella.com\/index.php\/hu\/2018\/04\/11\/irok-egymas-kozott-hagyomanyos-kiadas-versus-magankiadas\/\">Continue reading <span class=\"meta-nav\">&rarr;<\/span><\/a><\/p>\n","protected":false},"author":1,"featured_media":2124,"comment_status":"open","ping_status":"open","sticky":false,"template":"","format":"standard","meta":{"spay_email":"","jetpack_publicize_message":"","jetpack_is_tweetstorm":false},"categories":[338,1966],"tags":[2074,2080,1968,2078,2072,2076,403],"yoast_head":"<!-- This site is optimized with the Yoast SEO plugin v16.2 - https:\/\/yoast.com\/wordpress\/plugins\/seo\/ -->\n<meta name=\"robots\" content=\"index, follow, max-snippet:-1, max-image-preview:large, max-video-preview:-1\" \/>\n<link rel=\"canonical\" href=\"http:\/\/szaszkogabriella.com\/index.php\/hu\/2018\/04\/11\/irok-egymas-kozott-hagyomanyos-kiadas-versus-magankiadas\/\" \/>\n<meta property=\"og:locale\" content=\"en_US\" \/>\n<meta property=\"og:type\" content=\"article\" \/>\n<meta property=\"og:title\" content=\"\u00cdr\u00f3k egym\u00e1s k\u00f6z\u00f6tt: hagyom\u00e1nyos kiad\u00e1s versus mag\u00e1nkiad\u00e1s? - Szaszk\u00f3 Gabriella\" \/>\n<meta property=\"og:description\" content=\"Az \u00e1prilisi \u00edr\u00f3k egym\u00e1s k\u00f6z\u00f6tt k\u00f6rblogol\u00e1sunkban a mag\u00e1nkiad\u00e1sr\u00f3l \u00e9s a hagyom\u00e1nyos kiad\u00e1sr\u00f3l fogunk besz\u00e9lni. A t\u00e9ma olyannyira \u00f6sszetett \u00e9s sokr\u00e9t\u0171, hogy azt se tudom, hogyan kezdjek neki. Megpr\u00f3b\u00e1lom a v\u00e9lem\u00e9nyem mellett felvillantani a f\u0151bb k\u00fcl\u00f6nbs\u00e9geket is, h\u00e1tha ez valakinek \u00fatmutat\u00f3k\u00e9nt &hellip; Continue reading &rarr;\" \/>\n<meta property=\"og:url\" content=\"http:\/\/szaszkogabriella.com\/index.php\/hu\/2018\/04\/11\/irok-egymas-kozott-hagyomanyos-kiadas-versus-magankiadas\/\" \/>\n<meta property=\"og:site_name\" content=\"Szaszk\u00f3 Gabriella\" \/>\n<meta property=\"article:author\" content=\"https:\/\/www.facebook.com\/gabriellaszaszkoswriting\" \/>\n<meta property=\"article:published_time\" content=\"2018-04-11T11:00:54+00:00\" \/>\n<meta property=\"article:modified_time\" content=\"2018-04-23T10:31:26+00:00\" \/>\n<meta property=\"og:image\" content=\"https:\/\/i1.wp.com\/szaszkogabriella.com\/wp-content\/uploads\/2018\/04\/28117554_10209113496473089_761231140_n.jpg?fit=800%2C800\" \/>\n\t<meta property=\"og:image:width\" content=\"800\" \/>\n\t<meta property=\"og:image:height\" content=\"800\" \/>\n<meta name=\"twitter:card\" content=\"summary\" \/>\n<meta name=\"twitter:label1\" content=\"Est. reading time\">\n\t<meta name=\"twitter:data1\" content=\"7 minutes\">\n<script type=\"application\/ld+json\" class=\"yoast-schema-graph\">{\"@context\":\"https:\/\/schema.org\",\"@graph\":[{\"@type\":\"WebSite\",\"@id\":\"https:\/\/szaszkogabriella.com\/index.php\/hu\/rola\/#website\",\"url\":\"https:\/\/szaszkogabriella.com\/index.php\/hu\/rola\/\",\"name\":\"Szaszk\\u00f3 Gabriella\",\"description\":\"\",\"potentialAction\":[{\"@type\":\"SearchAction\",\"target\":\"https:\/\/szaszkogabriella.com\/index.php\/hu\/rola\/?s={search_term_string}\",\"query-input\":\"required name=search_term_string\"}],\"inLanguage\":\"en-US\"},{\"@type\":\"ImageObject\",\"@id\":\"http:\/\/szaszkogabriella.com\/index.php\/hu\/2018\/04\/11\/irok-egymas-kozott-hagyomanyos-kiadas-versus-magankiadas\/#primaryimage\",\"inLanguage\":\"en-US\",\"url\":\"https:\/\/i1.wp.com\/szaszkogabriella.com\/wp-content\/uploads\/2018\/04\/28117554_10209113496473089_761231140_n.jpg?fit=800%2C800\",\"contentUrl\":\"https:\/\/i1.wp.com\/szaszkogabriella.com\/wp-content\/uploads\/2018\/04\/28117554_10209113496473089_761231140_n.jpg?fit=800%2C800\",\"width\":800,\"height\":800},{\"@type\":\"WebPage\",\"@id\":\"http:\/\/szaszkogabriella.com\/index.php\/hu\/2018\/04\/11\/irok-egymas-kozott-hagyomanyos-kiadas-versus-magankiadas\/#webpage\",\"url\":\"http:\/\/szaszkogabriella.com\/index.php\/hu\/2018\/04\/11\/irok-egymas-kozott-hagyomanyos-kiadas-versus-magankiadas\/\",\"name\":\"\\u00cdr\\u00f3k egym\\u00e1s k\\u00f6z\\u00f6tt: hagyom\\u00e1nyos kiad\\u00e1s versus mag\\u00e1nkiad\\u00e1s? - Szaszk\\u00f3 Gabriella\",\"isPartOf\":{\"@id\":\"https:\/\/szaszkogabriella.com\/index.php\/hu\/rola\/#website\"},\"primaryImageOfPage\":{\"@id\":\"http:\/\/szaszkogabriella.com\/index.php\/hu\/2018\/04\/11\/irok-egymas-kozott-hagyomanyos-kiadas-versus-magankiadas\/#primaryimage\"},\"datePublished\":\"2018-04-11T11:00:54+00:00\",\"dateModified\":\"2018-04-23T10:31:26+00:00\",\"author\":{\"@id\":\"https:\/\/szaszkogabriella.com\/index.php\/hu\/rola\/#\/schema\/person\/f1bfdb90405c070d18b4cda6cb2d97e7\"},\"breadcrumb\":{\"@id\":\"http:\/\/szaszkogabriella.com\/index.php\/hu\/2018\/04\/11\/irok-egymas-kozott-hagyomanyos-kiadas-versus-magankiadas\/#breadcrumb\"},\"inLanguage\":\"en-US\",\"potentialAction\":[{\"@type\":\"ReadAction\",\"target\":[\"http:\/\/szaszkogabriella.com\/index.php\/hu\/2018\/04\/11\/irok-egymas-kozott-hagyomanyos-kiadas-versus-magankiadas\/\"]}]},{\"@type\":\"BreadcrumbList\",\"@id\":\"http:\/\/szaszkogabriella.com\/index.php\/hu\/2018\/04\/11\/irok-egymas-kozott-hagyomanyos-kiadas-versus-magankiadas\/#breadcrumb\",\"itemListElement\":[{\"@type\":\"ListItem\",\"position\":1,\"item\":{\"@type\":\"WebPage\",\"@id\":\"https:\/\/szaszkogabriella.com\/index.php\/en\/about-me\/\",\"url\":\"https:\/\/szaszkogabriella.com\/index.php\/en\/about-me\/\",\"name\":\"Home\"}},{\"@type\":\"ListItem\",\"position\":2,\"item\":{\"@id\":\"http:\/\/szaszkogabriella.com\/index.php\/hu\/2018\/04\/11\/irok-egymas-kozott-hagyomanyos-kiadas-versus-magankiadas\/#webpage\"}}]},{\"@type\":\"Person\",\"@id\":\"https:\/\/szaszkogabriella.com\/index.php\/hu\/rola\/#\/schema\/person\/f1bfdb90405c070d18b4cda6cb2d97e7\",\"name\":\"Gabriella\",\"image\":{\"@type\":\"ImageObject\",\"@id\":\"https:\/\/szaszkogabriella.com\/index.php\/hu\/rola\/#personlogo\",\"inLanguage\":\"en-US\",\"url\":\"http:\/\/2.gravatar.com\/avatar\/ed8f7419b959f303647d2997795ba3b4?s=96&d=mm&r=g\",\"contentUrl\":\"http:\/\/2.gravatar.com\/avatar\/ed8f7419b959f303647d2997795ba3b4?s=96&d=mm&r=g\",\"caption\":\"Gabriella\"},\"sameAs\":[\"http:\/\/szaszkogabriella.com\/\",\"https:\/\/www.facebook.com\/gabriellaszaszkoswriting\"]}]}<\/script>\n<!-- \/ Yoast SEO plugin. -->","jetpack_featured_media_url":"https:\/\/i1.wp.com\/szaszkogabriella.com\/wp-content\/uploads\/2018\/04\/28117554_10209113496473089_761231140_n.jpg?fit=800%2C800","jetpack_publicize_connections":[],"jetpack_sharing_enabled":true,"jetpack_shortlink":"https:\/\/wp.me\/p6aBpy-yf","jetpack_likes_enabled":true,"jetpack-related-posts":[{"id":2075,"url":"http:\/\/szaszkogabriella.com\/index.php\/hu\/2018\/03\/10\/irok-egymas-kozott-mitol-iro-az-iro\/","url_meta":{"origin":2123,"position":0},"title":"\u00cdr\u00f3k egym\u00e1s k\u00f6z\u00f6tt: Mit\u0151l \u00edr\u00f3 az \u00edr\u00f3?","date":"March 10, 2018","format":false,"excerpt":"A \u00cdr\u00f3k egym\u00e1s k\u00f6z\u00f6tt m\u00e1rciusi kiad\u00e1s\u00e1ban arr\u00f3l elm\u00e9lked\u00fcnk, hogy mikort\u00f3l is nevezheti mag\u00e1t valaki \u00edr\u00f3nak, mi kell, hogy egy\u00e1ltal\u00e1n viselhesd ezt a c\u00edmk\u00e9t. A t\u00e9ma m\u00e1r nagyon r\u00e9g\u00f3ta foglalkoztat engem is, 2015-ben \u00edrtam is err\u0151l m\u00e1r p\u00e1r sort (ide kattintva ezt is el\u00e9rhetitek). Nekem is \u00e9rdekes lesz az \u00f6sszehasonl\u00edt\u00e1s, hogy\u2026","rel":"","context":"In &quot;\u00cdr\u00e1sr\u00f3l&quot;","img":{"alt_text":"","src":"https:\/\/i2.wp.com\/szaszkogabriella.com\/wp-content\/uploads\/2018\/03\/28117554_10209113496473089_761231140_n.jpg?fit=800%2C800&resize=350%2C200","width":350,"height":200},"classes":[]},{"id":2637,"url":"http:\/\/szaszkogabriella.com\/index.php\/hu\/2019\/05\/11\/irok-egymas-kozott-mennyit-keres-az-iro\/","url_meta":{"origin":2123,"position":1},"title":"\u00cdr\u00f3k egym\u00e1s k\u00f6z\u00f6tt - Mennyit keres az \u00edr\u00f3?","date":"May 11, 2019","format":false,"excerpt":"A mai h\u00f3napunk t\u00e9m\u00e1j\u00e1nak olyasmit v\u00e1lasztottunk, ami azt hiszem, mindenkit \u00e9rdekel. M\u00e1jusban arr\u00f3l besz\u00e9lget\u00fcnk, hogy mennyit is keres kis haz\u00e1nkban egy \u00edr\u00f3, meg lehet-e \u00e9lni az \u00edr\u00e1sb\u00f3l. Ha Fanni, Kl\u00e1ri \u00e9s Emma bejegyz\u00e9s\u00e9t is szeretn\u00e9tek olvasni, akkor a nev\u00fckre kattintva megtehetitek! Mi\u00f3ta kiadtam a k\u00f6nyveimet, mondhatjuk, minden ismer\u0151s\u00f6m megk\u00e9rdezi, hogy\u2026","rel":"","context":"In &quot;\u00cdr\u00e1sr\u00f3l&quot;","img":{"alt_text":"","src":"https:\/\/i0.wp.com\/szaszkogabriella.com\/wp-content\/uploads\/2018\/05\/32082716_10209592390085130_1985504836241588224_n.png?fit=800%2C800&resize=350%2C200","width":350,"height":200},"classes":[]},{"id":2010,"url":"http:\/\/szaszkogabriella.com\/index.php\/hu\/2018\/01\/26\/egy-kis-kozvelemeny-kutatas-miert-tartozkodnak-magyar-szerzoktol-az-olvasok\/","url_meta":{"origin":2123,"position":2},"title":"Egy kis k\u00f6zv\u00e9lem\u00e9ny-kutat\u00e1s: mi\u00e9rt tart\u00f3zkodnak a magyar szerz\u0151kt\u0151l az olvas\u00f3k?","date":"January 26, 2018","format":false,"excerpt":"A m\u00e1sodik reg\u00e9nyem megjelen\u00e9se kapcs\u00e1n pattant ki a fejemb\u0151l az \u00f6tlet, hogy megk\u00e9rdezzem a Moly k\u00f6z\u00f6ss\u00e9g\u00e9t, hogy mi\u00e9rt is nem olvasnak magyar szerz\u0151ket, mi\u00e9rt is bizalmatlanok a m\u0171veik fel\u00e9. A t\u00e9ma ugyeb\u00e1r engem is \u00e9rint, de ennek ellen\u00e9re el\u0151re lesz\u00f6gezn\u00e9m, hogy a most k\u00f6vetkez\u0151 bejegyz\u00e9ssel nem c\u00e9lom senkit sem meggy\u0151zni,\u2026","rel":"","context":"In &quot;\u00cdr\u00e1sr\u00f3l&quot;","img":{"alt_text":"","src":"https:\/\/i0.wp.com\/szaszkogabriella.com\/wp-content\/uploads\/2018\/01\/4996030244_11ab5d2a0b_b.jpg?fit=1024%2C683&resize=350%2C200","width":350,"height":200},"classes":[]},{"id":2318,"url":"http:\/\/szaszkogabriella.com\/index.php\/hu\/2018\/09\/16\/irok-egymas-kozott-boritokrol\/","url_meta":{"origin":2123,"position":3},"title":"\u00cdr\u00f3k egym\u00e1s k\u00f6z\u00f6tt - A bor\u00edt\u00f3kr\u00f3l","date":"September 16, 2018","format":false,"excerpt":"Ebben a h\u00f3napban is olyan t\u00e9m\u00e1t r\u00e1ntottunk el\u0151, amir\u0151l szerintem mindenkinek vannak gondolatai Most a bor\u00edt\u00f3kr\u00f3l fogom elmondani teljesen szubjekt\u00edv v\u00e9lem\u00e9nyemet, \u00e9s k\u00f6zben besz\u00e9lek egy kicsit a saj\u00e1t k\u00f6nyveim bor\u00edt\u00f3j\u00e1r\u00f3l is, mert ez a t\u00e9ma mindig felbukkan. \u00d6r\u00f6mmel jelentj\u00fck be, hogy \u00faj taggal b\u0151v\u00fclt\u00fcnk, sz\u00f3val most m\u00e1r Lad\u00e1nyi Kl\u00e1ri \u00e9s\u2026","rel":"","context":"In &quot;\u00cdr\u00e1sr\u00f3l&quot;","img":{"alt_text":"","src":"https:\/\/i2.wp.com\/szaszkogabriella.com\/wp-content\/uploads\/2018\/03\/28117554_10209113496473089_761231140_n.jpg?fit=800%2C800&resize=350%2C200","width":350,"height":200},"classes":[]},{"id":2782,"url":"http:\/\/szaszkogabriella.com\/index.php\/hu\/2019\/10\/11\/irok-egymas-kozott-az-onmarketingrol\/","url_meta":{"origin":2123,"position":4},"title":"\u00cdr\u00f3k egym\u00e1s k\u00f6z\u00f6tt: az \u00f6nmarketingr\u0151l","date":"October 11, 2019","format":false,"excerpt":"El\u00e9rkezt\u00fcnk az okt\u00f3beri \u00cdr\u00f3k egym\u00e1s k\u00f6z\u00f6tt sorozatunk k\u00f6vetkez\u0151 r\u00e9sz\u00e9hez. Ebben a h\u00f3napban \u00fagy d\u00f6nt\u00f6tt\u00fcnk a l\u00e1nyokkal, hogy az \u00f6nmarketing fog a ter\u00edt\u00e9kre ker\u00fclni. Ha tov\u00e1bb szeretn\u00e9tek olvasni a t\u00e9m\u00e1ban, akkor ide kattintva el\u00e9rhetitek Fanni, Emma \u00e9s Kl\u00e1ri bejegyz\u00e9s\u00e9t is. H\u00e1rom \u00e9ve, az els\u0151 reg\u00e9nyem kiad\u00e1sa el\u0151tt n\u00e9ztem el\u0151sz\u00f6r szembe azzal\u2026","rel":"","context":"In &quot;\u00cdr\u00e1sr\u00f3l&quot;","img":{"alt_text":"","src":"https:\/\/i2.wp.com\/szaszkogabriella.com\/wp-content\/uploads\/2018\/11\/43448583_1560276820738476_4240860509185769472_n-1.jpg?fit=800%2C800&resize=350%2C200","width":350,"height":200},"classes":[]},{"id":3129,"url":"http:\/\/szaszkogabriella.com\/index.php\/hu\/2020\/04\/20\/irok-egymas-kozott-szemelyes-temak-a-blogolasban\/","url_meta":{"origin":2123,"position":5},"title":"\u00cdr\u00f3k egym\u00e1s k\u00f6z\u00f6tt: szem\u00e9lyes t\u00e9m\u00e1k a blogol\u00e1sban","date":"April 20, 2020","format":false,"excerpt":"Tegnap n\u00e9ztem fel a blogomra, \u00e9s \u00fagy fest, kisebb sz\u00fcnetet tartottam. \u00d6szt\u00f6n\u00f6sen t\u00e1volodtam el egy kicsit a teend\u0151kt\u0151l, \u00e9s k\u00f6zben megpr\u00f3b\u00e1ltam egyre t\u00f6bbet foglalkozni az \u00edr\u00e1ssal. Szerencs\u00e9re eddig a misszi\u00f3m sikeresnek bizonyult, rem\u00e9lem, tov\u00e1bbra is j\u00f3l fogok haladni. Na, de ennek ellen\u00e9re el\u00e9rkezett a havi \u00cdr\u00f3k egym\u00e1s k\u00f6z\u00f6tt k\u00f6rblogol\u00e1sunk is\u2026","rel":"","context":"In &quot;\u00cdr\u00e1sr\u00f3l&quot;","img":{"alt_text":"","src":"https:\/\/i2.wp.com\/szaszkogabriella.com\/wp-content\/uploads\/2018\/11\/43448583_1560276820738476_4240860509185769472_n-1.jpg?fit=800%2C800&resize=350%2C200","width":350,"height":200},"classes":[]}],"_links":{"self":[{"href":"http:\/\/szaszkogabriella.com\/index.php\/wp-json\/wp\/v2\/posts\/2123"}],"collection":[{"href":"http:\/\/szaszkogabriella.com\/index.php\/wp-json\/wp\/v2\/posts"}],"about":[{"href":"http:\/\/szaszkogabriella.com\/index.php\/wp-json\/wp\/v2\/types\/post"}],"author":[{"embeddable":true,"href":"http:\/\/szaszkogabriella.com\/index.php\/wp-json\/wp\/v2\/users\/1"}],"replies":[{"embeddable":true,"href":"http:\/\/szaszkogabriella.com\/index.php\/wp-json\/wp\/v2\/comments?post=2123"}],"version-history":[{"count":4,"href":"http:\/\/szaszkogabriella.com\/index.php\/wp-json\/wp\/v2\/posts\/2123\/revisions"}],"predecessor-version":[{"id":2151,"href":"http:\/\/szaszkogabriella.com\/index.php\/wp-json\/wp\/v2\/posts\/2123\/revisions\/2151"}],"wp:featuredmedia":[{"embeddable":true,"href":"http:\/\/szaszkogabriella.com\/index.php\/wp-json\/wp\/v2\/media\/2124"}],"wp:attachment":[{"href":"http:\/\/szaszkogabriella.com\/index.php\/wp-json\/wp\/v2\/media?parent=2123"}],"wp:term":[{"taxonomy":"category","embeddable":true,"href":"http:\/\/szaszkogabriella.com\/index.php\/wp-json\/wp\/v2\/categories?post=2123"},{"taxonomy":"post_tag","embeddable":true,"href":"http:\/\/szaszkogabriella.com\/index.php\/wp-json\/wp\/v2\/tags?post=2123"}],"curies":[{"name":"wp","href":"https:\/\/api.w.org\/{rel}","templated":true}]}}