{"id":2273,"date":"2018-07-12T14:00:08","date_gmt":"2018-07-12T13:00:08","guid":{"rendered":"http:\/\/szaszkogabriella.com\/?p=2273"},"modified":"2018-07-12T14:08:16","modified_gmt":"2018-07-12T13:08:16","slug":"irok-egymas-kozott-szorakoztato-vs-szepirodalom","status":"publish","type":"post","link":"http:\/\/szaszkogabriella.com\/index.php\/hu\/2018\/07\/12\/irok-egymas-kozott-szorakoztato-vs-szepirodalom\/","title":{"rendered":"\u00cdr\u00f3k egym\u00e1s k\u00f6z\u00f6tt \u2013 Sz\u00f3rakoztat\u00f3 vs. sz\u00e9pirodalom"},"content":{"rendered":"<p style=\"text-align: justify;\">Ebben a h\u00f3napban \u00fagy d\u00f6nt\u00f6tt\u00fcnk, hogy igencsak \u00e9rdekes, de kiss\u00e9 k\u00e9nyes t\u00e9m\u00e1t h\u00fazunk el\u0151 a tarsolyb\u00f3l. Bevallom, kicsit nehezen is tudtam neki\u00fclni a bejegyz\u00e9snek, hiszen annyi mondand\u00f3m van, de \u00fagy \u00e9reztem, m\u00e9gsem lesz k\u00f6nny\u0171 koherens bejegyz\u00e9st alkotni az \u00fcggyel kapcsolatban. Rem\u00e9lem, az\u00e9rt most is siker\u00fcl n\u00e9mi \u00e9rdekess\u00e9ggel szolg\u00e1lnom. <a href=\"https:\/\/irasroleskonyvekrol.blogspot.com\/2018\/07\/irok-egymas-kozott-szep-vs-szorakoztato.html\">Kl\u00e1ri<\/a> \u00e9s Fanni bejegyz\u00e9s\u00e9t a nev\u00fckre kattintva olvashatj\u00e1tok!<\/p>\n<p style=\"text-align: justify;\">Kezdj\u00fck ott, hogy k\u00f6z\u00e9piskol\u00e1sk\u00e9nt volt bennem egy \u00f6szt\u00f6n\u00f6s undor a sz\u00e9pirodalommal kapcsolatban. Bevallom, hogy az Egri csillagok \u00e9s Az aranyember bizony nem kev\u00e9s \u00e1lmatlan \u00e9jszak\u00e1t hozott tin\u00e9dzser lelkivil\u00e1gomba. Emellett lelkes Stephen King olvas\u00f3 voltam, ami miatt meg megkaptam, hogy nagybet\u0171s ponyv\u00e1t olvasok. Azt\u00e1n a pszichol\u00f3gia szakon kicsit elt\u00e1volodtam az irodalomt\u00f3l, alig volt id\u0151m olvasni \u2013 amit most szerkeszt\u0151-ford\u00edt\u00f3-\u00edr\u00f3k\u00e9nt nagyban bep\u00f3tolok \u2013, \u00e9s egy \u00edr\u00f3kurzuson szembes\u00fcltem azzal, ha szeretn\u00e9k \u00edrni, akkor \u00e9rdemes lenne megismernem a sz\u00e9pirodalmat is. Akkor el\u0151sz\u00f6r, huszon\u00f6t \u00e9ves koromban nem emeltem tilt\u00f3t\u00e1blak\u00e9nt a kezemet magam el\u00e9. Sz\u00e9pen sorra vettem csom\u00f3 klasszikus irodalmi m\u0171vet, \u00e9s a mai napig p\u00f3tolom a lemarad\u00e1somat. Mell\u00e9kesen r\u00e1j\u00f6ttem, hogy ezek a k\u00f6nyvek nem sz\u00fcks\u00e9ges rosszak, hanem nem v\u00e9letlen\u00fcl \u00e9rdemelt\u00e9k ki a nev\u00fcket az irodalom palett\u00e1j\u00e1n. Sok kedvencet is avattam k\u00f6z\u00fcl\u00fck.<\/p>\n<p><a href=\"https:\/\/i0.wp.com\/szaszkogabriella.com\/wp-content\/uploads\/2018\/07\/classic-literature-baby-books.jpg\"><img data-attachment-id=\"2274\" data-permalink=\"http:\/\/szaszkogabriella.com\/index.php\/hu\/2018\/07\/12\/irok-egymas-kozott-szorakoztato-vs-szepirodalom\/classic-literature-baby-books\/\" data-orig-file=\"https:\/\/i0.wp.com\/szaszkogabriella.com\/wp-content\/uploads\/2018\/07\/classic-literature-baby-books.jpg?fit=562%2C468\" data-orig-size=\"562,468\" data-comments-opened=\"1\" data-image-meta=\"{&quot;aperture&quot;:&quot;0&quot;,&quot;credit&quot;:&quot;&quot;,&quot;camera&quot;:&quot;&quot;,&quot;caption&quot;:&quot;&quot;,&quot;created_timestamp&quot;:&quot;0&quot;,&quot;copyright&quot;:&quot;&quot;,&quot;focal_length&quot;:&quot;0&quot;,&quot;iso&quot;:&quot;0&quot;,&quot;shutter_speed&quot;:&quot;0&quot;,&quot;title&quot;:&quot;&quot;,&quot;orientation&quot;:&quot;0&quot;}\" data-image-title=\"classic-literature-baby-books\" data-image-description=\"\" data-medium-file=\"https:\/\/i0.wp.com\/szaszkogabriella.com\/wp-content\/uploads\/2018\/07\/classic-literature-baby-books.jpg?fit=300%2C250\" data-large-file=\"https:\/\/i0.wp.com\/szaszkogabriella.com\/wp-content\/uploads\/2018\/07\/classic-literature-baby-books.jpg?fit=560%2C466\" decoding=\"async\" loading=\"lazy\" class=\"aligncenter size-full wp-image-2274\" src=\"https:\/\/i0.wp.com\/szaszkogabriella.com\/wp-content\/uploads\/2018\/07\/classic-literature-baby-books.jpg?resize=560%2C466\" alt=\"\" width=\"560\" height=\"466\" srcset=\"https:\/\/i0.wp.com\/szaszkogabriella.com\/wp-content\/uploads\/2018\/07\/classic-literature-baby-books.jpg?w=562 562w, https:\/\/i0.wp.com\/szaszkogabriella.com\/wp-content\/uploads\/2018\/07\/classic-literature-baby-books.jpg?resize=300%2C250 300w\" sizes=\"(max-width: 560px) 100vw, 560px\" data-recalc-dims=\"1\" \/><\/a><\/p>\n<p style=\"text-align: justify;\">Na, de \u00f6nk\u00e9nytelen\u00fcl is sz\u00e9pirodalomr\u00f3l klasszikus irodalomra v\u00e1ltottam, merthogy ezek a k\u00f6nyvek klasszikusok. Id\u0151vel nyert\u00e9k el ezt a c\u00edmk\u00e9t, megjelen\u00edtenek valami fontosat. Ekkoriban kezdett el form\u00e1l\u00f3dni a v\u00e9lem\u00e9nyem a sz\u00e9pirodalomr\u00f3l, ugyanis kiss\u00e9 jobban megismertem a k\u00fclf\u00f6ldi piacot is, ahol bizony nincs ekkora szakad\u00e9k a sz\u00e9p- \u00e9s a sz\u00f3rakoztat\u00f3 irodalom k\u00f6z\u00f6tt, mint Magyarorsz\u00e1gon. Zs\u00e1nerenk\u00e9nt vannak d\u00edjak, minden zs\u00e1nerben el lehet \u00e9rni magas irodalmi szintet. \u00c9s ekkoriban r\u00e1j\u00f6ttem, hogy Stephen King sem ponyva, hiszen a saj\u00e1t zs\u00e1ner\u00e9ben zseni\u00e1lis, minden fontos elismer\u00e9st bezsebelt.<\/p>\n<p style=\"text-align: justify;\">Sosem \u00e9rtettem, mi\u00e9rt kell ekkora szakad\u00e9kot teremteni a k\u00e9t m\u0171faj k\u00f6z\u00f6tt. R\u00e1ad\u00e1sul az a probl\u00e9ma, hogy halv\u00e1ny megb\u00e9lyegz\u00e9s is lebeg, hogy a sz\u00e9pirodalom a \u201ej\u00f3\u201d, a \u201efontos\u201d, am\u00edg a sz\u00f3rakoztat\u00f3 irodalom a \u201eponyva\u201d. Csakhogy a sz\u00f3rakoztat\u00f3 irodalom is k\u00f6zvet\u00edthet magas irodalmi \u00e9rt\u00e9keket, le\u00edrhatja a korszellemet, foglalkozhat fontos t\u00e9m\u00e1kkal. Szerintem a k\u00f6nyvek is olyanok, mint a borok, amik \u00e9vekkel \u00e9rnek, id\u0151vel kider\u00fcl, hogy milyen \u00e9rt\u00e9k is rejlik a lapjaik k\u00f6z\u00f6tt.<\/p>\n<p style=\"text-align: justify;\">Itt eljutunk ahhoz az ig\u00e9nyhez, hogy nagyon fontos lenne, ha Magyarorsz\u00e1gon a sz\u00f3rakoztat\u00f3 irodalmi zs\u00e1nereknek is lenne igazi elismer\u00e9s, d\u00edjak, amiket a szakma elismer. J\u00f3 lenne, ha a k\u00e9t vil\u00e1g, ha a k\u00e9t \u00edr\u00f3i r\u00e9teg nem k\u00fcl\u00f6n\u00fclne el egym\u00e1st\u00f3l.<\/p>\n<p style=\"text-align: justify;\">Sosem akartam \u201esz\u00e9p\u00edr\u00f3\u201d lenni. Nem voltam b\u00f6lcs\u00e9sz, mindig is az volt a c\u00e9lom az \u00edr\u00e1s sor\u00e1n, hogy k\u00f6rbej\u00e1rjak t\u00e9m\u00e1kat, amik nekem is fontosak. Szeretn\u00e9k k\u00f6z\u00e9rthet\u0151, sz\u00f3rakoztat\u00f3 form\u00e1ban ny\u00falni fontos t\u00e9m\u00e1khoz, a h\u00e9tk\u00f6znapi t\u00f6rt\u00e9netek m\u00f6g\u00e9 b\u00fajtatni \u00e9rt\u00e9keket, gondolatokat, amikben hiszek. Emellett sz\u00e1momra is fontos az irodalmi ig\u00e9nyess\u00e9g, j\u00e1rtam \u00edr\u00f3kurzusra, \u00e9s a terveim k\u00f6z\u00f6tt szerepel, hogy elv\u00e9gezzek egy kreat\u00edv \u00edr\u00e1s mesterk\u00e9pz\u00e9st Angli\u00e1ban. N\u00e1lam jobban senki sem h\u00e1borodik fel, ha egy t\u00f6rt\u00e9net nem ad \u00e1t semmit, vagy esetleg \u00f6sszedobott munka. Szerkeszt\u0151k\u00e9nt term\u00e9szetes, hogy fontos sz\u00e1momra az ig\u00e9nyess\u00e9g. De emellett szeretn\u00e9m, ha az irodalom nem csak egy kis r\u00e9teg sz\u00e1m\u00e1ra lenne befogadhat\u00f3, de emellett ig\u00e9nyes lehetne.<\/p>\n<p style=\"text-align: justify;\">\u00dagy \u00e9rzem, hogy m\u00e9g nagyon hossz\u00fa utat kell bej\u00e1rnunk ahhoz, hogy ne k\u00fcl\u00f6n\u00fclj\u00f6n el ennyire a k\u00e9t irodalmi r\u00e9teg. Tal\u00e1n a k\u00e9rd\u00e9s valahol a k\u00f6telez\u0151 olvasm\u00e1nyokn\u00e1l kezd\u0151dik? Tal\u00e1n ott, hogy bizonyos ponyv\u00e1knak b\u00e9lyegzett k\u00f6nyvek is eljuthassanak a fiatalabbakhoz? A k\u00e9rd\u00e9s t\u00falzottan \u00f6sszetett \u00e9s bonyolult. Ennek ellen\u00e9re j\u00f3 lenne egy m\u00e1s irodalmi k\u00f6zeg, ahol nincs el\u0151re leb\u00e9lyegezve ki a \u201eponyva\u201d \u00e9s ki a \u201esz\u00e9p\u201d.<\/p>\n<p><a href=\"https:\/\/i2.wp.com\/szaszkogabriella.com\/wp-content\/uploads\/2018\/07\/classic-literature-tumblr-within-classic-literature.jpg\"><img data-attachment-id=\"2275\" data-permalink=\"http:\/\/szaszkogabriella.com\/index.php\/hu\/2018\/07\/12\/irok-egymas-kozott-szorakoztato-vs-szepirodalom\/classic-literature-tumblr-within-classic-literature\/\" data-orig-file=\"https:\/\/i2.wp.com\/szaszkogabriella.com\/wp-content\/uploads\/2018\/07\/classic-literature-tumblr-within-classic-literature.jpg?fit=640%2C360\" data-orig-size=\"640,360\" data-comments-opened=\"1\" data-image-meta=\"{&quot;aperture&quot;:&quot;0&quot;,&quot;credit&quot;:&quot;&quot;,&quot;camera&quot;:&quot;&quot;,&quot;caption&quot;:&quot;&quot;,&quot;created_timestamp&quot;:&quot;0&quot;,&quot;copyright&quot;:&quot;&quot;,&quot;focal_length&quot;:&quot;0&quot;,&quot;iso&quot;:&quot;0&quot;,&quot;shutter_speed&quot;:&quot;0&quot;,&quot;title&quot;:&quot;&quot;,&quot;orientation&quot;:&quot;0&quot;}\" data-image-title=\"classic-literature-tumblr-within-classic-literature\" data-image-description=\"\" data-medium-file=\"https:\/\/i2.wp.com\/szaszkogabriella.com\/wp-content\/uploads\/2018\/07\/classic-literature-tumblr-within-classic-literature.jpg?fit=300%2C169\" data-large-file=\"https:\/\/i2.wp.com\/szaszkogabriella.com\/wp-content\/uploads\/2018\/07\/classic-literature-tumblr-within-classic-literature.jpg?fit=560%2C315\" decoding=\"async\" loading=\"lazy\" class=\"aligncenter size-full wp-image-2275\" src=\"https:\/\/i2.wp.com\/szaszkogabriella.com\/wp-content\/uploads\/2018\/07\/classic-literature-tumblr-within-classic-literature.jpg?resize=560%2C315\" alt=\"\" width=\"560\" height=\"315\" srcset=\"https:\/\/i2.wp.com\/szaszkogabriella.com\/wp-content\/uploads\/2018\/07\/classic-literature-tumblr-within-classic-literature.jpg?w=640 640w, https:\/\/i2.wp.com\/szaszkogabriella.com\/wp-content\/uploads\/2018\/07\/classic-literature-tumblr-within-classic-literature.jpg?resize=300%2C169 300w\" sizes=\"(max-width: 560px) 100vw, 560px\" data-recalc-dims=\"1\" \/><\/a><\/p>\n","protected":false},"excerpt":{"rendered":"<p>Ebben a h\u00f3napban \u00fagy d\u00f6nt\u00f6tt\u00fcnk, hogy igencsak \u00e9rdekes, de kiss\u00e9 k\u00e9nyes t\u00e9m\u00e1t h\u00fazunk el\u0151 a tarsolyb\u00f3l. Bevallom, kicsit nehezen is tudtam neki\u00fclni a bejegyz\u00e9snek, hiszen annyi mondand\u00f3m van, de \u00fagy \u00e9reztem, m\u00e9gsem lesz k\u00f6nny\u0171 koherens bejegyz\u00e9st alkotni az \u00fcggyel kapcsolatban. &hellip; <a class=\"more-link\" href=\"http:\/\/szaszkogabriella.com\/index.php\/hu\/2018\/07\/12\/irok-egymas-kozott-szorakoztato-vs-szepirodalom\/\">Continue reading <span class=\"meta-nav\">&rarr;<\/span><\/a><\/p>\n","protected":false},"author":1,"featured_media":2124,"comment_status":"open","ping_status":"open","sticky":false,"template":"","format":"standard","meta":{"spay_email":"","jetpack_publicize_message":"","jetpack_is_tweetstorm":false},"categories":[338,1966],"tags":[12,402,1968,2118,2120],"yoast_head":"<!-- This site is optimized with the Yoast SEO plugin v16.2 - https:\/\/yoast.com\/wordpress\/plugins\/seo\/ -->\n<meta name=\"robots\" content=\"index, follow, max-snippet:-1, max-image-preview:large, max-video-preview:-1\" \/>\n<link rel=\"canonical\" href=\"http:\/\/szaszkogabriella.com\/index.php\/hu\/2018\/07\/12\/irok-egymas-kozott-szorakoztato-vs-szepirodalom\/\" \/>\n<meta property=\"og:locale\" content=\"en_US\" \/>\n<meta property=\"og:type\" content=\"article\" \/>\n<meta property=\"og:title\" content=\"\u00cdr\u00f3k egym\u00e1s k\u00f6z\u00f6tt \u2013 Sz\u00f3rakoztat\u00f3 vs. sz\u00e9pirodalom - Szaszk\u00f3 Gabriella\" \/>\n<meta property=\"og:description\" content=\"Ebben a h\u00f3napban \u00fagy d\u00f6nt\u00f6tt\u00fcnk, hogy igencsak \u00e9rdekes, de kiss\u00e9 k\u00e9nyes t\u00e9m\u00e1t h\u00fazunk el\u0151 a tarsolyb\u00f3l. Bevallom, kicsit nehezen is tudtam neki\u00fclni a bejegyz\u00e9snek, hiszen annyi mondand\u00f3m van, de \u00fagy \u00e9reztem, m\u00e9gsem lesz k\u00f6nny\u0171 koherens bejegyz\u00e9st alkotni az \u00fcggyel kapcsolatban. &hellip; Continue reading &rarr;\" \/>\n<meta property=\"og:url\" content=\"http:\/\/szaszkogabriella.com\/index.php\/hu\/2018\/07\/12\/irok-egymas-kozott-szorakoztato-vs-szepirodalom\/\" \/>\n<meta property=\"og:site_name\" content=\"Szaszk\u00f3 Gabriella\" \/>\n<meta property=\"article:author\" content=\"https:\/\/www.facebook.com\/gabriellaszaszkoswriting\" \/>\n<meta property=\"article:published_time\" content=\"2018-07-12T13:00:08+00:00\" \/>\n<meta property=\"article:modified_time\" content=\"2018-07-12T13:08:16+00:00\" \/>\n<meta property=\"og:image\" content=\"https:\/\/i1.wp.com\/szaszkogabriella.com\/wp-content\/uploads\/2018\/04\/28117554_10209113496473089_761231140_n.jpg?fit=800%2C800\" \/>\n\t<meta property=\"og:image:width\" content=\"800\" \/>\n\t<meta property=\"og:image:height\" content=\"800\" \/>\n<meta name=\"twitter:card\" content=\"summary\" \/>\n<meta name=\"twitter:label1\" content=\"Est. reading time\">\n\t<meta name=\"twitter:data1\" content=\"4 minutes\">\n<script type=\"application\/ld+json\" class=\"yoast-schema-graph\">{\"@context\":\"https:\/\/schema.org\",\"@graph\":[{\"@type\":\"WebSite\",\"@id\":\"https:\/\/szaszkogabriella.com\/index.php\/en\/about-me\/#website\",\"url\":\"https:\/\/szaszkogabriella.com\/index.php\/en\/about-me\/\",\"name\":\"Szaszk\\u00f3 Gabriella\",\"description\":\"\",\"potentialAction\":[{\"@type\":\"SearchAction\",\"target\":\"https:\/\/szaszkogabriella.com\/index.php\/en\/about-me\/?s={search_term_string}\",\"query-input\":\"required name=search_term_string\"}],\"inLanguage\":\"en-US\"},{\"@type\":\"ImageObject\",\"@id\":\"http:\/\/szaszkogabriella.com\/index.php\/hu\/2018\/07\/12\/irok-egymas-kozott-szorakoztato-vs-szepirodalom\/#primaryimage\",\"inLanguage\":\"en-US\",\"url\":\"https:\/\/i1.wp.com\/szaszkogabriella.com\/wp-content\/uploads\/2018\/04\/28117554_10209113496473089_761231140_n.jpg?fit=800%2C800\",\"contentUrl\":\"https:\/\/i1.wp.com\/szaszkogabriella.com\/wp-content\/uploads\/2018\/04\/28117554_10209113496473089_761231140_n.jpg?fit=800%2C800\",\"width\":800,\"height\":800},{\"@type\":\"WebPage\",\"@id\":\"http:\/\/szaszkogabriella.com\/index.php\/hu\/2018\/07\/12\/irok-egymas-kozott-szorakoztato-vs-szepirodalom\/#webpage\",\"url\":\"http:\/\/szaszkogabriella.com\/index.php\/hu\/2018\/07\/12\/irok-egymas-kozott-szorakoztato-vs-szepirodalom\/\",\"name\":\"\\u00cdr\\u00f3k egym\\u00e1s k\\u00f6z\\u00f6tt \\u2013 Sz\\u00f3rakoztat\\u00f3 vs. sz\\u00e9pirodalom - Szaszk\\u00f3 Gabriella\",\"isPartOf\":{\"@id\":\"https:\/\/szaszkogabriella.com\/index.php\/en\/about-me\/#website\"},\"primaryImageOfPage\":{\"@id\":\"http:\/\/szaszkogabriella.com\/index.php\/hu\/2018\/07\/12\/irok-egymas-kozott-szorakoztato-vs-szepirodalom\/#primaryimage\"},\"datePublished\":\"2018-07-12T13:00:08+00:00\",\"dateModified\":\"2018-07-12T13:08:16+00:00\",\"author\":{\"@id\":\"https:\/\/szaszkogabriella.com\/index.php\/en\/about-me\/#\/schema\/person\/f1bfdb90405c070d18b4cda6cb2d97e7\"},\"breadcrumb\":{\"@id\":\"http:\/\/szaszkogabriella.com\/index.php\/hu\/2018\/07\/12\/irok-egymas-kozott-szorakoztato-vs-szepirodalom\/#breadcrumb\"},\"inLanguage\":\"en-US\",\"potentialAction\":[{\"@type\":\"ReadAction\",\"target\":[\"http:\/\/szaszkogabriella.com\/index.php\/hu\/2018\/07\/12\/irok-egymas-kozott-szorakoztato-vs-szepirodalom\/\"]}]},{\"@type\":\"BreadcrumbList\",\"@id\":\"http:\/\/szaszkogabriella.com\/index.php\/hu\/2018\/07\/12\/irok-egymas-kozott-szorakoztato-vs-szepirodalom\/#breadcrumb\",\"itemListElement\":[{\"@type\":\"ListItem\",\"position\":1,\"item\":{\"@type\":\"WebPage\",\"@id\":\"https:\/\/szaszkogabriella.com\/index.php\/en\/about-me\/\",\"url\":\"https:\/\/szaszkogabriella.com\/index.php\/en\/about-me\/\",\"name\":\"Home\"}},{\"@type\":\"ListItem\",\"position\":2,\"item\":{\"@id\":\"http:\/\/szaszkogabriella.com\/index.php\/hu\/2018\/07\/12\/irok-egymas-kozott-szorakoztato-vs-szepirodalom\/#webpage\"}}]},{\"@type\":\"Person\",\"@id\":\"https:\/\/szaszkogabriella.com\/index.php\/en\/about-me\/#\/schema\/person\/f1bfdb90405c070d18b4cda6cb2d97e7\",\"name\":\"Gabriella\",\"image\":{\"@type\":\"ImageObject\",\"@id\":\"https:\/\/szaszkogabriella.com\/index.php\/en\/about-me\/#personlogo\",\"inLanguage\":\"en-US\",\"url\":\"http:\/\/2.gravatar.com\/avatar\/ed8f7419b959f303647d2997795ba3b4?s=96&d=mm&r=g\",\"contentUrl\":\"http:\/\/2.gravatar.com\/avatar\/ed8f7419b959f303647d2997795ba3b4?s=96&d=mm&r=g\",\"caption\":\"Gabriella\"},\"sameAs\":[\"http:\/\/szaszkogabriella.com\/\",\"https:\/\/www.facebook.com\/gabriellaszaszkoswriting\"]}]}<\/script>\n<!-- \/ Yoast SEO plugin. -->","jetpack_featured_media_url":"https:\/\/i1.wp.com\/szaszkogabriella.com\/wp-content\/uploads\/2018\/04\/28117554_10209113496473089_761231140_n.jpg?fit=800%2C800","jetpack_publicize_connections":[],"jetpack_sharing_enabled":true,"jetpack_shortlink":"https:\/\/wp.me\/p6aBpy-AF","jetpack_likes_enabled":true,"jetpack-related-posts":[{"id":2403,"url":"http:\/\/szaszkogabriella.com\/index.php\/hu\/2018\/10\/11\/irok-egymas-kozott-kapcsolattartas-az-olvasokkal\/","url_meta":{"origin":2273,"position":0},"title":"\u00cdr\u00f3k egym\u00e1s k\u00f6z\u00f6tt - Kapcsolattart\u00e1s az olvas\u00f3kkal","date":"October 11, 2018","format":false,"excerpt":"Az ehavi \u00cdr\u00f3k egym\u00e1s k\u00f6z\u00f6tt k\u00f6rblogol\u00e1s kapcs\u00e1n \u00fagy d\u00f6nt\u00f6tt\u00fcnk, hogy a kommunik\u00e1ci\u00f3r\u00f3l fogunk \u00e9rtekezni. Mind a n\u00e9gyen elmondjuk a v\u00e9lem\u00e9ny\u00fcnket, hogy szerint\u00fcnk hogyan \u00e9rdemes reag\u00e1lni az olvas\u00f3i visszajelz\u00e9sekre. Hogyha \u00e9rdekel titeket a t\u00e9ma, akkor kattintsatok Emma, Fanni \u00e9s Kl\u00e1ri bejegyz\u00e9s\u00e9re is. M\u00e1r kor\u00e1bban hasonl\u00f3 t\u00e9m\u00e1t boncolgattuk a kritika \u00e9s a\u2026","rel":"","context":"In &quot;\u00cdr\u00e1sr\u00f3l&quot;","img":{"alt_text":"","src":"https:\/\/i2.wp.com\/szaszkogabriella.com\/wp-content\/uploads\/2018\/10\/43504103_1199859583485209_8007892125968498688_n.jpg?fit=800%2C800&resize=350%2C200","width":350,"height":200},"classes":[]},{"id":2010,"url":"http:\/\/szaszkogabriella.com\/index.php\/hu\/2018\/01\/26\/egy-kis-kozvelemeny-kutatas-miert-tartozkodnak-magyar-szerzoktol-az-olvasok\/","url_meta":{"origin":2273,"position":1},"title":"Egy kis k\u00f6zv\u00e9lem\u00e9ny-kutat\u00e1s: mi\u00e9rt tart\u00f3zkodnak a magyar szerz\u0151kt\u0151l az olvas\u00f3k?","date":"January 26, 2018","format":false,"excerpt":"A m\u00e1sodik reg\u00e9nyem megjelen\u00e9se kapcs\u00e1n pattant ki a fejemb\u0151l az \u00f6tlet, hogy megk\u00e9rdezzem a Moly k\u00f6z\u00f6ss\u00e9g\u00e9t, hogy mi\u00e9rt is nem olvasnak magyar szerz\u0151ket, mi\u00e9rt is bizalmatlanok a m\u0171veik fel\u00e9. A t\u00e9ma ugyeb\u00e1r engem is \u00e9rint, de ennek ellen\u00e9re el\u0151re lesz\u00f6gezn\u00e9m, hogy a most k\u00f6vetkez\u0151 bejegyz\u00e9ssel nem c\u00e9lom senkit sem meggy\u0151zni,\u2026","rel":"","context":"In &quot;\u00cdr\u00e1sr\u00f3l&quot;","img":{"alt_text":"","src":"https:\/\/i0.wp.com\/szaszkogabriella.com\/wp-content\/uploads\/2018\/01\/4996030244_11ab5d2a0b_b.jpg?fit=1024%2C683&resize=350%2C200","width":350,"height":200},"classes":[]},{"id":2043,"url":"http:\/\/szaszkogabriella.com\/index.php\/hu\/2018\/02\/10\/irok-egymas-kozott-alnev-vagy-nem-alnev\/","url_meta":{"origin":2273,"position":2},"title":"\u00cdr\u00f3k egym\u00e1s k\u00f6z\u00f6tt \u2013 \u00c1ln\u00e9v vagy nem \u00e1ln\u00e9v?","date":"February 10, 2018","format":false,"excerpt":"Az \u00cdr\u00f3k egym\u00e1s k\u00f6z\u00f6tt sorozatunk els\u0151 igazi bejegyz\u00e9s\u00e9ben az \u00edr\u00f3i \u00e1lnevekr\u0151l alkotott v\u00e9lem\u00e9ny\u00fcnket szeretn\u00e9nk veletek megosztani. A t\u00e9ma el\u00e9g k\u00e9nyes, sokr\u00e9t\u0171, heves vit\u00e1kba bonyol\u00f3dhatn\u00e1nk vele. Az \u00e9n bejegyz\u00e9sem c\u00e9lja sem az, hogy \u201eigazs\u00e1got\u201d szolg\u00e1ltassak az \u00edr\u00f3i \u00e1lnevek mellett, vagy ellen. Ink\u00e1bb elmes\u00e9lem a saj\u00e1t t\u00f6rt\u00e9netemet, \u00e9s b\u00e1tor\u00edtan\u00e9k mindenkit, hogy mondja\u2026","rel":"","context":"In &quot;\u00cdr\u00e1sr\u00f3l&quot;","img":{"alt_text":"","src":"https:\/\/i2.wp.com\/szaszkogabriella.com\/wp-content\/uploads\/2018\/02\/26794262_10208875370560090_581515874_n.jpg?fit=800%2C800&resize=350%2C200","width":350,"height":200},"classes":[]},{"id":2687,"url":"http:\/\/szaszkogabriella.com\/index.php\/hu\/2019\/06\/29\/irok-egymas-kozott-zsanerek-buvoleteben\/","url_meta":{"origin":2273,"position":3},"title":"\u00cdr\u00f3k egym\u00e1s k\u00f6z\u00f6tt: zs\u00e1nerek b\u0171v\u00f6let\u00e9ben","date":"June 29, 2019","format":false,"excerpt":"Az \u00cdr\u00f3k egym\u00e1s k\u00f6z\u00f6tt havonta megjelen\u0151 k\u00f6rblogol\u00e1s\u00e1ban j\u00faniusban a zs\u00e1nerekr\u0151l igyeksz\u00fcnk besz\u00e9lgetni veletek. Kell-e egy \u00edr\u00f3nak egyfajta zs\u00e1nerben alkotnia csak? Besz\u00e9lgess\u00fcnk err\u0151l a manaps\u00e1g nagyon is sokszor felmer\u00fcl\u0151 t\u00e9m\u00e1r\u00f3l! Ha \u00e9rdekel titeket Fanni, Kl\u00e1ri \u00e9s Emma v\u00e9lem\u00e9nye, akkor kattintsatok a nev\u00fckre! El\u00e9g nehezen j\u00f6tt az ihlet a zs\u00e1neres bejegyz\u00e9sem kapcs\u00e1n.\u2026","rel":"","context":"In &quot;\u00cdr\u00e1sr\u00f3l&quot;","img":{"alt_text":"","src":"https:\/\/i0.wp.com\/szaszkogabriella.com\/wp-content\/uploads\/2019\/02\/43429744_294905887770379_55062137864716288_n.jpg?fit=800%2C800&resize=350%2C200","width":350,"height":200},"classes":[]},{"id":2075,"url":"http:\/\/szaszkogabriella.com\/index.php\/hu\/2018\/03\/10\/irok-egymas-kozott-mitol-iro-az-iro\/","url_meta":{"origin":2273,"position":4},"title":"\u00cdr\u00f3k egym\u00e1s k\u00f6z\u00f6tt: Mit\u0151l \u00edr\u00f3 az \u00edr\u00f3?","date":"March 10, 2018","format":false,"excerpt":"A \u00cdr\u00f3k egym\u00e1s k\u00f6z\u00f6tt m\u00e1rciusi kiad\u00e1s\u00e1ban arr\u00f3l elm\u00e9lked\u00fcnk, hogy mikort\u00f3l is nevezheti mag\u00e1t valaki \u00edr\u00f3nak, mi kell, hogy egy\u00e1ltal\u00e1n viselhesd ezt a c\u00edmk\u00e9t. A t\u00e9ma m\u00e1r nagyon r\u00e9g\u00f3ta foglalkoztat engem is, 2015-ben \u00edrtam is err\u0151l m\u00e1r p\u00e1r sort (ide kattintva ezt is el\u00e9rhetitek). Nekem is \u00e9rdekes lesz az \u00f6sszehasonl\u00edt\u00e1s, hogy\u2026","rel":"","context":"In &quot;\u00cdr\u00e1sr\u00f3l&quot;","img":{"alt_text":"","src":"https:\/\/i2.wp.com\/szaszkogabriella.com\/wp-content\/uploads\/2018\/03\/28117554_10209113496473089_761231140_n.jpg?fit=800%2C800&resize=350%2C200","width":350,"height":200},"classes":[]},{"id":2252,"url":"http:\/\/szaszkogabriella.com\/index.php\/hu\/2018\/06\/12\/irok-egymas-kozott-kritikarol\/","url_meta":{"origin":2273,"position":5},"title":"\u00cdr\u00f3k egym\u00e1s k\u00f6z\u00f6tt - A kritik\u00e1r\u00f3l","date":"June 12, 2018","format":false,"excerpt":"Ebben a h\u00f3napban a visszautas\u00edt\u00e1s egyik kedves ismer\u0151s\u00e9t fogjuk megvizsg\u00e1lni, ami nem lesz m\u00e1s, mint a kritika. Bevallom, hogy m\u00e1r nagyon r\u00e9g\u00f3ta tervezek \u00edrni egy ilyen bejegyz\u00e9st, hiszen ami\u00f3ta megjelent az els\u0151 reg\u00e9nyem, az\u00f3ta a kritik\u00e1k nagyobb sz\u00e1mban \u00e1ramlanak fel\u00e9m. Elmes\u00e9lem, hogyan is reag\u00e1lok r\u00e1juk, milyen \u00e9rz\u00e9sek is keringenek bennem,\u2026","rel":"","context":"In &quot;\u00cdr\u00e1sr\u00f3l&quot;","img":{"alt_text":"","src":"https:\/\/i0.wp.com\/szaszkogabriella.com\/wp-content\/uploads\/2018\/05\/32082716_10209592390085130_1985504836241588224_n.png?fit=800%2C800&resize=350%2C200","width":350,"height":200},"classes":[]}],"_links":{"self":[{"href":"http:\/\/szaszkogabriella.com\/index.php\/wp-json\/wp\/v2\/posts\/2273"}],"collection":[{"href":"http:\/\/szaszkogabriella.com\/index.php\/wp-json\/wp\/v2\/posts"}],"about":[{"href":"http:\/\/szaszkogabriella.com\/index.php\/wp-json\/wp\/v2\/types\/post"}],"author":[{"embeddable":true,"href":"http:\/\/szaszkogabriella.com\/index.php\/wp-json\/wp\/v2\/users\/1"}],"replies":[{"embeddable":true,"href":"http:\/\/szaszkogabriella.com\/index.php\/wp-json\/wp\/v2\/comments?post=2273"}],"version-history":[{"count":2,"href":"http:\/\/szaszkogabriella.com\/index.php\/wp-json\/wp\/v2\/posts\/2273\/revisions"}],"predecessor-version":[{"id":2277,"href":"http:\/\/szaszkogabriella.com\/index.php\/wp-json\/wp\/v2\/posts\/2273\/revisions\/2277"}],"wp:featuredmedia":[{"embeddable":true,"href":"http:\/\/szaszkogabriella.com\/index.php\/wp-json\/wp\/v2\/media\/2124"}],"wp:attachment":[{"href":"http:\/\/szaszkogabriella.com\/index.php\/wp-json\/wp\/v2\/media?parent=2273"}],"wp:term":[{"taxonomy":"category","embeddable":true,"href":"http:\/\/szaszkogabriella.com\/index.php\/wp-json\/wp\/v2\/categories?post=2273"},{"taxonomy":"post_tag","embeddable":true,"href":"http:\/\/szaszkogabriella.com\/index.php\/wp-json\/wp\/v2\/tags?post=2273"}],"curies":[{"name":"wp","href":"https:\/\/api.w.org\/{rel}","templated":true}]}}