{"id":2419,"date":"2018-10-26T11:53:31","date_gmt":"2018-10-26T10:53:31","guid":{"rendered":"http:\/\/szaszkogabriella.com\/?p=2419"},"modified":"2018-10-26T11:53:31","modified_gmt":"2018-10-26T10:53:31","slug":"oktoberi-helyzetjelentes-avagy-mivel-is-foglalatoskodom-eppen","status":"publish","type":"post","link":"http:\/\/szaszkogabriella.com\/index.php\/hu\/2018\/10\/26\/oktoberi-helyzetjelentes-avagy-mivel-is-foglalatoskodom-eppen\/","title":{"rendered":"Okt\u00f3beri helyzetjelent\u00e9s, avagy mivel is foglalatoskodom \u00e9ppen"},"content":{"rendered":"<p style=\"text-align: justify;\">Sokat gondolkoztam, mi is legyen a heti blogbejegyz\u00e9sem t\u00e9m\u00e1ja, de \u00fagy gondoltam, hogy most musz\u00e1j egy kis \u00f6sszefoglal\u00f3s, helyzetjelent\u0151s blogbejegyz\u00e9ssel j\u00f6nn\u00f6m. Ez tulajdonk\u00e9ppen nekem is j\u00f3l fog j\u00f6nni, hogy \u00e1tl\u00e1ssam a kaotikus napokat. Sz\u00f3val, mivel is foglalkozom \u00e9pp? Hogy \u00e1ll a Vigy\u00e1zz r\u00e1m? Mi k\u00f6vetkezik az elk\u00f6vetkez\u0151 h\u00f3napokban? Ha \u00e9rdekel, olvassatok tov\u00e1bb! \ud83d\ude42<\/p>\n<p style=\"text-align: justify;\">Az ut\u00f3bbi \u00f6t h\u00f3napban az \u00edr\u00f3i, cikk\u00edr\u00f3i, szerkeszt\u0151i munk\u00e1m mellett egy hatalmas v\u00e1gyam teljes\u00fclt azzal, hogy az \u00c1lomgy\u00e1r kiad\u00f3n\u00e1l lehet\u0151s\u00e9get kaptam arra, hogy m\u0171ford\u00edt\u00f3k\u00e9nt is kamatoztassam a tud\u00e1somat. M\u00e1jus v\u00e9ge \u00f3ta folyamatosan dolgozom a ford\u00edt\u00e1sokon is, \u00e9s m\u00e1r kett\u0151t meg is n\u00e9zhettek a Molyon, s\u0151t el\u0151 is rendelhettek. Az egyik <a href=\"https:\/\/moly.hu\/konyvek\/emma-rowley-hova-lettek-az-eltuntek\">Emma Rowley Hov\u00e1 lettek az elt\u0171ntek?<\/a> c\u00edm\u0171 n\u0151i thrillere, a m\u00e1sik pedig <a href=\"https:\/\/moly.hu\/konyvek\/lucy-dawson-temetetlen-mult\">Lucy Dawson Temetetlen m\u00falt<\/a> c\u00edm\u0171 thrillere. Nagyon \u00e9lvezem a ford\u00edt\u00f3i munk\u00e1t, alig v\u00e1rom, hogy min\u00e9l t\u00f6bb k\u00f6nyvet olvashassatok az \u00e9n ford\u00edt\u00e1somban! \ud83d\ude42 Elk\u00e9peszt\u0151 \u00e9rz\u00e9s, hogy a Molyos adatlapomon v\u00e9gre a ford\u00edt\u00e1sim is felt\u0171nnek a nevem alatt.<\/p>\n\n\t\t<style type=\"text\/css\">\n\t\t\t#gallery-1 {\n\t\t\t\tmargin: auto;\n\t\t\t}\n\t\t\t#gallery-1 .gallery-item {\n\t\t\t\tfloat: left;\n\t\t\t\tmargin-top: 10px;\n\t\t\t\ttext-align: center;\n\t\t\t\twidth: 50%;\n\t\t\t}\n\t\t\t#gallery-1 img {\n\t\t\t\tborder: 2px solid #cfcfcf;\n\t\t\t}\n\t\t\t#gallery-1 .gallery-caption {\n\t\t\t\tmargin-left: 0;\n\t\t\t}\n\t\t\t\/* see gallery_shortcode() in wp-includes\/media.php *\/\n\t\t<\/style>\n\t\t<div data-carousel-extra='{\"blog_id\":1,\"permalink\":\"http:\\\/\\\/szaszkogabriella.com\\\/index.php\\\/hu\\\/2018\\\/10\\\/26\\\/oktoberi-helyzetjelentes-avagy-mivel-is-foglalatoskodom-eppen\\\/\"}' id='gallery-1' class='gallery galleryid-2419 gallery-columns-2 gallery-size-medium'><dl class='gallery-item'>\n\t\t\t<dt class='gallery-icon portrait'>\n\t\t\t\t<a href='http:\/\/szaszkogabriella.com\/index.php\/hu\/2018\/10\/26\/oktoberi-helyzetjelentes-avagy-mivel-is-foglalatoskodom-eppen\/covers_512500\/'><img width=\"198\" height=\"300\" src=\"https:\/\/i1.wp.com\/szaszkogabriella.com\/wp-content\/uploads\/2018\/10\/covers_512500.jpg?fit=198%2C300\" class=\"attachment-medium size-medium\" alt=\"\" decoding=\"async\" loading=\"lazy\" srcset=\"https:\/\/i1.wp.com\/szaszkogabriella.com\/wp-content\/uploads\/2018\/10\/covers_512500.jpg?w=330 330w, https:\/\/i1.wp.com\/szaszkogabriella.com\/wp-content\/uploads\/2018\/10\/covers_512500.jpg?resize=198%2C300 198w\" sizes=\"(max-width: 198px) 100vw, 198px\" data-attachment-id=\"2421\" data-permalink=\"http:\/\/szaszkogabriella.com\/index.php\/hu\/2018\/10\/26\/oktoberi-helyzetjelentes-avagy-mivel-is-foglalatoskodom-eppen\/covers_512500\/\" data-orig-file=\"https:\/\/i1.wp.com\/szaszkogabriella.com\/wp-content\/uploads\/2018\/10\/covers_512500.jpg?fit=330%2C500\" data-orig-size=\"330,500\" data-comments-opened=\"1\" data-image-meta=\"{&quot;aperture&quot;:&quot;0&quot;,&quot;credit&quot;:&quot;&quot;,&quot;camera&quot;:&quot;&quot;,&quot;caption&quot;:&quot;&quot;,&quot;created_timestamp&quot;:&quot;0&quot;,&quot;copyright&quot;:&quot;&quot;,&quot;focal_length&quot;:&quot;0&quot;,&quot;iso&quot;:&quot;0&quot;,&quot;shutter_speed&quot;:&quot;0&quot;,&quot;title&quot;:&quot;&quot;,&quot;orientation&quot;:&quot;0&quot;}\" data-image-title=\"covers_512500\" data-image-description=\"\" data-medium-file=\"https:\/\/i1.wp.com\/szaszkogabriella.com\/wp-content\/uploads\/2018\/10\/covers_512500.jpg?fit=198%2C300\" data-large-file=\"https:\/\/i1.wp.com\/szaszkogabriella.com\/wp-content\/uploads\/2018\/10\/covers_512500.jpg?fit=330%2C500\" \/><\/a>\n\t\t\t<\/dt><\/dl><dl class='gallery-item'>\n\t\t\t<dt class='gallery-icon portrait'>\n\t\t\t\t<a href='http:\/\/szaszkogabriella.com\/index.php\/hu\/2018\/10\/26\/oktoberi-helyzetjelentes-avagy-mivel-is-foglalatoskodom-eppen\/covers_514039\/'><img width=\"198\" height=\"300\" src=\"https:\/\/i0.wp.com\/szaszkogabriella.com\/wp-content\/uploads\/2018\/10\/covers_514039.jpg?fit=198%2C300\" class=\"attachment-medium size-medium\" alt=\"\" decoding=\"async\" loading=\"lazy\" srcset=\"https:\/\/i0.wp.com\/szaszkogabriella.com\/wp-content\/uploads\/2018\/10\/covers_514039.jpg?w=330 330w, https:\/\/i0.wp.com\/szaszkogabriella.com\/wp-content\/uploads\/2018\/10\/covers_514039.jpg?resize=198%2C300 198w\" sizes=\"(max-width: 198px) 100vw, 198px\" data-attachment-id=\"2422\" data-permalink=\"http:\/\/szaszkogabriella.com\/index.php\/hu\/2018\/10\/26\/oktoberi-helyzetjelentes-avagy-mivel-is-foglalatoskodom-eppen\/covers_514039\/\" data-orig-file=\"https:\/\/i0.wp.com\/szaszkogabriella.com\/wp-content\/uploads\/2018\/10\/covers_514039.jpg?fit=330%2C500\" data-orig-size=\"330,500\" data-comments-opened=\"1\" data-image-meta=\"{&quot;aperture&quot;:&quot;0&quot;,&quot;credit&quot;:&quot;&quot;,&quot;camera&quot;:&quot;&quot;,&quot;caption&quot;:&quot;&quot;,&quot;created_timestamp&quot;:&quot;0&quot;,&quot;copyright&quot;:&quot;&quot;,&quot;focal_length&quot;:&quot;0&quot;,&quot;iso&quot;:&quot;0&quot;,&quot;shutter_speed&quot;:&quot;0&quot;,&quot;title&quot;:&quot;&quot;,&quot;orientation&quot;:&quot;0&quot;}\" data-image-title=\"covers_514039\" data-image-description=\"\" data-medium-file=\"https:\/\/i0.wp.com\/szaszkogabriella.com\/wp-content\/uploads\/2018\/10\/covers_514039.jpg?fit=198%2C300\" data-large-file=\"https:\/\/i0.wp.com\/szaszkogabriella.com\/wp-content\/uploads\/2018\/10\/covers_514039.jpg?fit=330%2C500\" \/><\/a>\n\t\t\t<\/dt><\/dl><br style=\"clear: both\" \/>\n\t\t<\/div>\n\n<p style=\"text-align: justify;\">De gondolom, a legt\u00f6bbeteket Pennington\u00e9k \u00e9rdekelnek, f\u0151k\u00e9nt a Vigy\u00e1zz r\u00e1m \ud83d\ude09 A reg\u00e9ny december elej\u00e9re biztosan megjelenik, m\u00e1r t\u00fal vagyunk a szerkeszt\u0151i k\u00f6r\u00f6k\u00f6n. Most \u00e9n \u00e9pp\u00fagy t\u0171k\u00f6n \u00fclve v\u00e1rom a bor\u00edt\u00f3t, ahogy ti is. Megs\u00fagom, hogy hozz\u00e1m m\u00e1r egy v\u00e1ltozat befutott, de m\u00e9g \u00e1t kell dolgozni kicsit. De nagyon rem\u00e9lem, hogy hamarosan j\u00f6n a bor\u00edt\u00f3leleplez\u00e9s, m\u00e1r nagyon izgatottan v\u00e1rom! \ud83d\ude42 A Vigy\u00e1zz r\u00e1m-mal kapcsolatos, hogy decemberben k\u00f6nyvbemutat\u00f3t is tervez\u00fcnk Budapesten, aminek szint\u00e9n jelentkezek majd a r\u00e9szleteivel! Ott feltehetitek majd a k\u00f6nyvekkel kapcsolatos k\u00e9rd\u00e9seiteket \ud83d\ude09<\/p>\n<p style=\"text-align: justify;\">Emellett sz\u00e1momra hatalmas h\u00edr, hogy el\u00e9rhet\u0151ek lesznek a <a href=\"https:\/\/www.vilagoklangja.hu\/\">Vil\u00e1gok L\u00e1ngj\u00e1n\u00e1l<\/a> Penningtonos k\u00f6nyves gyerty\u00e1k, pontosan k\u00e9tf\u00e9le. Nagyon \u00f6r\u00fcl\u00f6k, hogy a k\u00f6nyveken k\u00edv\u00fcl beszerezhettek valami Penningtonos dolgot, \u00e9s r\u00e1ad\u00e1sul az pont illatgyertya lesz, aminek egy\u00e9bk\u00e9nt is a megsz\u00e1llottja vagyok. A k\u00e9s\u0151bbiekben majd tervezek j\u00e1t\u00e9kokat is a gyerty\u00e1k kapcs\u00e1n, \u00fagyhogy nagyon izgi lesz. \u00c9s megs\u00fagom, hogy a vattacukor is fontos alapillat lett az egyik gyerty\u00e1n\u00e1l! \ud83d\ude42<\/p>\n<p><a href=\"https:\/\/i2.wp.com\/szaszkogabriella.com\/wp-content\/uploads\/2018\/10\/34825699_191424284897331_1303160276664713216_n.jpg\"><img data-attachment-id=\"2424\" data-permalink=\"http:\/\/szaszkogabriella.com\/index.php\/hu\/2018\/10\/26\/oktoberi-helyzetjelentes-avagy-mivel-is-foglalatoskodom-eppen\/34825699_191424284897331_1303160276664713216_n\/\" data-orig-file=\"https:\/\/i2.wp.com\/szaszkogabriella.com\/wp-content\/uploads\/2018\/10\/34825699_191424284897331_1303160276664713216_n.jpg?fit=1080%2C856\" data-orig-size=\"1080,856\" data-comments-opened=\"1\" data-image-meta=\"{&quot;aperture&quot;:&quot;0&quot;,&quot;credit&quot;:&quot;&quot;,&quot;camera&quot;:&quot;&quot;,&quot;caption&quot;:&quot;&quot;,&quot;created_timestamp&quot;:&quot;0&quot;,&quot;copyright&quot;:&quot;&quot;,&quot;focal_length&quot;:&quot;0&quot;,&quot;iso&quot;:&quot;0&quot;,&quot;shutter_speed&quot;:&quot;0&quot;,&quot;title&quot;:&quot;&quot;,&quot;orientation&quot;:&quot;0&quot;}\" data-image-title=\"34825699_191424284897331_1303160276664713216_n\" data-image-description=\"\" data-medium-file=\"https:\/\/i2.wp.com\/szaszkogabriella.com\/wp-content\/uploads\/2018\/10\/34825699_191424284897331_1303160276664713216_n.jpg?fit=300%2C238\" data-large-file=\"https:\/\/i2.wp.com\/szaszkogabriella.com\/wp-content\/uploads\/2018\/10\/34825699_191424284897331_1303160276664713216_n.jpg?fit=560%2C444\" decoding=\"async\" loading=\"lazy\" class=\"aligncenter size-full wp-image-2424\" src=\"https:\/\/i2.wp.com\/szaszkogabriella.com\/wp-content\/uploads\/2018\/10\/34825699_191424284897331_1303160276664713216_n.jpg?resize=560%2C444\" alt=\"\" width=\"560\" height=\"444\" srcset=\"https:\/\/i2.wp.com\/szaszkogabriella.com\/wp-content\/uploads\/2018\/10\/34825699_191424284897331_1303160276664713216_n.jpg?w=1080 1080w, https:\/\/i2.wp.com\/szaszkogabriella.com\/wp-content\/uploads\/2018\/10\/34825699_191424284897331_1303160276664713216_n.jpg?resize=300%2C238 300w, https:\/\/i2.wp.com\/szaszkogabriella.com\/wp-content\/uploads\/2018\/10\/34825699_191424284897331_1303160276664713216_n.jpg?resize=768%2C609 768w, https:\/\/i2.wp.com\/szaszkogabriella.com\/wp-content\/uploads\/2018\/10\/34825699_191424284897331_1303160276664713216_n.jpg?resize=1024%2C812 1024w\" sizes=\"(max-width: 560px) 100vw, 560px\" data-recalc-dims=\"1\" \/><\/a><\/p>\n<p style=\"text-align: justify;\">A Vigy\u00e1zz r\u00e1m \u00e9s a gyerty\u00e1k mellett m\u00e9g szeretn\u00e9k arr\u00f3l is \u00edrni, min dolgozom \u00e9ppen. Hamarosan v\u00e9get \u00e9r az okt\u00f3ber, \u00e9s bek\u00f6sz\u00f6nt a <del>november<\/del> NaNoWriMo. Ha ismertek, akkor tudj\u00e1tok, hogy m\u00e1r igen hossz\u00fa \u00e9vek \u00f3ta r\u00e9szt veszek az 50 ezer szavas \u00edr\u00f3s kih\u00edv\u00e1son. Azonban \u00fagy \u00e9rzem, 2012 \u00f3ta el\u0151sz\u00f6r musz\u00e1j megmaradnom a realit\u00e1sok talaj\u00e1n, \u00e9s az 50 ezer sz\u00f3 helyett csak 25 ezer sz\u00f3t v\u00e1llalhatok be. Nem szeretn\u00e9m kihagyni teljesen az esem\u00e9nyt, mivel hatalmas \u00e9lm\u00e9ny, de id\u00e9n novemberben nem hinn\u00e9m, hogy k\u00e9pes lenn\u00e9k megl\u00e9pni a hat\u00e1rt. Ennek ellen\u00e9re bele akarok v\u00e1gni egy teljesen \u00faj reg\u00e9nybe, ami egy kicsit thrilleres m\u0171faj\u00fa \u00e9s konkr\u00e9tan m\u00e1sf\u00e9l \u00e9ve foglalkoztat. Nem tudom m\u00e9g, mire jutok vele, de \u00fagy \u00e9rzem, ez a NaNo kicsit k\u00f6zelebb hozhat, merre is akarok haladni ezzel a t\u00f6rt\u00e9nettel.<\/p>\n<p><a href=\"https:\/\/i2.wp.com\/szaszkogabriella.com\/wp-content\/uploads\/2018\/10\/NaNo-2018-Writer-Twitter-Header.png\"><img data-attachment-id=\"2425\" data-permalink=\"http:\/\/szaszkogabriella.com\/index.php\/hu\/2018\/10\/26\/oktoberi-helyzetjelentes-avagy-mivel-is-foglalatoskodom-eppen\/nano-2018-writer-twitter-header\/\" data-orig-file=\"https:\/\/i2.wp.com\/szaszkogabriella.com\/wp-content\/uploads\/2018\/10\/NaNo-2018-Writer-Twitter-Header.png?fit=1500%2C500\" data-orig-size=\"1500,500\" data-comments-opened=\"1\" data-image-meta=\"{&quot;aperture&quot;:&quot;0&quot;,&quot;credit&quot;:&quot;&quot;,&quot;camera&quot;:&quot;&quot;,&quot;caption&quot;:&quot;&quot;,&quot;created_timestamp&quot;:&quot;0&quot;,&quot;copyright&quot;:&quot;&quot;,&quot;focal_length&quot;:&quot;0&quot;,&quot;iso&quot;:&quot;0&quot;,&quot;shutter_speed&quot;:&quot;0&quot;,&quot;title&quot;:&quot;&quot;,&quot;orientation&quot;:&quot;0&quot;}\" data-image-title=\"NaNo-2018-Writer-Twitter-Header\" data-image-description=\"\" data-medium-file=\"https:\/\/i2.wp.com\/szaszkogabriella.com\/wp-content\/uploads\/2018\/10\/NaNo-2018-Writer-Twitter-Header.png?fit=300%2C100\" data-large-file=\"https:\/\/i2.wp.com\/szaszkogabriella.com\/wp-content\/uploads\/2018\/10\/NaNo-2018-Writer-Twitter-Header.png?fit=560%2C186\" decoding=\"async\" loading=\"lazy\" class=\"aligncenter size-full wp-image-2425\" src=\"https:\/\/i2.wp.com\/szaszkogabriella.com\/wp-content\/uploads\/2018\/10\/NaNo-2018-Writer-Twitter-Header.png?resize=560%2C187\" alt=\"\" width=\"560\" height=\"187\" srcset=\"https:\/\/i2.wp.com\/szaszkogabriella.com\/wp-content\/uploads\/2018\/10\/NaNo-2018-Writer-Twitter-Header.png?w=1500 1500w, https:\/\/i2.wp.com\/szaszkogabriella.com\/wp-content\/uploads\/2018\/10\/NaNo-2018-Writer-Twitter-Header.png?resize=300%2C100 300w, https:\/\/i2.wp.com\/szaszkogabriella.com\/wp-content\/uploads\/2018\/10\/NaNo-2018-Writer-Twitter-Header.png?resize=768%2C256 768w, https:\/\/i2.wp.com\/szaszkogabriella.com\/wp-content\/uploads\/2018\/10\/NaNo-2018-Writer-Twitter-Header.png?resize=1024%2C341 1024w, https:\/\/i2.wp.com\/szaszkogabriella.com\/wp-content\/uploads\/2018\/10\/NaNo-2018-Writer-Twitter-Header.png?w=1120 1120w\" sizes=\"(max-width: 560px) 100vw, 560px\" data-recalc-dims=\"1\" \/><\/a><\/p>\n<p style=\"text-align: justify;\">Amit viszont biztosan \u00edrok az az Eml\u00e9kezz r\u00e1m, amir\u0151l m\u00e1r p\u00e1ran lehet hallottatok. Az Eml\u00e9kezz r\u00e1m \u00f6tlete k\u00f6r\u00fclbel\u00fcl m\u00e1sf\u00e9l \u00e9vvel ezel\u0151tt sz\u00fcletett meg bennem, amely James Pennington szemsz\u00f6g\u00e9b\u0151l \u00edrja le az esem\u00e9nyeket, a korai id\u0151szakot, a fi\u00fak kiskor\u00e1t, \u00e9s konkr\u00e9tan a James hal\u00e1l\u00e1hoz vezet\u0151 esem\u00e9nyeket. Nagyon szeretek foglalkozni ezzel a t\u00f6rt\u00e9nettel, James megelevenedett el\u0151ttem. M\u00e9g csak 6500 sz\u00f3 van k\u00e9sz bel\u0151le, de ennek ellen\u00e9re szuper visszat\u00e9rni Pennington\u00e9k vil\u00e1g\u00e1ba.<\/p>\n<p>Mindent \u00f6sszefoglalva: alig v\u00e1rom az \u00e9v v\u00e9g\u00e9t. A november-decemberi id\u0151szak m\u00e1r harmadik \u00e9ve jelenti sz\u00e1momra a k\u00f6nyvem megjelen\u00e9s\u00e9t, ami\u00e9rt kimondhatatlanul h\u00e1l\u00e1s vagyok. Alig v\u00e1rom, hogy tal\u00e1lkozzak veletek \u00e9s a kezemben foghassam a teljes tril\u00f3gi\u00e1t. Term\u00e9szetesen folyamatosan hozom a friss h\u00edreket! \ud83d\ude42<\/p>\n<p><a href=\"https:\/\/i0.wp.com\/szaszkogabriella.com\/wp-content\/uploads\/2018\/10\/333a14bce7b8bfee9360b19537487819.jpg\"><img data-attachment-id=\"2420\" data-permalink=\"http:\/\/szaszkogabriella.com\/index.php\/hu\/2018\/10\/26\/oktoberi-helyzetjelentes-avagy-mivel-is-foglalatoskodom-eppen\/333a14bce7b8bfee9360b19537487819\/\" data-orig-file=\"https:\/\/i0.wp.com\/szaszkogabriella.com\/wp-content\/uploads\/2018\/10\/333a14bce7b8bfee9360b19537487819.jpg?fit=564%2C845\" data-orig-size=\"564,845\" data-comments-opened=\"1\" data-image-meta=\"{&quot;aperture&quot;:&quot;0&quot;,&quot;credit&quot;:&quot;&quot;,&quot;camera&quot;:&quot;&quot;,&quot;caption&quot;:&quot;&quot;,&quot;created_timestamp&quot;:&quot;0&quot;,&quot;copyright&quot;:&quot;&quot;,&quot;focal_length&quot;:&quot;0&quot;,&quot;iso&quot;:&quot;0&quot;,&quot;shutter_speed&quot;:&quot;0&quot;,&quot;title&quot;:&quot;&quot;,&quot;orientation&quot;:&quot;0&quot;}\" data-image-title=\"333a14bce7b8bfee9360b19537487819\" data-image-description=\"\" data-medium-file=\"https:\/\/i0.wp.com\/szaszkogabriella.com\/wp-content\/uploads\/2018\/10\/333a14bce7b8bfee9360b19537487819.jpg?fit=200%2C300\" data-large-file=\"https:\/\/i0.wp.com\/szaszkogabriella.com\/wp-content\/uploads\/2018\/10\/333a14bce7b8bfee9360b19537487819.jpg?fit=560%2C839\" decoding=\"async\" loading=\"lazy\" class=\"aligncenter size-full wp-image-2420\" src=\"https:\/\/i0.wp.com\/szaszkogabriella.com\/wp-content\/uploads\/2018\/10\/333a14bce7b8bfee9360b19537487819.jpg?resize=560%2C839\" alt=\"\" width=\"560\" height=\"839\" srcset=\"https:\/\/i0.wp.com\/szaszkogabriella.com\/wp-content\/uploads\/2018\/10\/333a14bce7b8bfee9360b19537487819.jpg?w=564 564w, https:\/\/i0.wp.com\/szaszkogabriella.com\/wp-content\/uploads\/2018\/10\/333a14bce7b8bfee9360b19537487819.jpg?resize=200%2C300 200w\" sizes=\"(max-width: 560px) 100vw, 560px\" data-recalc-dims=\"1\" \/><\/a><\/p>\n","protected":false},"excerpt":{"rendered":"<p>Sokat gondolkoztam, mi is legyen a heti blogbejegyz\u00e9sem t\u00e9m\u00e1ja, de \u00fagy gondoltam, hogy most musz\u00e1j egy kis \u00f6sszefoglal\u00f3s, helyzetjelent\u0151s blogbejegyz\u00e9ssel j\u00f6nn\u00f6m. Ez tulajdonk\u00e9ppen nekem is j\u00f3l fog j\u00f6nni, hogy \u00e1tl\u00e1ssam a kaotikus napokat. Sz\u00f3val, mivel is foglalkozom \u00e9pp? Hogy \u00e1ll &hellip; <a class=\"more-link\" href=\"http:\/\/szaszkogabriella.com\/index.php\/hu\/2018\/10\/26\/oktoberi-helyzetjelentes-avagy-mivel-is-foglalatoskodom-eppen\/\">Continue reading <span class=\"meta-nav\">&rarr;<\/span><\/a><\/p>\n","protected":false},"author":1,"featured_media":2420,"comment_status":"open","ping_status":"open","sticky":false,"template":"","format":"standard","meta":{"spay_email":"","jetpack_publicize_message":"","jetpack_is_tweetstorm":false},"categories":[342,358,396],"tags":[2176,2172,2178,12,33,1652,2174,81],"yoast_head":"<!-- This site is optimized with the Yoast SEO plugin v16.2 - https:\/\/yoast.com\/wordpress\/plugins\/seo\/ -->\n<meta name=\"robots\" content=\"index, follow, max-snippet:-1, max-image-preview:large, max-video-preview:-1\" \/>\n<link rel=\"canonical\" href=\"https:\/\/szaszkogabriella.com\/index.php\/hu\/2018\/10\/26\/oktoberi-helyzetjelentes-avagy-mivel-is-foglalatoskodom-eppen\/\" \/>\n<meta property=\"og:locale\" content=\"en_US\" \/>\n<meta property=\"og:type\" content=\"article\" \/>\n<meta property=\"og:title\" content=\"Okt\u00f3beri helyzetjelent\u00e9s, avagy mivel is foglalatoskodom \u00e9ppen - Szaszk\u00f3 Gabriella\" \/>\n<meta property=\"og:description\" content=\"Sokat gondolkoztam, mi is legyen a heti blogbejegyz\u00e9sem t\u00e9m\u00e1ja, de \u00fagy gondoltam, hogy most musz\u00e1j egy kis \u00f6sszefoglal\u00f3s, helyzetjelent\u0151s blogbejegyz\u00e9ssel j\u00f6nn\u00f6m. Ez tulajdonk\u00e9ppen nekem is j\u00f3l fog j\u00f6nni, hogy \u00e1tl\u00e1ssam a kaotikus napokat. Sz\u00f3val, mivel is foglalkozom \u00e9pp? Hogy \u00e1ll &hellip; Continue reading &rarr;\" \/>\n<meta property=\"og:url\" content=\"https:\/\/szaszkogabriella.com\/index.php\/hu\/2018\/10\/26\/oktoberi-helyzetjelentes-avagy-mivel-is-foglalatoskodom-eppen\/\" \/>\n<meta property=\"og:site_name\" content=\"Szaszk\u00f3 Gabriella\" \/>\n<meta property=\"article:author\" content=\"https:\/\/www.facebook.com\/gabriellaszaszkoswriting\" \/>\n<meta property=\"article:published_time\" content=\"2018-10-26T10:53:31+00:00\" \/>\n<meta property=\"og:image\" content=\"https:\/\/i0.wp.com\/szaszkogabriella.com\/wp-content\/uploads\/2018\/10\/333a14bce7b8bfee9360b19537487819.jpg?fit=564%2C845\" \/>\n\t<meta property=\"og:image:width\" content=\"564\" \/>\n\t<meta property=\"og:image:height\" content=\"845\" \/>\n<meta name=\"twitter:card\" content=\"summary\" \/>\n<meta name=\"twitter:label1\" content=\"Est. reading time\">\n\t<meta name=\"twitter:data1\" content=\"4 minutes\">\n<script type=\"application\/ld+json\" class=\"yoast-schema-graph\">{\"@context\":\"https:\/\/schema.org\",\"@graph\":[{\"@type\":\"WebSite\",\"@id\":\"https:\/\/szaszkogabriella.com\/index.php\/en\/about-me\/#website\",\"url\":\"https:\/\/szaszkogabriella.com\/index.php\/en\/about-me\/\",\"name\":\"Szaszk\\u00f3 Gabriella\",\"description\":\"\",\"potentialAction\":[{\"@type\":\"SearchAction\",\"target\":\"https:\/\/szaszkogabriella.com\/index.php\/en\/about-me\/?s={search_term_string}\",\"query-input\":\"required name=search_term_string\"}],\"inLanguage\":\"en-US\"},{\"@type\":\"ImageObject\",\"@id\":\"https:\/\/szaszkogabriella.com\/index.php\/hu\/2018\/10\/26\/oktoberi-helyzetjelentes-avagy-mivel-is-foglalatoskodom-eppen\/#primaryimage\",\"inLanguage\":\"en-US\",\"url\":\"https:\/\/i0.wp.com\/szaszkogabriella.com\/wp-content\/uploads\/2018\/10\/333a14bce7b8bfee9360b19537487819.jpg?fit=564%2C845\",\"contentUrl\":\"https:\/\/i0.wp.com\/szaszkogabriella.com\/wp-content\/uploads\/2018\/10\/333a14bce7b8bfee9360b19537487819.jpg?fit=564%2C845\",\"width\":564,\"height\":845},{\"@type\":\"WebPage\",\"@id\":\"https:\/\/szaszkogabriella.com\/index.php\/hu\/2018\/10\/26\/oktoberi-helyzetjelentes-avagy-mivel-is-foglalatoskodom-eppen\/#webpage\",\"url\":\"https:\/\/szaszkogabriella.com\/index.php\/hu\/2018\/10\/26\/oktoberi-helyzetjelentes-avagy-mivel-is-foglalatoskodom-eppen\/\",\"name\":\"Okt\\u00f3beri helyzetjelent\\u00e9s, avagy mivel is foglalatoskodom \\u00e9ppen - Szaszk\\u00f3 Gabriella\",\"isPartOf\":{\"@id\":\"https:\/\/szaszkogabriella.com\/index.php\/en\/about-me\/#website\"},\"primaryImageOfPage\":{\"@id\":\"https:\/\/szaszkogabriella.com\/index.php\/hu\/2018\/10\/26\/oktoberi-helyzetjelentes-avagy-mivel-is-foglalatoskodom-eppen\/#primaryimage\"},\"datePublished\":\"2018-10-26T10:53:31+00:00\",\"dateModified\":\"2018-10-26T10:53:31+00:00\",\"author\":{\"@id\":\"https:\/\/szaszkogabriella.com\/index.php\/en\/about-me\/#\/schema\/person\/f1bfdb90405c070d18b4cda6cb2d97e7\"},\"breadcrumb\":{\"@id\":\"https:\/\/szaszkogabriella.com\/index.php\/hu\/2018\/10\/26\/oktoberi-helyzetjelentes-avagy-mivel-is-foglalatoskodom-eppen\/#breadcrumb\"},\"inLanguage\":\"en-US\",\"potentialAction\":[{\"@type\":\"ReadAction\",\"target\":[\"https:\/\/szaszkogabriella.com\/index.php\/hu\/2018\/10\/26\/oktoberi-helyzetjelentes-avagy-mivel-is-foglalatoskodom-eppen\/\"]}]},{\"@type\":\"BreadcrumbList\",\"@id\":\"https:\/\/szaszkogabriella.com\/index.php\/hu\/2018\/10\/26\/oktoberi-helyzetjelentes-avagy-mivel-is-foglalatoskodom-eppen\/#breadcrumb\",\"itemListElement\":[{\"@type\":\"ListItem\",\"position\":1,\"item\":{\"@type\":\"WebPage\",\"@id\":\"https:\/\/szaszkogabriella.com\/index.php\/en\/about-me\/\",\"url\":\"https:\/\/szaszkogabriella.com\/index.php\/en\/about-me\/\",\"name\":\"Home\"}},{\"@type\":\"ListItem\",\"position\":2,\"item\":{\"@id\":\"https:\/\/szaszkogabriella.com\/index.php\/hu\/2018\/10\/26\/oktoberi-helyzetjelentes-avagy-mivel-is-foglalatoskodom-eppen\/#webpage\"}}]},{\"@type\":\"Person\",\"@id\":\"https:\/\/szaszkogabriella.com\/index.php\/en\/about-me\/#\/schema\/person\/f1bfdb90405c070d18b4cda6cb2d97e7\",\"name\":\"Gabriella\",\"image\":{\"@type\":\"ImageObject\",\"@id\":\"https:\/\/szaszkogabriella.com\/index.php\/en\/about-me\/#personlogo\",\"inLanguage\":\"en-US\",\"url\":\"http:\/\/2.gravatar.com\/avatar\/ed8f7419b959f303647d2997795ba3b4?s=96&d=mm&r=g\",\"contentUrl\":\"http:\/\/2.gravatar.com\/avatar\/ed8f7419b959f303647d2997795ba3b4?s=96&d=mm&r=g\",\"caption\":\"Gabriella\"},\"sameAs\":[\"http:\/\/szaszkogabriella.com\/\",\"https:\/\/www.facebook.com\/gabriellaszaszkoswriting\"]}]}<\/script>\n<!-- \/ Yoast SEO plugin. -->","jetpack_featured_media_url":"https:\/\/i0.wp.com\/szaszkogabriella.com\/wp-content\/uploads\/2018\/10\/333a14bce7b8bfee9360b19537487819.jpg?fit=564%2C845","jetpack_publicize_connections":[],"jetpack_sharing_enabled":true,"jetpack_shortlink":"https:\/\/wp.me\/p6aBpy-D1","jetpack_likes_enabled":true,"jetpack-related-posts":[{"id":1995,"url":"http:\/\/szaszkogabriella.com\/index.php\/hu\/2018\/01\/10\/irok-egymas-kozott-mi-ez\/","url_meta":{"origin":2419,"position":0},"title":"\u00cdr\u00f3k egym\u00e1s k\u00f6z\u00f6tt \u2013 mi is ez?","date":"January 10, 2018","format":false,"excerpt":"2018-ban \u00faj, havonta felbukkan\u00f3 blogbejegyz\u00e9ssel rukkolunk el\u0151, ami az \u00cdr\u00f3k egym\u00e1s k\u00f6z\u00f6tt nevet viseli. Az \u00f6tlet \u00fagy pattant ki a fej\u00fcnkb\u0151l, hogy van nekem k\u00e9t legjobb, kedves \u00edr\u00f3bar\u00e1tn\u0151m, akikkel napi kapcsolatban \u00e1llok. Sokat szoktunk besz\u00e9lgetni az \u00e9let\u00fcnkr\u0151l \u00e9s persze az \u00edr\u00e1sr\u00f3l. Nagyon sok t\u00e9ma felbukkan, amiket azt\u00e1n elkezdtem lassank\u00e9nt feljegyezni,\u2026","rel":"","context":"In &quot;\u00cdr\u00f3k egym\u00e1s k\u00f6z\u00f6tt&quot;","img":{"alt_text":"","src":"https:\/\/i2.wp.com\/szaszkogabriella.com\/wp-content\/uploads\/2018\/01\/26794262_10208875370560090_581515874_n.jpg?fit=800%2C800&resize=350%2C200","width":350,"height":200},"classes":[]},{"id":2651,"url":"http:\/\/szaszkogabriella.com\/index.php\/hu\/2019\/05\/23\/egy-picit-a-halarol-avagy-befejeztem-meg-egy-keziratot\/","url_meta":{"origin":2419,"position":1},"title":"Egy picit a h\u00e1l\u00e1r\u00f3l, avagy befejeztem m\u00e9g egy k\u00e9ziratot","date":"May 23, 2019","format":false,"excerpt":"\u00dagy fest, mostans\u00e1g a m\u00e1jus lett a k\u00e9zirat-befejez\u0151s h\u00f3napom, ugyanis tavaly szintre majdnem pontosan ilyenkor fejeztem be a K\u00e9s\u0151 m\u00e1rciust. Azt\u00e1n teljesen m\u00e1s vonalra akartam kalandozni, k\u00e9t p\u00e1r t\u00f6rt\u00e9net\u00e9t akartam meg\u00edrni egy teljes napfogyatkoz\u00e1s idej\u00e9n. De h\u00e1t \u00edr\u00f3 tervez.... \u00e9s erre James augusztusban nem hagyott nyugodni. El kellett mes\u00e9lnem a\u2026","rel":"","context":"In &quot;H\u00edrek&quot;","img":{"alt_text":"","src":"https:\/\/i2.wp.com\/szaszkogabriella.com\/wp-content\/uploads\/2019\/05\/the-end.jpg?fit=1200%2C714&resize=350%2C200","width":350,"height":200},"classes":[]},{"id":3201,"url":"http:\/\/szaszkogabriella.com\/index.php\/hu\/2020\/06\/14\/irok-egymas-kozott-gondolatok-a-szerkesztesrol\/","url_meta":{"origin":2419,"position":2},"title":"\u00cdr\u00f3k egym\u00e1s k\u00f6z\u00f6tt: Gondolatok a szerkeszt\u00e9sr\u0151l","date":"June 14, 2020","format":false,"excerpt":"A havi \u00cdr\u00f3k egym\u00e1s k\u00f6z\u00f6tt sorozatunkban j\u00faniusra a szerkeszt\u00e9st v\u00e1lasztottuk, mint t\u00e9m\u00e1t. Milyen \u00e9rz\u00e9s is egy \u00edr\u00f3nak, ha megszerkesztik az \u00edr\u00e1s\u00e1t? Milyen egy j\u00f3 szerkeszt\u0151? Mit v\u00e1runk t\u0151le? Biztos vagyok benne, hogy nagyon izgalmas dolgokba fogunk belemer\u00fclni a l\u00e1nyokkal. A t\u00f6bbiek cikkeit a nev\u00fckre kattintva \u00e9rhetitek el: Kl\u00e1ri, Emma, Fanni.\u2026","rel":"","context":"In &quot;\u00cdr\u00e1sr\u00f3l&quot;","img":{"alt_text":"","src":"https:\/\/i2.wp.com\/szaszkogabriella.com\/wp-content\/uploads\/2020\/01\/80996551_450466422574494_9083528146510151680_n.png?fit=800%2C800&resize=350%2C200","width":350,"height":200},"classes":[]},{"id":2483,"url":"http:\/\/szaszkogabriella.com\/index.php\/hu\/2018\/12\/11\/vigyazz-ram-konyvbemutatos-beszamolo\/","url_meta":{"origin":2419,"position":3},"title":"Vigy\u00e1zz r\u00e1m k\u00f6nyvbemutat\u00f3s besz\u00e1mol\u00f3","date":"December 11, 2018","format":false,"excerpt":"Tegnap tartottuk a Vigy\u00e1zz r\u00e1m k\u00f6nyvbemutat\u00f3j\u00e1t a Malom Libri k\u00f6nyvesboltban. El\u0151re is mindenkinek meg szeretn\u00e9m k\u00f6sz\u00f6nni, aki elj\u00f6tt, \u00e9s velem egy\u00fctt \u00fcnnepelte a harmadik k\u00f6nyvem megjelen\u00e9s\u00e9t. T\u00e9nyleg hihetetlen \u00e9rz\u00e9s, hogy 2016 \u00f3ta mennyit v\u00e1ltozott az \u00e9letem, \u00e9s hogy v\u00e9gre egyben is l\u00e1thatom ezt a k\u00f6nyvsorozatot, ami annyira fontos nekem. K\u00f6sz\u00f6n\u00f6k\u2026","rel":"","context":"In &quot;Pennington-testv\u00e9rek&quot;","img":{"alt_text":"","src":"https:\/\/i0.wp.com\/szaszkogabriella.com\/wp-content\/uploads\/2018\/12\/Untitled-design-1.jpg?fit=945%2C756&resize=350%2C200","width":350,"height":200},"classes":[]},{"id":2576,"url":"http:\/\/szaszkogabriella.com\/index.php\/hu\/2019\/02\/25\/hogy-is-keszult-a-vigyazz-ram-boritoja\/","url_meta":{"origin":2419,"position":4},"title":"Hogy is k\u00e9sz\u00fclt a Vigy\u00e1zz r\u00e1m bor\u00edt\u00f3ja?","date":"February 25, 2019","format":false,"excerpt":"\u00dagy gondoltam, a mostani heti blogbejegyz\u00e9semben egy kicsit besz\u00e9ln\u00e9k nektek a Vigy\u00e1zz r\u00e1m bor\u00edt\u00f3j\u00e1nak kalandos \u00fatj\u00e1r\u00f3l. Rem\u00e9lem, hogy \u00e9rdekesnek fogj\u00e1tok tal\u00e1lni a bejegyz\u00e9st, ahol extra k\u00e9peket is meg fogok veletek osztani! :) A t\u00f6rt\u00e9netet onnan ind\u00edtan\u00e1m, hogy nagyon egyszer\u0171 dolgom volt a Besz\u00e9lj hozz\u00e1m bor\u00edt\u00f3j\u00e1val kapcsolatban, ugyanis ugyanazon fot\u00f3snak volt\u2026","rel":"","context":"In &quot;Pennington-testv\u00e9rek&quot;","img":{"alt_text":"","src":"https:\/\/i1.wp.com\/szaszkogabriella.com\/wp-content\/uploads\/2019\/02\/statements_1205189.jpg?fit=1000%2C1000&resize=350%2C200","width":350,"height":200},"classes":[]},{"id":941,"url":"http:\/\/szaszkogabriella.com\/index.php\/hu\/2015\/07\/16\/befejeztem-statisztikak-es-erzesek\/","url_meta":{"origin":2419,"position":5},"title":"Befejeztem statisztik\u00e1k \u00e9s \u00e9rz\u00e9sek","date":"July 16, 2015","format":false,"excerpt":"Reg\u00e9nyt \u00edrni a legjobb dolog a vil\u00e1gon. Ezt azt hiszem, kijelenthetem. Sz\u00e1momra kikapcsol\u00f3d\u00e1st jelent a saj\u00e1t \u00e9letemb\u0151l, r\u00e1ad\u00e1sul seg\u00edt feldolgozni a mindennapi neh\u00e9zs\u00e9geimet, elakad\u00e1saimat. Nekem az ut\u00f3bbi h\u00e1rom \u00e9vben h\u0171 t\u00e1rsam volt egy tril\u00f3gia, amit m\u00e9g akkor kezdtem el \u00edrni, amikor egyetemre j\u00e1rtam. Egy reg\u00e9nynek indult, ami egy testv\u00e9rp\u00e1r gy\u00f6trelmeir\u0151l\u2026","rel":"","context":"In &quot;\u00cdr\u00e1sr\u00f3l&quot;","img":{"alt_text":"","src":"https:\/\/i1.wp.com\/szaszkogabriella.com\/wp-content\/uploads\/2015\/07\/4da31f1bb69203bbb5a4cd276ca48b66.jpg?fit=553%2C827&resize=350%2C200","width":350,"height":200},"classes":[]}],"_links":{"self":[{"href":"http:\/\/szaszkogabriella.com\/index.php\/wp-json\/wp\/v2\/posts\/2419"}],"collection":[{"href":"http:\/\/szaszkogabriella.com\/index.php\/wp-json\/wp\/v2\/posts"}],"about":[{"href":"http:\/\/szaszkogabriella.com\/index.php\/wp-json\/wp\/v2\/types\/post"}],"author":[{"embeddable":true,"href":"http:\/\/szaszkogabriella.com\/index.php\/wp-json\/wp\/v2\/users\/1"}],"replies":[{"embeddable":true,"href":"http:\/\/szaszkogabriella.com\/index.php\/wp-json\/wp\/v2\/comments?post=2419"}],"version-history":[{"count":1,"href":"http:\/\/szaszkogabriella.com\/index.php\/wp-json\/wp\/v2\/posts\/2419\/revisions"}],"predecessor-version":[{"id":2426,"href":"http:\/\/szaszkogabriella.com\/index.php\/wp-json\/wp\/v2\/posts\/2419\/revisions\/2426"}],"wp:featuredmedia":[{"embeddable":true,"href":"http:\/\/szaszkogabriella.com\/index.php\/wp-json\/wp\/v2\/media\/2420"}],"wp:attachment":[{"href":"http:\/\/szaszkogabriella.com\/index.php\/wp-json\/wp\/v2\/media?parent=2419"}],"wp:term":[{"taxonomy":"category","embeddable":true,"href":"http:\/\/szaszkogabriella.com\/index.php\/wp-json\/wp\/v2\/categories?post=2419"},{"taxonomy":"post_tag","embeddable":true,"href":"http:\/\/szaszkogabriella.com\/index.php\/wp-json\/wp\/v2\/tags?post=2419"}],"curies":[{"name":"wp","href":"https:\/\/api.w.org\/{rel}","templated":true}]}}