{"id":3080,"date":"2020-03-14T14:58:23","date_gmt":"2020-03-14T13:58:23","guid":{"rendered":"http:\/\/szaszkogabriella.com\/?p=3080"},"modified":"2020-03-14T15:11:13","modified_gmt":"2020-03-14T14:11:13","slug":"panikos-a-panikban-avagy-mit-tehetsz-a-mentalis-egeszsegedert-egy-vilagjarvany-idejen","status":"publish","type":"post","link":"http:\/\/szaszkogabriella.com\/index.php\/hu\/2020\/03\/14\/panikos-a-panikban-avagy-mit-tehetsz-a-mentalis-egeszsegedert-egy-vilagjarvany-idejen\/","title":{"rendered":"P\u00e1nikos a p\u00e1nikban, avagy mit tehetsz a ment\u00e1lis eg\u00e9szs\u00e9ged\u00e9rt egy vil\u00e1gj\u00e1rv\u00e1ny idej\u00e9n?"},"content":{"rendered":"<p style=\"text-align: justify;\">Nagyon sokan tudj\u00e1tok, hogy k\u00fczd\u00f6k a ment\u00e1lis eg\u00e9szs\u00e9gemmel, szinte ami\u00f3ta az eszemet tudom szorong\u00f3 vagyok. R\u00e9g\u00f3ta k\u00fczd\u00f6k p\u00e1nikbetegs\u00e9ggel, agoraf\u00f3bi\u00e1val, k\u00f6zleked\u00e9sf\u00f3bi\u00e1val \u00e9s hipochondri\u00e1val. \u00c9s egy pillanatra sem mondom, hogy a mostani helyzet nem teszteli minden ir\u00e1nyb\u00f3l a ment\u00e1lis eg\u00e9szs\u00e9gemet. \u00dagy gondoltam, m\u00e1soknak is hasznos lehet, ha \u00edrok egy kicsit err\u0151l. Nem tudok tuti dolgokkal szolg\u00e1lni, \u00e9n is elrontok mindent, sokszor rettenetes bizonytalans\u00e1g fog el. R\u00e1ad\u00e1sul ism\u00e9telni se akarom azt, amit mindenhol olvashattok<del> (mossatok kezet \u00e9s ker\u00fclj\u00e9tek a t\u00f6meget)<\/del>. Rem\u00e9lem, az\u00e9rt ez a blogbejegyz\u00e9s tud kapaszkod\u00f3k\u00e9nt szolg\u00e1lni az elveszett lelkek sz\u00e1m\u00e1ra \ud83d\ude42<\/p>\n<p><a href=\"https:\/\/i1.wp.com\/szaszkogabriella.com\/wp-content\/uploads\/2020\/03\/Gray-Chic-Self-Care-Blog-Social-Media-Post.png\"><img data-attachment-id=\"3081\" data-permalink=\"http:\/\/szaszkogabriella.com\/index.php\/hu\/2020\/03\/14\/panikos-a-panikban-avagy-mit-tehetsz-a-mentalis-egeszsegedert-egy-vilagjarvany-idejen\/gray-chic-self-care-blog-social-media-post\/\" data-orig-file=\"https:\/\/i1.wp.com\/szaszkogabriella.com\/wp-content\/uploads\/2020\/03\/Gray-Chic-Self-Care-Blog-Social-Media-Post.png?fit=800%2C800\" data-orig-size=\"800,800\" data-comments-opened=\"1\" data-image-meta=\"{&quot;aperture&quot;:&quot;0&quot;,&quot;credit&quot;:&quot;&quot;,&quot;camera&quot;:&quot;&quot;,&quot;caption&quot;:&quot;&quot;,&quot;created_timestamp&quot;:&quot;0&quot;,&quot;copyright&quot;:&quot;&quot;,&quot;focal_length&quot;:&quot;0&quot;,&quot;iso&quot;:&quot;0&quot;,&quot;shutter_speed&quot;:&quot;0&quot;,&quot;title&quot;:&quot;&quot;,&quot;orientation&quot;:&quot;0&quot;}\" data-image-title=\"Gray Chic Self-Care Blog Social Media Post\" data-image-description=\"\" data-medium-file=\"https:\/\/i1.wp.com\/szaszkogabriella.com\/wp-content\/uploads\/2020\/03\/Gray-Chic-Self-Care-Blog-Social-Media-Post.png?fit=300%2C300\" data-large-file=\"https:\/\/i1.wp.com\/szaszkogabriella.com\/wp-content\/uploads\/2020\/03\/Gray-Chic-Self-Care-Blog-Social-Media-Post.png?fit=560%2C560\" decoding=\"async\" loading=\"lazy\" class=\"aligncenter size-full wp-image-3081\" src=\"https:\/\/i1.wp.com\/szaszkogabriella.com\/wp-content\/uploads\/2020\/03\/Gray-Chic-Self-Care-Blog-Social-Media-Post.png?resize=560%2C560\" alt=\"\" width=\"560\" height=\"560\" srcset=\"https:\/\/i1.wp.com\/szaszkogabriella.com\/wp-content\/uploads\/2020\/03\/Gray-Chic-Self-Care-Blog-Social-Media-Post.png?w=800 800w, https:\/\/i1.wp.com\/szaszkogabriella.com\/wp-content\/uploads\/2020\/03\/Gray-Chic-Self-Care-Blog-Social-Media-Post.png?resize=300%2C300 300w, https:\/\/i1.wp.com\/szaszkogabriella.com\/wp-content\/uploads\/2020\/03\/Gray-Chic-Self-Care-Blog-Social-Media-Post.png?resize=150%2C150 150w, https:\/\/i1.wp.com\/szaszkogabriella.com\/wp-content\/uploads\/2020\/03\/Gray-Chic-Self-Care-Blog-Social-Media-Post.png?resize=768%2C768 768w\" sizes=\"(max-width: 560px) 100vw, 560px\" data-recalc-dims=\"1\" \/><\/a><\/p>\n<p style=\"text-align: justify;\">\u00c9rdekes \u00e9rz\u00e9s, amikor hirtelen a vil\u00e1g olyan neurotikuss\u00e1 v\u00e1lik, mint \u00e9n magam. Mintha hirtelen mindenki m\u00e1s ugyan\u00fagy gondolkodna, mint \u00e9n. <strong>Agoraf\u00f3bi\u00e1sk\u00e9nt<\/strong> eddig is f\u00e9ltem kimenni, ker\u00fcltem a k\u00f6zleked\u00e9st, nem szerettem a bev\u00e1s\u00e1rl\u00f3k\u00f6zpontokat, sem a t\u00f6meget, a f\u00e9lelmeim tetej\u00e9n a rep\u00fcl\u00e9s \u00e1llt. Emellett mindig is f\u00e9ltettem az eg\u00e9szs\u00e9gemet. \u00c9l\u00e9nk fant\u00e1zi\u00e1mmal a legr\u00e9mesebb k\u00f6vetkeztet\u00e9sre tudtam jutni egy-egy megf\u00e1z\u00e1s vagy egy\u00e9b t\u00fcnet kapcs\u00e1n is. \u00c9s erre p\u00e1r napja &#8211; hete &#8211; az eg\u00e9sz vil\u00e1g \u00fagy retteg, mint \u00e9n. Hosszasan elgondolkoztam, hogy vajon a hasznomra v\u00e1lt-e ez a sok-sok m\u00f3dszer, amivel \u00e9letem sor\u00e1n tal\u00e1lkoztam. Az a sok-sok k\u00f6nyv, amit elolvastam a f\u00e9lelem, a katasztrofiz\u00e1l\u00e1s \u00e9s a szorong\u00e1s kapcs\u00e1n. De term\u00e9szetesen ez a helyzet engem is pr\u00f3b\u00e1ra tesz, ahogy mindenkit. Fel\u00e9ledt bennem is a m\u00e9ly bels\u0151 bizonytalans\u00e1g. Gondjaim vannak a bizalommal, a testemmel kapcsolatos bizalommal, rosszul kezelem, ha nem tervszer\u0171en haladnak a dolgok. Erre most minden \u00fagy t\u00f6rt\u00e9nik, hogy belev\u00e1j a legm\u00e9lyebb r\u00e9tegeimbe. Hiszen elmarad a k\u00f6nyvfesztiv\u00e1l, nem is biztos, hogy \u00e1prilisban hazajutunk stb.<\/p>\n<p style=\"text-align: justify;\">Nagyon j\u00f3l tudom, hogy ez a helyzet mindenkinek <strong>pr\u00f3b\u00e1ra teszi a ment\u00e1lis eg\u00e9szs\u00e9g\u00e9t<\/strong>, de nek\u00fcnk \u00e9l\u00e9nkfant\u00e1zi\u00e1s, \u00e9rz\u00e9keny szorong\u00f3knak is rettenetesen neh\u00e9z a dolgunk. Szerintem most k\u00fcl\u00f6n\u00f6sen fontos, hogy vigy\u00e1zzunk a ment\u00e1lis eg\u00e9szs\u00e9g\u00fcnkre, hiszen minden oldalr\u00f3l t\u00f6r r\u00e1nk a bizonytalans\u00e1g. Nem tudjuk, meddig tart ez a helyzet, nem tudjuk, mi lesz ut\u00e1na.<\/p>\n<p style=\"text-align: justify;\">\u00c9n a napokban sikeresen bespir\u00e1loztam magam. Hipochonderk\u00e9nt mindig is nagyon szerettem a neten ut\u00e1naolvasni dolgoknak, hiszen ez a kontroll l\u00e1tszat\u00e1t kelti az emberben. Ez a napokban \u00fagy csap\u00f3dott le n\u00e1lam, hogy t\u00f6bbsz\u00f6r v\u00e9gigolvastam a BBC cikkeit, a Facebookon megosztott cikkeket, b\u00fajtam az Indexet. Ennyi inform\u00e1ci\u00f3 mellett nagyon neh\u00e9z racion\u00e1lisnak maradni, f\u0151leg \u00fagy, hogy az ember egym\u00e1snak ellentmond\u00f3 h\u00edreket olvas. Sz\u00f3val, az els\u0151 tan\u00e1csom mindenk\u00e9ppen az lenne, hogy limit\u00e1lj\u00e1tok a neten t\u00f6lt\u00f6tt id\u0151t. T\u00e9nyleg nem seg\u00edt, ha orsz\u00e1gokra lebontva n\u00e9zitek meg, h\u00e1ny eset van, hogyan n\u0151 percr\u0151l percre, \u00e9s h\u00e1ny hal\u00e1loz\u00e1s t\u00f6rt\u00e9nt. <strong>Ez olyan dolog, ami k\u00edv\u00fcl \u00e1ll a kontrollon.<\/strong><\/p>\n<p style=\"text-align: justify;\">Nem csak a mostani helyzetre, de mostanra f\u0151leg javaslom, hogy <strong>legyetek h\u00e1l\u00e1sak.<\/strong> Rengeteg h\u00e1lamedit\u00e1ci\u00f3t tal\u00e1ltok az interneten (linkelek p\u00e1r vide\u00f3t &#8211; ebb\u0151l az angol nyelv\u0171t jobban aj\u00e1nlom, \u00e9n azt pr\u00f3b\u00e1ltam, persze, ha valaki nem tud angolul, arra is tettem be egy alternat\u00edv\u00e1t), de ak\u00e1r a nap v\u00e9g\u00e9n \u00f6ssze\u00edrhatj\u00e1tok azokat a dolgokat, amik\u00e9rt h\u00e1l\u00e1sak vagytok. Mert most a napi bossz\u00fas\u00e1gok fur\u00e1n elt\u00f6rp\u00fclnek, nem? P\u00e1r nap, \u00e9s utaz\u00e1sf\u00f3bi\u00e1sk\u00e9nt visszas\u00edrom majd az id\u0151szakot, amikor v\u00edrusretteg\u00e9s n\u00e9lk\u00fcl \u00fclhett\u00fcnk fel a t\u00f6megk\u00f6zleked\u00e9sre, \u00e9s csak a sima p\u00e1nikom volt meg \ud83d\ude42 Sz\u00f3val, legyetek h\u00e1l\u00e1sak. A tavasz\u00e9rt, a sz\u00e9p naplement\u00e9k\u00e9rt, hogy otthon lehettek, hogy mindenki mellettetek van.<\/p>\n<p><span class=\"embed-youtube\" style=\"text-align:center; display: block;\"><iframe class='youtube-player' width='560' height='315' src='https:\/\/www.youtube.com\/embed\/D4jsyGVBNyo?version=3&#038;rel=1&#038;showsearch=0&#038;showinfo=1&#038;iv_load_policy=1&#038;fs=1&#038;hl=en-US&#038;autohide=2&#038;wmode=transparent' allowfullscreen='true' style='border:0;' sandbox='allow-scripts allow-same-origin allow-popups allow-presentation'><\/iframe><\/span><\/p>\n<p><span class=\"embed-youtube\" style=\"text-align:center; display: block;\"><iframe class='youtube-player' width='560' height='315' src='https:\/\/www.youtube.com\/embed\/T4i2Qs2-d4U?version=3&#038;rel=1&#038;showsearch=0&#038;showinfo=1&#038;iv_load_policy=1&#038;fs=1&#038;hl=en-US&#038;autohide=2&#038;wmode=transparent' allowfullscreen='true' style='border:0;' sandbox='allow-scripts allow-same-origin allow-popups allow-presentation'><\/iframe><\/span><\/p>\n<p style=\"text-align: justify;\"><strong>Mozogjatok<\/strong>. El kell mozdulni a net mell\u0151l. Szerencs\u00e9re nekem is lehet\u0151s\u00e9gem van kimenni a szabadba, a kertbe, a nyugodt utc\u00e1csk\u00e1kra a k\u00f6zelben, ahol csak kev\u00e9s ember s\u00e9t\u00e1lgat. A mozg\u00e1s seg\u00edt, hogy jobban \u00e9rezz\u00fck magunkat, \u00e9s n\u00f6veli az ellen\u00e1ll\u00f3k\u00e9pess\u00e9get is. N\u00e9gy fal k\u00f6z\u00f6tt lassan meg\u0151r\u00fcl az ember az internet \u00e9s a t\u00e9v\u00e9s h\u00edrek mellett, ez\u00e9rt csak a term\u00e9szetet tudom javasolni helyette. R\u00e1ad\u00e1sul sz\u00e1mtalan benti j\u00f3ga, netes vide\u00f3 is l\u00e9tezik, amivel egy kicsit megmozgathatjuk magunkat ak\u00e1r idebent is. \u00c9n a p\u00e1r percnyire l\u00e9v\u0151 j\u00e1tsz\u00f3t\u00e9ren tervezem \u00fajrakezdeni a fut\u00e1st\u00a0 <del>(b\u00e1r egyel\u0151re f\u00e9lek, nehogy elkapjak b\u00e1rmilyen fels\u0151 l\u00e9g\u00fati fert\u0151z\u00e9s, amivel behipochonderkedhetem magamnak a koronav\u00edrust).\u00a0<\/del><\/p>\n<p style=\"text-align: justify;\">\u00c9n pr\u00f3b\u00e1lom letiszt\u00e1zni magamban, hogy<strong> mikor megyek t\u00fal m\u00e9lyre a gondolati spir\u00e1lomban<\/strong>. A f\u00e9rjem m\u00e9g j\u00e1r dolgozni, haszn\u00e1lja a t\u00f6megk\u00f6zleked\u00e9st, mert nincs m\u00e1s v\u00e1laszt\u00e1sa, de m\u00e1r neki is 2 hetes v\u00e1lt\u00e1sokban home office-re van lehet\u0151s\u00e9ge, \u00edgy j\u00f6v\u0151 h\u00e9t ut\u00e1n h\u00e1rom h\u00e9tre egy\u00fctt lesz\u00fcnk a h\u00e1zban. Szint\u00e9n elj\u00e1runk m\u00e9g a k\u00f6zeli boltokba is bev\u00e1s\u00e1rolni. \u00c9rdekes \u00e9lm\u00e9ny, hogy most, hogy mindenki azt mondja, rettegnem kell, mennyire nem akarok rettegni. Furcsa, k\u00edv\u00fclr\u0151l, m\u00e1s emberekt\u0151l kapni a racion\u00e1lisnak mondott utas\u00edt\u00e1sokat, mik\u00f6zben \u00e9n t\u00e9nyleg \u00e9vek \u00f3ta a saj\u00e1t magam v\u00e1lasztotta karant\u00e9nban \u00e9lek. Sz\u00f3val, a javaslat az, hogy vegy\u00e9tek \u00e9szre, ha t\u00fal messzire ugrottatok a j\u00f6v\u0151ben, \u00e9s igyekezzetek a jelenben maradni.<\/p>\n<div id=\"attachment_3083\" style=\"width: 1090px\" class=\"wp-caption aligncenter\"><a href=\"https:\/\/i1.wp.com\/szaszkogabriella.com\/wp-content\/uploads\/2020\/03\/84179954_192822478718752_965336297554627677_n.jpg\"><img aria-describedby=\"caption-attachment-3083\" data-attachment-id=\"3083\" data-permalink=\"http:\/\/szaszkogabriella.com\/index.php\/hu\/2020\/03\/14\/panikos-a-panikban-avagy-mit-tehetsz-a-mentalis-egeszsegedert-egy-vilagjarvany-idejen\/84179954_192822478718752_965336297554627677_n\/\" data-orig-file=\"https:\/\/i1.wp.com\/szaszkogabriella.com\/wp-content\/uploads\/2020\/03\/84179954_192822478718752_965336297554627677_n.jpg?fit=1080%2C1080\" data-orig-size=\"1080,1080\" data-comments-opened=\"1\" data-image-meta=\"{&quot;aperture&quot;:&quot;0&quot;,&quot;credit&quot;:&quot;&quot;,&quot;camera&quot;:&quot;&quot;,&quot;caption&quot;:&quot;&quot;,&quot;created_timestamp&quot;:&quot;0&quot;,&quot;copyright&quot;:&quot;&quot;,&quot;focal_length&quot;:&quot;0&quot;,&quot;iso&quot;:&quot;0&quot;,&quot;shutter_speed&quot;:&quot;0&quot;,&quot;title&quot;:&quot;&quot;,&quot;orientation&quot;:&quot;0&quot;}\" data-image-title=\"84179954_192822478718752_965336297554627677_n\" data-image-description=\"\" data-medium-file=\"https:\/\/i1.wp.com\/szaszkogabriella.com\/wp-content\/uploads\/2020\/03\/84179954_192822478718752_965336297554627677_n.jpg?fit=300%2C300\" data-large-file=\"https:\/\/i1.wp.com\/szaszkogabriella.com\/wp-content\/uploads\/2020\/03\/84179954_192822478718752_965336297554627677_n.jpg?fit=560%2C560\" decoding=\"async\" loading=\"lazy\" class=\"wp-image-3083 size-full\" src=\"https:\/\/i1.wp.com\/szaszkogabriella.com\/wp-content\/uploads\/2020\/03\/84179954_192822478718752_965336297554627677_n.jpg?resize=560%2C560\" alt=\"\" width=\"560\" height=\"560\" srcset=\"https:\/\/i1.wp.com\/szaszkogabriella.com\/wp-content\/uploads\/2020\/03\/84179954_192822478718752_965336297554627677_n.jpg?w=1080 1080w, https:\/\/i1.wp.com\/szaszkogabriella.com\/wp-content\/uploads\/2020\/03\/84179954_192822478718752_965336297554627677_n.jpg?resize=300%2C300 300w, https:\/\/i1.wp.com\/szaszkogabriella.com\/wp-content\/uploads\/2020\/03\/84179954_192822478718752_965336297554627677_n.jpg?resize=1024%2C1024 1024w, https:\/\/i1.wp.com\/szaszkogabriella.com\/wp-content\/uploads\/2020\/03\/84179954_192822478718752_965336297554627677_n.jpg?resize=150%2C150 150w, https:\/\/i1.wp.com\/szaszkogabriella.com\/wp-content\/uploads\/2020\/03\/84179954_192822478718752_965336297554627677_n.jpg?resize=768%2C768 768w\" sizes=\"(max-width: 560px) 100vw, 560px\" data-recalc-dims=\"1\" \/><\/a><p id=\"caption-attachment-3083\" class=\"wp-caption-text\">https:\/\/www.instagram.com\/positivelypresent\/<\/p><\/div>\n<p style=\"text-align: justify;\">\u00c9n abban rem\u00e9nykedem, hogy tanulni fogok ebb\u0151l a helyzetb\u0151l. Igyekszem megfigyelni az \u00e9rz\u00e9seimet, a helyzetre adott reakci\u00f3imat. Mintha hirtelen k\u00edv\u00fclr\u0151l l\u00e1tn\u00e1m saj\u00e1t magamat a p\u00e1nikban. Persze, ezzel nem akarom azt mondani, hogy bagatelliz\u00e1ljuk el a helyzetet. Ha lehet, ker\u00fclj\u00e9tek a t\u00f6meget, ha nem tudj\u00e1tok, figyeljetek a higi\u00e9ni\u00e1ra. \u00c9s igyekezzetek ne p\u00e1nikolni, figyeljetek, tanuljatok, seg\u00edtsetek. \u00c9s ne olvassatok annyi hozz\u00e1sz\u00f3l\u00e1st a neten, ink\u00e1bb v\u00e1lasszatok k\u00f6nyveket &lt;3 Az \u00e9n kiad\u00f3mn\u00e1l holnapig m\u00e9g <a href=\"https:\/\/www.olvas.hu\/nonapi-akcio\">mindig szuper n\u0151napi akci\u00f3 van<\/a>, t\u00e1razzatok be, \u00e9s seg\u00edtsetek ezzel a Maxim kiad\u00f3nak is, hogy min\u00e9l t\u00f6bb j\u00f3 k\u00f6nyvet tudjunk nektek elhozni a j\u00f6v\u0151ben \ud83d\ude42\u00a0 Vigy\u00e1zzatok magatokra &lt;3<\/p>\n","protected":false},"excerpt":{"rendered":"<p>Nagyon sokan tudj\u00e1tok, hogy k\u00fczd\u00f6k a ment\u00e1lis eg\u00e9szs\u00e9gemmel, szinte ami\u00f3ta az eszemet tudom szorong\u00f3 vagyok. R\u00e9g\u00f3ta k\u00fczd\u00f6k p\u00e1nikbetegs\u00e9ggel, agoraf\u00f3bi\u00e1val, k\u00f6zleked\u00e9sf\u00f3bi\u00e1val \u00e9s hipochondri\u00e1val. \u00c9s egy pillanatra sem mondom, hogy a mostani helyzet nem teszteli minden ir\u00e1nyb\u00f3l a ment\u00e1lis eg\u00e9szs\u00e9gemet. \u00dagy gondoltam, &hellip; <a class=\"more-link\" href=\"http:\/\/szaszkogabriella.com\/index.php\/hu\/2020\/03\/14\/panikos-a-panikban-avagy-mit-tehetsz-a-mentalis-egeszsegedert-egy-vilagjarvany-idejen\/\">Continue reading <span class=\"meta-nav\">&rarr;<\/span><\/a><\/p>\n","protected":false},"author":1,"featured_media":3081,"comment_status":"open","ping_status":"open","sticky":false,"template":"","format":"standard","meta":{"spay_email":"","jetpack_publicize_message":"","jetpack_is_tweetstorm":false},"categories":[342,358,344],"tags":[2586,2040,383,2584],"yoast_head":"<!-- This site is optimized with the Yoast SEO plugin v16.2 - https:\/\/yoast.com\/wordpress\/plugins\/seo\/ -->\n<meta name=\"robots\" content=\"index, follow, max-snippet:-1, max-image-preview:large, max-video-preview:-1\" \/>\n<link rel=\"canonical\" href=\"http:\/\/szaszkogabriella.com\/index.php\/hu\/2020\/03\/14\/panikos-a-panikban-avagy-mit-tehetsz-a-mentalis-egeszsegedert-egy-vilagjarvany-idejen\/\" \/>\n<meta property=\"og:locale\" content=\"en_US\" \/>\n<meta property=\"og:type\" content=\"article\" \/>\n<meta property=\"og:title\" content=\"P\u00e1nikos a p\u00e1nikban, avagy mit tehetsz a ment\u00e1lis eg\u00e9szs\u00e9ged\u00e9rt egy vil\u00e1gj\u00e1rv\u00e1ny idej\u00e9n? - Szaszk\u00f3 Gabriella\" \/>\n<meta property=\"og:description\" content=\"Nagyon sokan tudj\u00e1tok, hogy k\u00fczd\u00f6k a ment\u00e1lis eg\u00e9szs\u00e9gemmel, szinte ami\u00f3ta az eszemet tudom szorong\u00f3 vagyok. R\u00e9g\u00f3ta k\u00fczd\u00f6k p\u00e1nikbetegs\u00e9ggel, agoraf\u00f3bi\u00e1val, k\u00f6zleked\u00e9sf\u00f3bi\u00e1val \u00e9s hipochondri\u00e1val. \u00c9s egy pillanatra sem mondom, hogy a mostani helyzet nem teszteli minden ir\u00e1nyb\u00f3l a ment\u00e1lis eg\u00e9szs\u00e9gemet. \u00dagy gondoltam, &hellip; Continue reading &rarr;\" \/>\n<meta property=\"og:url\" content=\"http:\/\/szaszkogabriella.com\/index.php\/hu\/2020\/03\/14\/panikos-a-panikban-avagy-mit-tehetsz-a-mentalis-egeszsegedert-egy-vilagjarvany-idejen\/\" \/>\n<meta property=\"og:site_name\" content=\"Szaszk\u00f3 Gabriella\" \/>\n<meta property=\"article:author\" content=\"https:\/\/www.facebook.com\/gabriellaszaszkoswriting\" \/>\n<meta property=\"article:published_time\" content=\"2020-03-14T13:58:23+00:00\" \/>\n<meta property=\"article:modified_time\" content=\"2020-03-14T14:11:13+00:00\" \/>\n<meta property=\"og:image\" content=\"https:\/\/i1.wp.com\/szaszkogabriella.com\/wp-content\/uploads\/2020\/03\/Gray-Chic-Self-Care-Blog-Social-Media-Post.png?fit=800%2C800\" \/>\n\t<meta property=\"og:image:width\" content=\"800\" \/>\n\t<meta property=\"og:image:height\" content=\"800\" \/>\n<meta name=\"twitter:card\" content=\"summary\" \/>\n<meta name=\"twitter:label1\" content=\"Est. reading time\">\n\t<meta name=\"twitter:data1\" content=\"6 minutes\">\n<script type=\"application\/ld+json\" class=\"yoast-schema-graph\">{\"@context\":\"https:\/\/schema.org\",\"@graph\":[{\"@type\":\"WebSite\",\"@id\":\"https:\/\/szaszkogabriella.com\/index.php\/en\/about-me\/#website\",\"url\":\"https:\/\/szaszkogabriella.com\/index.php\/en\/about-me\/\",\"name\":\"Szaszk\\u00f3 Gabriella\",\"description\":\"\",\"potentialAction\":[{\"@type\":\"SearchAction\",\"target\":\"https:\/\/szaszkogabriella.com\/index.php\/en\/about-me\/?s={search_term_string}\",\"query-input\":\"required name=search_term_string\"}],\"inLanguage\":\"en-US\"},{\"@type\":\"ImageObject\",\"@id\":\"http:\/\/szaszkogabriella.com\/index.php\/hu\/2020\/03\/14\/panikos-a-panikban-avagy-mit-tehetsz-a-mentalis-egeszsegedert-egy-vilagjarvany-idejen\/#primaryimage\",\"inLanguage\":\"en-US\",\"url\":\"https:\/\/i1.wp.com\/szaszkogabriella.com\/wp-content\/uploads\/2020\/03\/Gray-Chic-Self-Care-Blog-Social-Media-Post.png?fit=800%2C800\",\"contentUrl\":\"https:\/\/i1.wp.com\/szaszkogabriella.com\/wp-content\/uploads\/2020\/03\/Gray-Chic-Self-Care-Blog-Social-Media-Post.png?fit=800%2C800\",\"width\":800,\"height\":800},{\"@type\":\"WebPage\",\"@id\":\"http:\/\/szaszkogabriella.com\/index.php\/hu\/2020\/03\/14\/panikos-a-panikban-avagy-mit-tehetsz-a-mentalis-egeszsegedert-egy-vilagjarvany-idejen\/#webpage\",\"url\":\"http:\/\/szaszkogabriella.com\/index.php\/hu\/2020\/03\/14\/panikos-a-panikban-avagy-mit-tehetsz-a-mentalis-egeszsegedert-egy-vilagjarvany-idejen\/\",\"name\":\"P\\u00e1nikos a p\\u00e1nikban, avagy mit tehetsz a ment\\u00e1lis eg\\u00e9szs\\u00e9ged\\u00e9rt egy vil\\u00e1gj\\u00e1rv\\u00e1ny idej\\u00e9n? - Szaszk\\u00f3 Gabriella\",\"isPartOf\":{\"@id\":\"https:\/\/szaszkogabriella.com\/index.php\/en\/about-me\/#website\"},\"primaryImageOfPage\":{\"@id\":\"http:\/\/szaszkogabriella.com\/index.php\/hu\/2020\/03\/14\/panikos-a-panikban-avagy-mit-tehetsz-a-mentalis-egeszsegedert-egy-vilagjarvany-idejen\/#primaryimage\"},\"datePublished\":\"2020-03-14T13:58:23+00:00\",\"dateModified\":\"2020-03-14T14:11:13+00:00\",\"author\":{\"@id\":\"https:\/\/szaszkogabriella.com\/index.php\/en\/about-me\/#\/schema\/person\/f1bfdb90405c070d18b4cda6cb2d97e7\"},\"breadcrumb\":{\"@id\":\"http:\/\/szaszkogabriella.com\/index.php\/hu\/2020\/03\/14\/panikos-a-panikban-avagy-mit-tehetsz-a-mentalis-egeszsegedert-egy-vilagjarvany-idejen\/#breadcrumb\"},\"inLanguage\":\"en-US\",\"potentialAction\":[{\"@type\":\"ReadAction\",\"target\":[\"http:\/\/szaszkogabriella.com\/index.php\/hu\/2020\/03\/14\/panikos-a-panikban-avagy-mit-tehetsz-a-mentalis-egeszsegedert-egy-vilagjarvany-idejen\/\"]}]},{\"@type\":\"BreadcrumbList\",\"@id\":\"http:\/\/szaszkogabriella.com\/index.php\/hu\/2020\/03\/14\/panikos-a-panikban-avagy-mit-tehetsz-a-mentalis-egeszsegedert-egy-vilagjarvany-idejen\/#breadcrumb\",\"itemListElement\":[{\"@type\":\"ListItem\",\"position\":1,\"item\":{\"@type\":\"WebPage\",\"@id\":\"https:\/\/szaszkogabriella.com\/index.php\/en\/about-me\/\",\"url\":\"https:\/\/szaszkogabriella.com\/index.php\/en\/about-me\/\",\"name\":\"Home\"}},{\"@type\":\"ListItem\",\"position\":2,\"item\":{\"@id\":\"http:\/\/szaszkogabriella.com\/index.php\/hu\/2020\/03\/14\/panikos-a-panikban-avagy-mit-tehetsz-a-mentalis-egeszsegedert-egy-vilagjarvany-idejen\/#webpage\"}}]},{\"@type\":\"Person\",\"@id\":\"https:\/\/szaszkogabriella.com\/index.php\/en\/about-me\/#\/schema\/person\/f1bfdb90405c070d18b4cda6cb2d97e7\",\"name\":\"Gabriella\",\"image\":{\"@type\":\"ImageObject\",\"@id\":\"https:\/\/szaszkogabriella.com\/index.php\/en\/about-me\/#personlogo\",\"inLanguage\":\"en-US\",\"url\":\"http:\/\/2.gravatar.com\/avatar\/ed8f7419b959f303647d2997795ba3b4?s=96&d=mm&r=g\",\"contentUrl\":\"http:\/\/2.gravatar.com\/avatar\/ed8f7419b959f303647d2997795ba3b4?s=96&d=mm&r=g\",\"caption\":\"Gabriella\"},\"sameAs\":[\"http:\/\/szaszkogabriella.com\/\",\"https:\/\/www.facebook.com\/gabriellaszaszkoswriting\"]}]}<\/script>\n<!-- \/ Yoast SEO plugin. -->","jetpack_featured_media_url":"https:\/\/i1.wp.com\/szaszkogabriella.com\/wp-content\/uploads\/2020\/03\/Gray-Chic-Self-Care-Blog-Social-Media-Post.png?fit=800%2C800","jetpack_publicize_connections":[],"jetpack_sharing_enabled":true,"jetpack_shortlink":"https:\/\/wp.me\/p6aBpy-NG","jetpack_likes_enabled":true,"jetpack-related-posts":[{"id":94,"url":"http:\/\/szaszkogabriella.com\/index.php\/hu\/2013\/10\/15\/mentalis-egeszseget-kreativitaser\/","url_meta":{"origin":3080,"position":0},"title":"Ment\u00e1lis eg\u00e9szs\u00e9get kreativit\u00e1s\u00e9rt cser\u00e9be?","date":"October 15, 2013","format":false,"excerpt":"El\u0151z\u0151 bejegyz\u00e9semben boncolgattam a ment\u00e1lis betegs\u00e9gek \u00e9s az \u00edr\u00e1s k\u00e9rd\u00e9sk\u00f6r\u00e9t. Ma tov\u00e1bbvinn\u00e9m a t\u00e9m\u00e1t p\u00e1r p\u00e9ld\u00e1val szeml\u00e9ltetve. Annak ellen\u00e9re, hogy nagyon k\u00f6zeli sz\u00e1momra a ment\u00e1lis betegs\u00e9gek k\u00e9rd\u00e9se, m\u00e9gis neh\u00e9znek tal\u00e1ltam, hogy le\u00fcljek, \u00e9s meg\u00edrjam ezt a bejegyz\u00e9st. T\u00fal sok gondolatomat nem k\u00f6nny\u0171 rendszerezni, r\u00e1ad\u00e1sul hi\u00e1ba \u00fcltem \u00f6t \u00e9vig az egyetemen\u2026","rel":"","context":"In &quot;Blog&quot;","img":{"alt_text":"","src":"https:\/\/i2.wp.com\/szaszkogabriella.com\/wp-content\/uploads\/2013\/10\/enhanced-buzz-24970-1374924410-0.jpg?resize=350%2C200","width":350,"height":200},"classes":[]},{"id":2644,"url":"http:\/\/szaszkogabriella.com\/index.php\/hu\/2019\/05\/16\/hiressegek-agorafobiaval\/","url_meta":{"origin":3080,"position":1},"title":"H\u00edress\u00e9gek agoraf\u00f3bi\u00e1val","date":"May 16, 2019","format":false,"excerpt":"Mivel m\u00e1jus 13. \u00e9s 19. k\u00f6z\u00f6tt Mental Health Awareness Week van, ez\u00e9rt \u00fagy gondoltam, hogy most \u00e9n is err\u0151l fogok nektek blogolni. J\u00f3l tudj\u00e1tok, hogy \u00e9n magam is szorong\u00e1sos probl\u00e9m\u00e1kkal k\u00fczd\u00f6k gyerekkorom \u00f3ta. A h\u00faszas \u00e9veimet mondhatjuk, hogy lehorgonyozt\u00e1k a ment\u00e1lis gondjaim. Nagyon j\u00f3l tudom, hogy sokkal jobban kell figyelnem\u2026","rel":"","context":"In &quot;Blog&quot;","img":{"alt_text":"","src":"https:\/\/i2.wp.com\/szaszkogabriella.com\/wp-content\/uploads\/2019\/05\/MHAW17-tile-image-720x470d.png?fit=720%2C470&resize=350%2C200","width":350,"height":200},"classes":[]},{"id":2741,"url":"http:\/\/szaszkogabriella.com\/index.php\/hu\/2019\/08\/29\/viszlat-2019-nyar-koszonok-mindent\/","url_meta":{"origin":3080,"position":2},"title":"Viszl\u00e1t 2019 nyara, k\u00f6sz\u00f6n\u00f6k mindent!","date":"August 29, 2019","format":false,"excerpt":"M\u00e1r beharangoztam nektek, hogy mes\u00e9lni fogok az idei nyaramr\u00f3l. M\u00e1r \u00edrtam arr\u00f3l, hogy 2019 nem annyira az \u00e9n \u00e9vemnek indult, a szorong\u00e1sos rohamaim megint visszat\u00e9rtek, \u00e9s tulajdonk\u00e9ppen az \u00e9vem fel\u00e9t azzal t\u00f6lt\u00f6ttem, hogy megoldjam a probl\u00e9m\u00e1imat. \u00c1ltal\u00e1ban itt szoktam teljesen elvesz\u00edteni a fonalat, \u00e9s kiesni az \u00e9letemb\u0151l. Azt\u00e1n valami m\u00e9gis\u2026","rel":"","context":"In &quot;Blog&quot;","img":{"alt_text":"","src":"https:\/\/i1.wp.com\/szaszkogabriella.com\/wp-content\/uploads\/2019\/08\/f2a6692bd5583308e38cdee7b7ba654c.jpg?fit=564%2C423&resize=350%2C200","width":350,"height":200},"classes":[]},{"id":2610,"url":"http:\/\/szaszkogabriella.com\/index.php\/hu\/2019\/04\/07\/a-meta-panik-avagy-hogyan-buktam-melyre\/","url_meta":{"origin":3080,"position":3},"title":"A meta-p\u00e1nik, avagy hogyan buktam m\u00e9lyre","date":"April 7, 2019","format":false,"excerpt":"M\u00e9g janu\u00e1r v\u00e9g\u00e9n \u00edrtam nektek egy blogbejegyz\u00e9st, ahol is \u00fagymond fogadalmat k\u00f6t\u00f6ttem, hogy sokkal t\u00f6bbet fogok besz\u00e9lni nektek a szorong\u00e1sr\u00f3l \u00e9s a p\u00e1nikbetegs\u00e9gr\u0151l. Majdnem k\u00e9t \u00e9s f\u00e9l h\u00f3napig ezt teljesen elhanyagoltam, ugyanis febru\u00e1r k\u00f6zep\u00e9n \u00e9s m\u00e1rciusban \u00fajra m\u00e9lyre buktam. A hetekben d\u00f6bbentem r\u00e1, hogy a ment\u00e1lis eg\u00e9szs\u00e9gr\u0151l val\u00f3 blogol\u00e1snak nem\u2026","rel":"","context":"In &quot;Blog&quot;","img":{"alt_text":"","src":"https:\/\/i1.wp.com\/szaszkogabriella.com\/wp-content\/uploads\/2019\/04\/e0961f584084aa6d7ecc07d0f2bf0ccd.jpg?fit=540%2C412&resize=350%2C200","width":350,"height":200},"classes":[]},{"id":2069,"url":"http:\/\/szaszkogabriella.com\/index.php\/hu\/2018\/03\/02\/szorongj-kreativan\/","url_meta":{"origin":3080,"position":4},"title":"Szorongj kreat\u00edvan!","date":"March 2, 2018","format":false,"excerpt":"\u00daj elhat\u00e1roz\u00e1saim k\u00f6z\u00e9 tartozik, hogy t\u00f6bbet szeretn\u00e9k nektek mes\u00e9lni a ment\u00e1lis betegs\u00e9gekr\u0151l. \u00dagy \u00e9rzem, err\u0151l \u00e9rdemes \u00edrni, hiszen rengetegen szenvednek att\u00f3l, hogy a t\u00e9ma m\u00e9g mindig tabunak sz\u00e1m\u00edt. Mint tudj\u00e1tok, \u00e9n gyerekkoromt\u00f3l p\u00e1nikos \u00e9s szorong\u00f3 vagyok, ami tal\u00e1n \u00e9letem egyik legnagyobb kih\u00edv\u00e1sai k\u00f6z\u00e9 tartozik mind a mai napig. Hetek \u00f3ta\u2026","rel":"","context":"In &quot;Blog&quot;","img":{"alt_text":"","src":"https:\/\/i1.wp.com\/szaszkogabriella.com\/wp-content\/uploads\/2018\/03\/28512559_10216208292586776_2037846241_n.jpg?fit=716%2C658&resize=350%2C200","width":350,"height":200},"classes":[]},{"id":3523,"url":"http:\/\/szaszkogabriella.com\/index.php\/hu\/2023\/01\/16\/a-legszemelyesebb-vallomasom-tulzottan-torekeny-vagyok-ahhoz-hogy-erre-a-vilagra-gyereket-vallaljak\/","url_meta":{"origin":3080,"position":5},"title":"A legszem\u00e9lyesebb vallom\u00e1som - \"T\u00falzottan t\u00f6r\u00e9keny vagyok ahhoz, hogy erre a vil\u00e1gra gyereket v\u00e1llaljak.\"","date":"January 16, 2023","format":false,"excerpt":"Nagyon sok mindenr\u0151l blogoltam m\u00e1r nektek az \u00e9vek sor\u00e1n. Ny\u00edltan besz\u00e9ltem a p\u00e1nikbetegs\u00e9gemr\u0151l, a szorong\u00e1somr\u00f3l, az eg\u00e9szs\u00e9gszorong\u00e1somr\u00f3l, \u00e9s ennek ellen\u00e9re m\u00e9g soha, egyetlen t\u00e9m\u00e1n\u00e1l sem \u00e9reztem azt, hogy igaz\u00e1n neh\u00e9z lenne r\u00f3la besz\u00e9lnem, viszont most \u2013 hossz\u00fa blogsz\u00fcnet ut\u00e1n \u2013 pontosan egy ilyen t\u00e9m\u00e1r\u00f3l fogok \u00edrni. Gondolom, az\u00e9rt volt a\u2026","rel":"","context":"In &quot;Blog&quot;","img":{"alt_text":"","src":"https:\/\/i1.wp.com\/szaszkogabriella.com\/wp-content\/uploads\/2023\/01\/325918307_3371863986407703_6206515644219985_n.jpg?fit=1200%2C576&resize=350%2C200","width":350,"height":200},"classes":[]}],"_links":{"self":[{"href":"http:\/\/szaszkogabriella.com\/index.php\/wp-json\/wp\/v2\/posts\/3080"}],"collection":[{"href":"http:\/\/szaszkogabriella.com\/index.php\/wp-json\/wp\/v2\/posts"}],"about":[{"href":"http:\/\/szaszkogabriella.com\/index.php\/wp-json\/wp\/v2\/types\/post"}],"author":[{"embeddable":true,"href":"http:\/\/szaszkogabriella.com\/index.php\/wp-json\/wp\/v2\/users\/1"}],"replies":[{"embeddable":true,"href":"http:\/\/szaszkogabriella.com\/index.php\/wp-json\/wp\/v2\/comments?post=3080"}],"version-history":[{"count":2,"href":"http:\/\/szaszkogabriella.com\/index.php\/wp-json\/wp\/v2\/posts\/3080\/revisions"}],"predecessor-version":[{"id":3084,"href":"http:\/\/szaszkogabriella.com\/index.php\/wp-json\/wp\/v2\/posts\/3080\/revisions\/3084"}],"wp:featuredmedia":[{"embeddable":true,"href":"http:\/\/szaszkogabriella.com\/index.php\/wp-json\/wp\/v2\/media\/3081"}],"wp:attachment":[{"href":"http:\/\/szaszkogabriella.com\/index.php\/wp-json\/wp\/v2\/media?parent=3080"}],"wp:term":[{"taxonomy":"category","embeddable":true,"href":"http:\/\/szaszkogabriella.com\/index.php\/wp-json\/wp\/v2\/categories?post=3080"},{"taxonomy":"post_tag","embeddable":true,"href":"http:\/\/szaszkogabriella.com\/index.php\/wp-json\/wp\/v2\/tags?post=3080"}],"curies":[{"name":"wp","href":"https:\/\/api.w.org\/{rel}","templated":true}]}}