{"id":82,"date":"2013-12-30T18:57:00","date_gmt":"2013-12-30T18:57:00","guid":{"rendered":"http:\/\/szaszkogabriella.com\/index.php\/2013\/12\/30\/filmesen-boldog-uj-evet-kivanok\/"},"modified":"2015-05-10T10:39:50","modified_gmt":"2015-05-10T10:39:50","slug":"filmesen-boldog-uj-evet-kivanok","status":"publish","type":"post","link":"http:\/\/szaszkogabriella.com\/index.php\/hu\/2013\/12\/30\/filmesen-boldog-uj-evet-kivanok\/","title":{"rendered":"Filmesen Boldog \u00daj \u00c9vet K\u00edv\u00e1nok!"},"content":{"rendered":"<div class=\"separator\" style=\"clear: both; text-align: center;\">\n<a href=\"https:\/\/i0.wp.com\/1.bp.blogspot.com\/-plsOjd39jW4\/UsGZ3WTFhSI\/AAAAAAAABTA\/JPbw3ZQQHwo\/s1600\/0ab38a567bc08243ec879d7295d10d07.jpg\" imageanchor=\"1\" style=\"clear: left; float: left; margin-bottom: 1em; margin-right: 1em;\"><img decoding=\"async\" loading=\"lazy\" border=\"0\" height=\"200\" src=\"https:\/\/i1.wp.com\/szaszkogabriella.com\/wp-content\/uploads\/2013\/12\/0ab38a567bc08243ec879d7295d10d07.jpg?resize=200%2C200\" width=\"200\" data-recalc-dims=\"1\" \/><\/a><\/div>\n<p><b>December k\u00f6zep\u00e9n \u00edrtam egy <a href=\"http:\/\/szaszkogabriella.com\/index.php\/2013\/12\/13\/konyvekbe-csomagolt-elmenyeim-2013-bo\/\" target=\"_blank\">bejegyz\u00e9st 2013 sz\u00e1momra legfontosabb olvasm\u00e1nyair\u00f3l<\/a>. Most ezt k\u00f6vetve egy filmlist\u00e1val szeretn\u00e9k mindenkinek Boldog \u00e9s Sikeres \u00daj \u00c9vet K\u00edv\u00e1nni!&nbsp;<\/b><\/p>\n<div>\n<\/div>\n<div>\n<\/div>\n<div>\n<\/div>\n<div>\n<\/div>\n<div>\n<\/div>\n<div>\n<\/div>\n<div>\n<br \/>\nA mozik \u00e9pp\u00fagy fontos r\u00e9sz\u00e9t k\u00e9pzik az \u00e9letemnek, mint a k\u00f6nyvek. A t\u00f6rt\u00e9netek ir\u00e1nti rajong\u00e1som egyszerre t\u00e1madt fel a k\u00f6nyvek \u00e9s a filmek ir\u00e1nt gyerekkoromban, \u00e9s az\u00f3ta sem hagyott al\u00e1bb. Hasonl\u00f3an a k\u00f6nyves \u00edr\u00e1somhoz egy pozit\u00edv, nem kritikus bejegyz\u00e9ssel k\u00e9sz\u00fcltem, amelyben szem\u00e9lyes film\u00e9lm\u00e9nyeimet hoztam ebb\u0151l az \u00e9vb\u0151l. Ezeket a mozikat mindenkinek szeretettel aj\u00e1nlom!<\/div>\n<div>\n<\/div>\n<div class=\"separator\" style=\"clear: both; text-align: center;\">\n<a href=\"https:\/\/i1.wp.com\/2.bp.blogspot.com\/-Fi5-S5dlvys\/UsGZ3RT_RRI\/AAAAAAAABTQ\/O2S6Fd_63zg\/s1600\/21930548-happy-new-year-2014-written-with-an-old-typewriter.jpg\" imageanchor=\"1\" style=\"margin-left: 1em; margin-right: 1em;\"><img decoding=\"async\" loading=\"lazy\" border=\"0\" height=\"400\" src=\"https:\/\/i1.wp.com\/szaszkogabriella.com\/wp-content\/uploads\/2013\/12\/21930548-happy-new-year-2014-written-with-an-old-typewriter.jpg?resize=400%2C400\" width=\"400\" data-recalc-dims=\"1\" \/><\/a><\/div>\n<div>\n<\/div>\n<div>\n<\/div>\n<div>\nM\u00e9g 2013 utols\u00f3 el\u0151tti napj\u00e1n is \u00e9rt egy kis meglepet\u00e9s, hiszen <b>Az akci\u00f3 <\/b>c\u00edm\u0171 novell\u00e1m felker\u00fclt A Preyer Hugo p\u00e1ly\u00e1zat hivatalos oldal\u00e1ra. Az \u00edr\u00e1s egy id\u0151s b\u00e1csir\u00f3l sz\u00f3l, aki igencsak \u00e9rdekl\u0151dik az akci\u00f3s hamvaszt\u00e1s ir\u00e1nt, de \u00f6sszezavarodik, amikor kider\u00fcl, hogy lehets\u00e9ges, hogy elj\u00f6n a vil\u00e1g v\u00e9ge. <a href=\"http:\/\/preyer.avana.hu\/?page_id=617\" target=\"_blank\">A novell\u00e1t itt olvashatj\u00e1tok<\/a>!<\/div>\n<div>\nMost pedig k\u00f6vetkezzenek a filmek s\u0171r\u00edtve, mindenf\u00e9le kategoriz\u00e1l\u00e1s \u00e9s megk\u00fcl\u00f6nb\u00f6ztet\u00e9s n\u00e9lk\u00fcl! \ud83d\ude42<\/div>\n<div>\n<\/div>\n<div>\n<a href=\"https:\/\/i0.wp.com\/lytherus.com\/wp-content\/uploads\/2013\/07\/the-conjuring.jpg\" imageanchor=\"1\" style=\"clear: left; float: left; margin-bottom: 1em; margin-right: 1em;\"><img decoding=\"async\" loading=\"lazy\" border=\"0\" height=\"200\" src=\"https:\/\/i0.wp.com\/lytherus.com\/wp-content\/uploads\/2013\/07\/the-conjuring.jpg?resize=135%2C200\" width=\"135\" data-recalc-dims=\"1\" \/><\/a><a href=\"http:\/\/www.imdb.com\/title\/tt1457767\/?ref_=nv_sr_1\" target=\"_blank\">The Conjuring (D\u00e9monok k\u00f6z\u00f6tt, 2013)<\/a><\/div>\n<div>\nA list\u00e1t egy horrorral kezden\u00e9m, ami nekem az idei \u00e9v egyik legjobbja volt. Sz\u00e1momra 2013 nem a j\u00f3 horrorok \u00e9ve volt, de a The Conjuring minden r\u00e9mfilm-rajong\u00f3nak k\u00f6telez\u0151!<\/div>\n<div>\n<\/div>\n<div>\n<div class=\"MsoNormal\">\n<\/div>\n<div class=\"MsoNormal\">\n<\/div>\n<div class=\"MsoNormal\">\n<\/div>\n<div class=\"MsoNormal\">\n<\/div>\n<div class=\"MsoNormal\">\n<\/div>\n<div class=\"MsoNormal\">\n<\/div>\n<div class=\"MsoNormal\">\n<a href=\"https:\/\/i0.wp.com\/4.bp.blogspot.com\/-jf_xjJS1JqM\/UpRz_yHG_VI\/AAAAAAAAtoI\/1ZiJxg7lmI0\/s1600\/Stuck+in+Love.png\" imageanchor=\"1\" style=\"clear: left; float: left; margin-bottom: 1em; margin-right: 1em;\"><img decoding=\"async\" loading=\"lazy\" border=\"0\" height=\"200\" src=\"https:\/\/i1.wp.com\/szaszkogabriella.com\/wp-content\/uploads\/2013\/12\/Stuck-in-Love.png?resize=141%2C200\" width=\"141\" data-recalc-dims=\"1\" \/><\/a><a href=\"http:\/\/www.imdb.com\/title\/tt2205697\/?ref_=nv_sr_1\" target=\"_blank\">Stuck In Love (B\u00edzz a szerelemben, 2012)<\/a><\/div>\n<div class=\"MsoNormal\">\n\u00cdr\u00f3csal\u00e1d, szerelem, konfliktusok, intrika \u00e9s egy Stephen King rajong\u00f3 kamasz kezd\u0151 \u00edr\u00f3. Nekem ez el\u00e9g volt egy kellemes v\u00edgj\u00e1t\u00e9khoz.<\/div>\n<div class=\"MsoNormal\">\n<\/div>\n<div class=\"MsoNormal\">\n<\/div>\n<div class=\"MsoNormal\">\n<\/div>\n<div class=\"MsoNormal\">\n<\/div>\n<div class=\"MsoNormal\">\n<\/div>\n<div class=\"MsoNormal\">\n<\/div>\n<div class=\"MsoNormal\">\n<\/div>\n<div class=\"MsoNormal\">\n<\/div>\n<div class=\"MsoNormal\">\n<a href=\"https:\/\/i2.wp.com\/1.bp.blogspot.com\/-FToIwDUAO-k\/UsHLT3u3HcI\/AAAAAAAABTo\/HYBZH1vmKNM\/s1600\/MV5BMTQxNTc3NDM2MF5BMl5BanBnXkFtZTcwNzQ5NTQ3OQ@@._V1._CR28,28.649993896484375,1271,1991.0000305175781_SX640_SY720_.jpg\" imageanchor=\"1\" style=\"clear: left; float: left; margin-bottom: 1em; margin-right: 1em;\"><img decoding=\"async\" loading=\"lazy\" border=\"0\" height=\"200\" src=\"https:\/\/i1.wp.com\/szaszkogabriella.com\/wp-content\/uploads\/2013\/12\/MV5BMTQxNTc3NDM2MF5BMl5BanBnXkFtZTcwNzQ5NTQ3OQ@@._V1._CR2828.64999389648437512711991.0000305175781_SX640_SY720_.jpg?resize=127%2C200\" width=\"127\" data-recalc-dims=\"1\" \/><\/a><a href=\"http:\/\/www.imdb.com\/title\/tt2229499\/?ref_=nv_sr_1\" target=\"_blank\">Don Jon (2013)<\/a><\/div>\n<div class=\"MsoNormal\">\nSz\u00f3rakoztat\u00f3 v\u00edgj\u00e1t\u00e9k a szexf\u00fcgg\u0151s\u00e9gr\u0151l, ami vicces volta mellett kem\u00e9ny t\u00e9m\u00e1kat boncolgat. Kikapcsol \u00e9s m\u00e9gis elgondolkodtat a modern vil\u00e1g kih\u00edv\u00e1sair\u00f3l. N\u0151knek \u00e9s f\u00e9rfiaknak egyar\u00e1nt javasolt.<\/div>\n<div class=\"MsoNormal\">\n<\/div>\n<div class=\"MsoNormal\">\n<\/div>\n<div class=\"MsoNormal\">\n<\/div>\n<div class=\"MsoNormal\">\n<\/div>\n<div class=\"MsoNormal\">\n<\/div>\n<div class=\"MsoNormal\">\n<\/div>\n<div class=\"MsoNormal\">\n<\/div>\n<div class=\"MsoNormal\">\n<a href=\"https:\/\/i2.wp.com\/31.media.tumblr.com\/9c0d9d4a64f7c70535bf2799a164cec9\/tumblr_ms56oicM2E1qlrtq2o1_1280.jpg\" imageanchor=\"1\" style=\"clear: left; float: left; margin-bottom: 1em; margin-right: 1em;\"><img decoding=\"async\" loading=\"lazy\" border=\"0\" height=\"200\" src=\"https:\/\/i2.wp.com\/31.media.tumblr.com\/9c0d9d4a64f7c70535bf2799a164cec9\/tumblr_ms56oicM2E1qlrtq2o1_1280.jpg?resize=140%2C200\" width=\"140\" data-recalc-dims=\"1\" \/><\/a><a href=\"http:\/\/www.imdb.com\/title\/tt2404311\/?ref_=fn_al_tt_1\" target=\"_blank\">The Family (V\u00e9rmes\u00e9k, 2013)<\/a><\/div>\n<div class=\"MsoNormal\">\nEgy maffiacsal\u00e1d \u00e9lete, akik egy francia faluba lettek b\u00fajtatva ellens\u00e9geik el\u0151l. \u00c9rdekes megold\u00e1saik vannak egyszer\u0171 probl\u00e9m\u00e1kra, ami egy igaz\u00e1n j\u00f3 v\u00edgj\u00e1t\u00e9kot alkot. A magyar c\u00edmr\u0151l ink\u00e1bb nem besz\u00e9ln\u00e9k.<\/div>\n<div class=\"MsoNormal\">\n<\/div>\n<div class=\"MsoNormal\">\n<\/div>\n<div class=\"MsoNormal\">\n<\/div>\n<div class=\"MsoNormal\">\n<\/div>\n<div class=\"MsoNormal\">\n<\/div>\n<div class=\"MsoNormal\">\n<\/div>\n<div class=\"MsoNormal\">\n<\/div>\n<div class=\"MsoNormal\">\n<a href=\"https:\/\/i2.wp.com\/content8.flixster.com\/movie\/11\/17\/36\/11173666_800.jpg\" imageanchor=\"1\" style=\"clear: left; float: left; margin-bottom: 1em; margin-right: 1em;\"><img decoding=\"async\" loading=\"lazy\" border=\"0\" height=\"200\" src=\"https:\/\/i2.wp.com\/content8.flixster.com\/movie\/11\/17\/36\/11173666_800.jpg?resize=133%2C200\" width=\"133\" data-recalc-dims=\"1\" \/><\/a><a href=\"http:\/\/www.imdb.com\/title\/tt2404311\/?ref_=fn_al_tt_1\" target=\"_blank\">This Is the End (Itt a v\u00e9ge, 2013)<\/a><\/div>\n<div class=\"MsoNormal\">\nAz idei \u00e9v legjobb v\u00edgj\u00e1t\u00e9k\u00e1nak c\u00edm\u00e9t n\u00e1lam a This Is the End vitte el. A filmben James Franco puccos szt\u00e1rbulij\u00e1n \u00fct be a vil\u00e1gv\u00e9ge. Egy\u00e1ltal\u00e1n nem veszi komolyan mag\u00e1t a mozi, ez\u00e9rt ilyen j\u00f3.<\/div>\n<div class=\"MsoNormal\">\n<\/div>\n<div class=\"MsoNormal\">\n<\/div>\n<div class=\"MsoNormal\">\n<\/div>\n<div class=\"MsoNormal\">\n<\/div>\n<div class=\"MsoNormal\">\n<\/div>\n<div class=\"MsoNormal\">\n<\/div>\n<div class=\"MsoNormal\">\n<\/div>\n<div class=\"MsoNormal\">\n<a href=\"https:\/\/i1.wp.com\/1.bp.blogspot.com\/-yUSkNIsML8g\/UitEaNkk09I\/AAAAAAAAAWc\/16_AowasTso\/s1600\/Disconnect-2013.jpg\" imageanchor=\"1\" style=\"clear: left; float: left; margin-bottom: 1em; margin-right: 1em;\"><img decoding=\"async\" loading=\"lazy\" border=\"0\" height=\"200\" src=\"https:\/\/i1.wp.com\/szaszkogabriella.com\/wp-content\/uploads\/2013\/12\/Disconnect-2013.jpg?resize=134%2C200\" width=\"134\" data-recalc-dims=\"1\" \/><\/a><a href=\"http:\/\/www.imdb.com\/title\/tt1433811\/?ref_=fn_al_tt_1\" target=\"_blank\">Disconnect (2012)<\/a><\/div>\n<div class=\"MsoNormal\">\nA mozi az elidegenedett internetes vil\u00e1g kih\u00edv\u00e1sair\u00f3l sz\u00f3l, amelyben v\u00e9g\u00fcl \u00f6sszefutnak a sz\u00e1lak. H\u00e1rom meghat\u00f3 \u00e9s \u00e9rdekes t\u00f6rt\u00e9net fut egym\u00e1s mellett.<\/div>\n<div class=\"MsoNormal\">\n<\/div>\n<div class=\"MsoNormal\">\n<\/div>\n<div class=\"MsoNormal\">\n<\/div>\n<div class=\"MsoNormal\">\n<\/div>\n<div class=\"MsoNormal\">\n<\/div>\n<div class=\"MsoNormal\">\n<\/div>\n<div class=\"MsoNormal\">\n<\/div>\n<div class=\"MsoNormal\">\n<\/div>\n<div class=\"MsoNormal\">\n<br \/>\n<a href=\"https:\/\/i1.wp.com\/beyondthemarquee.com\/wp-content\/uploads\/2013\/08\/The-Lifeguard-2013.jpg\" imageanchor=\"1\" style=\"clear: left; float: left; margin-bottom: 1em; margin-right: 1em;\"><img decoding=\"async\" loading=\"lazy\" border=\"0\" height=\"200\" src=\"https:\/\/i1.wp.com\/beyondthemarquee.com\/wp-content\/uploads\/2013\/08\/The-Lifeguard-2013.jpg?resize=142%2C200\" width=\"142\" data-recalc-dims=\"1\" \/><\/a><a href=\"http:\/\/www.imdb.com\/title\/tt2265534\/?ref_=fn_al_tt_1\" target=\"_blank\">The Lifeguard (2013)<\/a><\/div>\n<div class=\"MsoNormal\">\nEgy h\u00faszas \u00e9vei v\u00e9g\u00e9t tapos\u00f3 n\u0151 szerelmi t\u00f6rt\u00e9nete egy bajos tin\u00e9dzserfi\u00faval. J\u00f3l mutatja be az adott \u00e9letkor neh\u00e9zs\u00e9geit \u00e9s kih\u00edv\u00e1sait.<\/div>\n<div class=\"MsoNormal\">\n<\/div>\n<div class=\"MsoNormal\">\n<\/div>\n<div class=\"MsoNormal\">\n<\/div>\n<div class=\"MsoNormal\">\n<\/div>\n<div class=\"MsoNormal\">\n<\/div>\n<div class=\"MsoNormal\">\n<\/div>\n<div class=\"MsoNormal\">\n<\/div>\n<div class=\"MsoNormal\">\n<\/div>\n<div class=\"MsoNormal\">\n<a href=\"https:\/\/i0.wp.com\/www.newvideo.com\/wp-content\/uploads\/2012\/12\/In-Our-Nature-DVD-F.jpg\" imageanchor=\"1\" style=\"clear: left; float: left; margin-bottom: 1em; margin-right: 1em;\"><img decoding=\"async\" loading=\"lazy\" border=\"0\" height=\"200\" src=\"https:\/\/i0.wp.com\/www.newvideo.com\/wp-content\/uploads\/2012\/12\/In-Our-Nature-DVD-F.jpg?resize=141%2C200\" width=\"141\" data-recalc-dims=\"1\" \/><\/a><a href=\"http:\/\/www.imdb.com\/title\/tt1945087\/?ref_=fn_al_tt_1\" target=\"_blank\">In Our Nature (2012)<\/a><\/div>\n<div class=\"MsoNormal\">\nApa \u00e9s fia v\u00e9letlen\u00fcl futnak \u00f6ssze a h\u00e9tv\u00e9gi h\u00e1zban, ahol megismerkednek egym\u00e1s \u00faj bar\u00e1tn\u0151ivel. Tetszett a dr\u00e1ma hangulata, \u00fcgyesen \u00e1br\u00e1zolta az emberi kapcsolatokat.<\/div>\n<div class=\"MsoNormal\">\n<\/div>\n<div class=\"MsoNormal\">\n<\/div>\n<div class=\"MsoNormal\">\n<\/div>\n<div class=\"MsoNormal\">\n<\/div>\n<div class=\"MsoNormal\">\n<\/div>\n<div class=\"MsoNormal\">\n<\/div>\n<div class=\"MsoNormal\">\n<\/div>\n<div class=\"MsoNormal\">\n<a href=\"https:\/\/i0.wp.com\/cf.broadsheet.ie\/wp-content\/uploads\/2012\/11\/Now-You-See-Me-Poster.jpg\" imageanchor=\"1\" style=\"clear: left; float: left; margin-bottom: 1em; margin-right: 1em;\"><img decoding=\"async\" loading=\"lazy\" border=\"0\" height=\"200\" src=\"https:\/\/i0.wp.com\/cf.broadsheet.ie\/wp-content\/uploads\/2012\/11\/Now-You-See-Me-Poster.jpg?resize=139%2C200\" width=\"139\" data-recalc-dims=\"1\" \/><\/a><a href=\"http:\/\/www.imdb.com\/title\/tt1670345\/?ref_=nv_sr_1\" target=\"_blank\">Now You See Me (Szemf\u00e9nyveszt\u0151k, 2013)<\/a><br \/>\nIzgalmas, okos thriller b\u0171v\u00e9szekr\u0151l, akik \u00e1tverik az eg\u00e9sz vil\u00e1got \u00e9len a rend\u0151rs\u00e9ggel. Nekem bej\u00f6ttek a l\u00e1tv\u00e1nyos \u00e9s hihetetlen mutatv\u00e1nyok.<\/div>\n<div class=\"MsoNormal\">\n<\/div>\n<div class=\"MsoNormal\">\n<\/div>\n<div class=\"MsoNormal\">\n<\/div>\n<div class=\"MsoNormal\">\n<\/div>\n<div class=\"MsoNormal\">\n<\/div>\n<div class=\"MsoNormal\">\n<\/div>\n<div class=\"MsoNormal\">\n<\/div>\n<div class=\"MsoNormal\">\n<\/div>\n<div class=\"MsoNormal\">\n<a href=\"https:\/\/i1.wp.com\/a1.mzstatic.com\/us\/r30\/Video\/v4\/03\/76\/42\/03764268-791c-7466-e4e9-c7f78ba8f937\/CALL_THE_2013_MLF-WW-artwork.jpg\" imageanchor=\"1\" style=\"clear: left; float: left; margin-bottom: 1em; margin-right: 1em;\"><img decoding=\"async\" loading=\"lazy\" border=\"0\" height=\"200\" src=\"https:\/\/i1.wp.com\/a1.mzstatic.com\/us\/r30\/Video\/v4\/03\/76\/42\/03764268-791c-7466-e4e9-c7f78ba8f937\/CALL_THE_2013_MLF-WW-artwork.jpg?resize=133%2C200\" width=\"133\" data-recalc-dims=\"1\" \/><\/a><a href=\"http:\/\/www.imdb.com\/title\/tt1911644\/?ref_=nv_sr_1\" target=\"_blank\">The Call (A h\u00edv\u00e1s, 2013)<\/a><\/div>\n<div class=\"MsoNormal\">\nA moziban megismerhetj\u00fck a seg\u00e9lyh\u00edv\u00f3 m\u00f6g\u00f6tt \u00fcl\u0151 emberek neh\u00e9zs\u00e9geit, ami mell\u00e9 egy igaz\u00e1n izgalmas, akci\u00f3kkal teli filmet kapunk.<\/div>\n<div class=\"MsoNormal\">\n<\/div>\n<div class=\"MsoNormal\">\n<\/div>\n<div class=\"MsoNormal\">\n<\/div>\n<div class=\"MsoNormal\">\n<\/div>\n<div class=\"MsoNormal\">\n<\/div>\n<div class=\"MsoNormal\">\n<\/div>\n<div class=\"MsoNormal\">\n<\/div>\n<div class=\"MsoNormal\">\n<\/div>\n<div class=\"MsoNormal\">\n<a href=\"https:\/\/i1.wp.com\/media2.firstshowing.net\/firstshowing\/img7\/GravityIMAXdontletgoBlackfloatpostbig.jpg\" imageanchor=\"1\" style=\"clear: left; float: left; margin-bottom: 1em; margin-right: 1em;\"><img decoding=\"async\" loading=\"lazy\" border=\"0\" height=\"200\" src=\"https:\/\/i1.wp.com\/media2.firstshowing.net\/firstshowing\/img7\/GravityIMAXdontletgoBlackfloatpostbig.jpg?resize=134%2C200\" width=\"134\" data-recalc-dims=\"1\" \/><\/a><a href=\"http:\/\/www.imdb.com\/title\/tt1454468\/?ref_=nv_sr_1\" target=\"_blank\">Gravit\u00e1ci\u00f3 (Gravity,2013)<\/a><\/div>\n<div class=\"MsoNormal\">\nAz \u00e9v science-fiction d\u00edj\u00e1t n\u00e1lam a Gravity nyerte. Sandra Bullock \u00e9s George Clooney hihetetlen dr\u00e1m\u00e1t csin\u00e1lt az \u0171rben. Mindenf\u00e9le idegen l\u00e9nyek n\u00e9lk\u00fcl.&nbsp;<\/div>\n<div class=\"MsoNormal\">\n<\/div>\n<div class=\"MsoNormal\">\n<\/div>\n<div class=\"MsoNormal\">\n<\/div>\n<div class=\"MsoNormal\">\n<\/div>\n<div class=\"MsoNormal\">\n<\/div>\n<div class=\"MsoNormal\">\n<\/div>\n<div class=\"MsoNormal\">\n<\/div>\n<div class=\"MsoNormal\">\n<\/div>\n<div class=\"MsoNormal\">\n<a href=\"https:\/\/i1.wp.com\/www.comingsoon.net\/gallery\/73497\/The_Spectacular_Now_5.jpeg\" imageanchor=\"1\" style=\"clear: left; float: left; margin-bottom: 1em; margin-right: 1em;\"><img decoding=\"async\" loading=\"lazy\" border=\"0\" height=\"200\" src=\"https:\/\/i1.wp.com\/www.comingsoon.net\/gallery\/73497\/The_Spectacular_Now_5.jpeg?resize=134%2C200\" width=\"134\" data-recalc-dims=\"1\" \/><\/a><a href=\"http:\/\/www.imdb.com\/title\/tt1714206\/?ref_=fn_al_tt_1\" target=\"_blank\">The Spectacular Now (2013)<\/a><br \/>\n\u00c9rdekes dr\u00e1mai v\u00edgj\u00e1t\u00e9k arr\u00f3l, hogy a jelenben \u00e9lni sem felt\u00e9tlen\u00fcl vezet a boldogs\u00e1ghoz, s\u0151t n\u00e9ha egyenesen lefel\u00e9 cs\u00fasz\u00e1s a lejt\u0151n.&nbsp;<\/div>\n<div class=\"MsoNormal\">\n<\/div>\n<div class=\"MsoNormal\">\n<\/div>\n<div class=\"MsoNormal\">\n<\/div>\n<div class=\"MsoNormal\">\n<\/div>\n<div class=\"MsoNormal\">\n<\/div>\n<div class=\"MsoNormal\">\n<\/div>\n<div class=\"MsoNormal\">\n<\/div>\n<div class=\"MsoNormal\">\n<\/div>\n<div class=\"MsoNormal\">\n<br \/>\n<a href=\"https:\/\/i1.wp.com\/images.starpulse.com\/pictures\/2012\/10\/15\/previews\/Cloud%20Atlas-0081-20121015-96.jpg\" imageanchor=\"1\" style=\"clear: left; float: left; margin-bottom: 1em; margin-right: 1em;\"><img decoding=\"async\" loading=\"lazy\" border=\"0\" height=\"200\" src=\"https:\/\/i1.wp.com\/images.starpulse.com\/pictures\/2012\/10\/15\/previews\/Cloud%20Atlas-0081-20121015-96.jpg?resize=135%2C200\" width=\"135\" data-recalc-dims=\"1\" \/><\/a><a href=\"http:\/\/www.imdb.com\/title\/tt1371111\/?ref_=fn_al_tt_1\" target=\"_blank\">Cloud Atlas (Felh\u0151atlasz, 2012)<\/a><\/div>\n<div class=\"MsoNormal\">\nA Cloud Atlas igaz\u00e1n neh\u00e9z, elgondolkodtat\u00f3 film a m\u00falt, a jelen \u00e9s a j\u00f6v\u0151 \u00f6sszekapcsol\u00e1s\u00e1r\u00f3l. Mindenk\u00e9ppen el fogom olvasni a k\u00f6nyvet is.<\/div>\n<div class=\"MsoNormal\">\n<\/div>\n<div class=\"MsoNormal\">\n<\/div>\n<div class=\"MsoNormal\">\n<\/div>\n<div class=\"MsoNormal\">\n<\/div>\n<div class=\"MsoNormal\">\n<\/div>\n<div class=\"MsoNormal\">\n<\/div>\n<div class=\"MsoNormal\">\n<\/div>\n<div class=\"MsoNormal\">\n<\/div>\n<div class=\"MsoNormal\">\n<a href=\"https:\/\/i2.wp.com\/2.bp.blogspot.com\/-TOAa-vgGuWs\/UnqWtofBawI\/AAAAAAAAGN8\/BqoWWmNFn30\/s1600\/the-brass-teapot-poster02.jpg\" imageanchor=\"1\" style=\"clear: left; float: left; margin-bottom: 1em; margin-right: 1em;\"><img decoding=\"async\" loading=\"lazy\" border=\"0\" height=\"200\" src=\"https:\/\/i0.wp.com\/szaszkogabriella.com\/wp-content\/uploads\/2013\/12\/the-brass-teapot-poster02.jpg?resize=139%2C200\" width=\"139\" data-recalc-dims=\"1\" \/><\/a><a href=\"http:\/\/www.imdb.com\/title\/tt1935902\/?ref_=fn_al_tt_1\" target=\"_blank\">The Brass Teapot (2012)<\/a><\/div>\n<div class=\"MsoNormal\">\nMit vagyunk hajland\u00f3ak megtenni a p\u00e9nz\u00e9rt? Elviselj\u00fck a folyamatos f\u00e1jdalmat, hogyha egy m\u00e1gikus eszk\u00f6z ez\u00e9rt p\u00e9nzt ad nek\u00fcnk? A v\u00edgj\u00e1t\u00e9k nagyon vicces, emellett fontos k\u00e9rd\u00e9seket feszeget.<\/div>\n<div class=\"MsoNormal\">\n<\/div>\n<div class=\"MsoNormal\">\n<\/div>\n<div class=\"MsoNormal\">\n<\/div>\n<div class=\"MsoNormal\">\n<\/div>\n<div class=\"MsoNormal\">\n<\/div>\n<div class=\"MsoNormal\">\n<\/div>\n<div class=\"MsoNormal\">\n<a href=\"https:\/\/i1.wp.com\/www.filmblerg.com\/wp-content\/uploads\/2013\/08\/were-the-millers-poster.jpg\" imageanchor=\"1\" style=\"clear: left; float: left; margin-bottom: 1em; margin-right: 1em;\"><img decoding=\"async\" loading=\"lazy\" border=\"0\" height=\"200\" src=\"https:\/\/i1.wp.com\/www.filmblerg.com\/wp-content\/uploads\/2013\/08\/were-the-millers-poster.jpg?resize=135%2C200\" width=\"135\" data-recalc-dims=\"1\" \/><\/a><\/div>\n<div class=\"MsoNormal\">\n<a href=\"http:\/\/www.imdb.com\/title\/tt1723121\/?ref_=nv_sr_1\" target=\"_blank\">We&#8217;re the Millers (Csal\u00e1di \u00fczelmek, 2013)<\/a><\/div>\n<div class=\"MsoNormal\">\nUtols\u00f3nak egy igaz\u00e1n k\u00f6nnyed, drogcsemp\u00e9szes v\u00edgj\u00e1t\u00e9kot hagytam egy \u00f6sszet\u00e1kolt csal\u00e1dr\u00f3l, akik kor\u00e1ntsem szokv\u00e1nyosak. P\u00e9ld\u00e1ul szilveszter est\u00e9re is j\u00f3 sz\u00f3rakoz\u00e1s lehet.&nbsp;<\/div>\n<div class=\"MsoNormal\">\n<\/div>\n<div class=\"MsoNormal\">\n<\/div>\n<\/div>\n","protected":false},"excerpt":{"rendered":"<p>December k\u00f6zep\u00e9n \u00edrtam egy bejegyz\u00e9st 2013 sz\u00e1momra legfontosabb olvasm\u00e1nyair\u00f3l. Most ezt k\u00f6vetve egy filmlist\u00e1val szeretn\u00e9k mindenkinek Boldog \u00e9s Sikeres \u00daj \u00c9vet K\u00edv\u00e1nni!&nbsp; A mozik \u00e9pp\u00fagy fontos r\u00e9sz\u00e9t k\u00e9pzik az \u00e9letemnek, mint a k\u00f6nyvek. A t\u00f6rt\u00e9netek ir\u00e1nti rajong\u00e1som egyszerre t\u00e1madt fel &hellip; <a class=\"more-link\" href=\"http:\/\/szaszkogabriella.com\/index.php\/hu\/2013\/12\/30\/filmesen-boldog-uj-evet-kivanok\/\">Continue reading <span class=\"meta-nav\">&rarr;<\/span><\/a><\/p>\n","protected":false},"author":1,"featured_media":515,"comment_status":"open","ping_status":"open","sticky":false,"template":"","format":"standard","meta":{"spay_email":"","jetpack_publicize_message":"","jetpack_is_tweetstorm":false},"categories":[345,347],"tags":[252,59,253,254,255,161,256,257,258,259,260,261,46],"yoast_head":"<!-- This site is optimized with the Yoast SEO plugin v16.2 - https:\/\/yoast.com\/wordpress\/plugins\/seo\/ -->\n<meta name=\"robots\" content=\"index, follow, max-snippet:-1, max-image-preview:large, max-video-preview:-1\" \/>\n<link rel=\"canonical\" href=\"http:\/\/szaszkogabriella.com\/index.php\/hu\/2013\/12\/30\/filmesen-boldog-uj-evet-kivanok\/\" \/>\n<meta property=\"og:locale\" content=\"en_US\" \/>\n<meta property=\"og:type\" content=\"article\" \/>\n<meta property=\"og:title\" content=\"Filmesen Boldog \u00daj \u00c9vet K\u00edv\u00e1nok! - Szaszk\u00f3 Gabriella\" \/>\n<meta property=\"og:description\" content=\"December k\u00f6zep\u00e9n \u00edrtam egy bejegyz\u00e9st 2013 sz\u00e1momra legfontosabb olvasm\u00e1nyair\u00f3l. Most ezt k\u00f6vetve egy filmlist\u00e1val szeretn\u00e9k mindenkinek Boldog \u00e9s Sikeres \u00daj \u00c9vet K\u00edv\u00e1nni!&nbsp; A mozik \u00e9pp\u00fagy fontos r\u00e9sz\u00e9t k\u00e9pzik az \u00e9letemnek, mint a k\u00f6nyvek. A t\u00f6rt\u00e9netek ir\u00e1nti rajong\u00e1som egyszerre t\u00e1madt fel &hellip; Continue reading &rarr;\" \/>\n<meta property=\"og:url\" content=\"http:\/\/szaszkogabriella.com\/index.php\/hu\/2013\/12\/30\/filmesen-boldog-uj-evet-kivanok\/\" \/>\n<meta property=\"og:site_name\" content=\"Szaszk\u00f3 Gabriella\" \/>\n<meta property=\"article:author\" content=\"https:\/\/www.facebook.com\/gabriellaszaszkoswriting\" \/>\n<meta property=\"article:published_time\" content=\"2013-12-30T18:57:00+00:00\" \/>\n<meta property=\"article:modified_time\" content=\"2015-05-10T10:39:50+00:00\" \/>\n<meta property=\"og:image\" content=\"https:\/\/i1.wp.com\/szaszkogabriella.com\/wp-content\/uploads\/2013\/12\/0ab38a567bc08243ec879d7295d10d07.jpg?fit=200%2C200\" \/>\n\t<meta property=\"og:image:width\" content=\"200\" \/>\n\t<meta property=\"og:image:height\" content=\"200\" \/>\n<meta name=\"twitter:card\" content=\"summary\" \/>\n<meta name=\"twitter:label1\" content=\"Est. reading time\">\n\t<meta name=\"twitter:data1\" content=\"4 minutes\">\n<script type=\"application\/ld+json\" class=\"yoast-schema-graph\">{\"@context\":\"https:\/\/schema.org\",\"@graph\":[{\"@type\":\"WebSite\",\"@id\":\"https:\/\/szaszkogabriella.com\/index.php\/en\/about-me\/#website\",\"url\":\"https:\/\/szaszkogabriella.com\/index.php\/en\/about-me\/\",\"name\":\"Szaszk\\u00f3 Gabriella\",\"description\":\"\",\"potentialAction\":[{\"@type\":\"SearchAction\",\"target\":\"https:\/\/szaszkogabriella.com\/index.php\/en\/about-me\/?s={search_term_string}\",\"query-input\":\"required name=search_term_string\"}],\"inLanguage\":\"en-US\"},{\"@type\":\"ImageObject\",\"@id\":\"http:\/\/szaszkogabriella.com\/index.php\/hu\/2013\/12\/30\/filmesen-boldog-uj-evet-kivanok\/#primaryimage\",\"inLanguage\":\"en-US\",\"url\":\"https:\/\/i1.wp.com\/szaszkogabriella.com\/wp-content\/uploads\/2013\/12\/0ab38a567bc08243ec879d7295d10d07.jpg?fit=200%2C200\",\"contentUrl\":\"https:\/\/i1.wp.com\/szaszkogabriella.com\/wp-content\/uploads\/2013\/12\/0ab38a567bc08243ec879d7295d10d07.jpg?fit=200%2C200\",\"width\":200,\"height\":200},{\"@type\":\"WebPage\",\"@id\":\"http:\/\/szaszkogabriella.com\/index.php\/hu\/2013\/12\/30\/filmesen-boldog-uj-evet-kivanok\/#webpage\",\"url\":\"http:\/\/szaszkogabriella.com\/index.php\/hu\/2013\/12\/30\/filmesen-boldog-uj-evet-kivanok\/\",\"name\":\"Filmesen Boldog \\u00daj \\u00c9vet K\\u00edv\\u00e1nok! - Szaszk\\u00f3 Gabriella\",\"isPartOf\":{\"@id\":\"https:\/\/szaszkogabriella.com\/index.php\/en\/about-me\/#website\"},\"primaryImageOfPage\":{\"@id\":\"http:\/\/szaszkogabriella.com\/index.php\/hu\/2013\/12\/30\/filmesen-boldog-uj-evet-kivanok\/#primaryimage\"},\"datePublished\":\"2013-12-30T18:57:00+00:00\",\"dateModified\":\"2015-05-10T10:39:50+00:00\",\"author\":{\"@id\":\"https:\/\/szaszkogabriella.com\/index.php\/en\/about-me\/#\/schema\/person\/f1bfdb90405c070d18b4cda6cb2d97e7\"},\"breadcrumb\":{\"@id\":\"http:\/\/szaszkogabriella.com\/index.php\/hu\/2013\/12\/30\/filmesen-boldog-uj-evet-kivanok\/#breadcrumb\"},\"inLanguage\":\"en-US\",\"potentialAction\":[{\"@type\":\"ReadAction\",\"target\":[\"http:\/\/szaszkogabriella.com\/index.php\/hu\/2013\/12\/30\/filmesen-boldog-uj-evet-kivanok\/\"]}]},{\"@type\":\"BreadcrumbList\",\"@id\":\"http:\/\/szaszkogabriella.com\/index.php\/hu\/2013\/12\/30\/filmesen-boldog-uj-evet-kivanok\/#breadcrumb\",\"itemListElement\":[{\"@type\":\"ListItem\",\"position\":1,\"item\":{\"@type\":\"WebPage\",\"@id\":\"https:\/\/szaszkogabriella.com\/index.php\/en\/about-me\/\",\"url\":\"https:\/\/szaszkogabriella.com\/index.php\/en\/about-me\/\",\"name\":\"Home\"}},{\"@type\":\"ListItem\",\"position\":2,\"item\":{\"@id\":\"http:\/\/szaszkogabriella.com\/index.php\/hu\/2013\/12\/30\/filmesen-boldog-uj-evet-kivanok\/#webpage\"}}]},{\"@type\":\"Person\",\"@id\":\"https:\/\/szaszkogabriella.com\/index.php\/en\/about-me\/#\/schema\/person\/f1bfdb90405c070d18b4cda6cb2d97e7\",\"name\":\"Gabriella\",\"image\":{\"@type\":\"ImageObject\",\"@id\":\"https:\/\/szaszkogabriella.com\/index.php\/en\/about-me\/#personlogo\",\"inLanguage\":\"en-US\",\"url\":\"http:\/\/2.gravatar.com\/avatar\/ed8f7419b959f303647d2997795ba3b4?s=96&d=mm&r=g\",\"contentUrl\":\"http:\/\/2.gravatar.com\/avatar\/ed8f7419b959f303647d2997795ba3b4?s=96&d=mm&r=g\",\"caption\":\"Gabriella\"},\"sameAs\":[\"http:\/\/szaszkogabriella.com\/\",\"https:\/\/www.facebook.com\/gabriellaszaszkoswriting\"]}]}<\/script>\n<!-- \/ Yoast SEO plugin. -->","jetpack_featured_media_url":"https:\/\/i1.wp.com\/szaszkogabriella.com\/wp-content\/uploads\/2013\/12\/0ab38a567bc08243ec879d7295d10d07.jpg?fit=200%2C200","jetpack_publicize_connections":[],"jetpack_sharing_enabled":true,"jetpack_shortlink":"https:\/\/wp.me\/p6aBpy-1k","jetpack_likes_enabled":true,"jetpack-related-posts":[{"id":1004,"url":"http:\/\/szaszkogabriella.com\/index.php\/hu\/2015\/09\/11\/paros-pentek-prompt-friday-2\/","url_meta":{"origin":82,"position":0},"title":"P\u00e1ros P\u00e9ntek - Prompt Friday","date":"September 11, 2015","format":false,"excerpt":"Today prompt is the following: \"A kid comes out of the school bathroom with toilet paper dangling from his or her waistband.\" My fantasy went really funny yesterday, so my souliton is about a strange monster who lives in the school bathroom. You can find Fanni's piece in Ink, Maps\u2026","rel":"","context":"In &quot;In English&quot;","img":{"alt_text":"","src":"","width":0,"height":0},"classes":[]}],"_links":{"self":[{"href":"http:\/\/szaszkogabriella.com\/index.php\/wp-json\/wp\/v2\/posts\/82"}],"collection":[{"href":"http:\/\/szaszkogabriella.com\/index.php\/wp-json\/wp\/v2\/posts"}],"about":[{"href":"http:\/\/szaszkogabriella.com\/index.php\/wp-json\/wp\/v2\/types\/post"}],"author":[{"embeddable":true,"href":"http:\/\/szaszkogabriella.com\/index.php\/wp-json\/wp\/v2\/users\/1"}],"replies":[{"embeddable":true,"href":"http:\/\/szaszkogabriella.com\/index.php\/wp-json\/wp\/v2\/comments?post=82"}],"version-history":[{"count":2,"href":"http:\/\/szaszkogabriella.com\/index.php\/wp-json\/wp\/v2\/posts\/82\/revisions"}],"predecessor-version":[{"id":703,"href":"http:\/\/szaszkogabriella.com\/index.php\/wp-json\/wp\/v2\/posts\/82\/revisions\/703"}],"wp:featuredmedia":[{"embeddable":true,"href":"http:\/\/szaszkogabriella.com\/index.php\/wp-json\/wp\/v2\/media\/515"}],"wp:attachment":[{"href":"http:\/\/szaszkogabriella.com\/index.php\/wp-json\/wp\/v2\/media?parent=82"}],"wp:term":[{"taxonomy":"category","embeddable":true,"href":"http:\/\/szaszkogabriella.com\/index.php\/wp-json\/wp\/v2\/categories?post=82"},{"taxonomy":"post_tag","embeddable":true,"href":"http:\/\/szaszkogabriella.com\/index.php\/wp-json\/wp\/v2\/tags?post=82"}],"curies":[{"name":"wp","href":"https:\/\/api.w.org\/{rel}","templated":true}]}}