{"id":1160,"date":"2016-04-27T14:31:43","date_gmt":"2016-04-27T13:31:43","guid":{"rendered":"http:\/\/szaszkogabriella.com\/?p=1160"},"modified":"2016-04-27T14:31:43","modified_gmt":"2016-04-27T13:31:43","slug":"uj-regeny-es-kapunyitasi-panik","status":"publish","type":"post","link":"https:\/\/szaszkogabriella.com\/index.php\/hu\/2016\/04\/27\/uj-regeny-es-kapunyitasi-panik\/","title":{"rendered":"\u00daj reg\u00e9ny \u00e9s a kapunyit\u00e1si p\u00e1nik"},"content":{"rendered":"<p style=\"text-align: justify;\"><strong>R\u00e9g\u00f3ta terveztem m\u00e1r bejegyz\u00e9st \u00edrni a kapunyit\u00e1si p\u00e1nik jelens\u00e9gr\u0151l, de most, hogy dolgozom egy ezzel kapcsolatos reg\u00e9nyen, \u00edgy elj\u00f6tt az id\u0151, hogy v\u00e9gre \u00edrjak is r\u00f3la valamit. Lesz most sz\u00f3 \u00edr\u00e1sr\u00f3l, pszichol\u00f3gi\u00e1r\u00f3l \u00e9s sok-sok \u00fatkeres\u00e9sr\u0151l \ud83d\ude42<\/strong><\/p>\n<p style=\"text-align: justify;\">Bizony\u00e1ra mindannyian hallottatok m\u00e1r a kapuz\u00e1r\u00e1si p\u00e1nikr\u00f3l (mid-life crisis), ami \u00e1ltal\u00e1ban az \u00f6tveneseket \u00e9rinti, azonban most eg\u00e9szen \u00faj fogalomk\u00e9nt jelent meg a kapunyit\u00e1si p\u00e1nik (quater-life crisis) a pszichol\u00f3gi\u00e1ban, ami f\u0151leg a huszon\u00f6t-harminc\u00a0\u00e9veseket t\u00e1madja meg. Nem az a c\u00e9lom a bejegyz\u00e9semmel, hogy ennek a pszich\u00e9s h\u00e1tter\u00e9t boncolgassam, hanem szeretn\u00e9k besz\u00e1molni az elm\u00falt h\u00e1rom \u00e9vem r\u00f6vid tapasztalatair\u00f3l.<\/p>\n<p style=\"text-align: justify;\"><a href=\"https:\/\/i1.wp.com\/szaszkogabriella.com\/wp-content\/uploads\/2016\/04\/84d8f0d39ec300d10167757d3fc8340b.jpg\"><img data-attachment-id=\"1182\" data-permalink=\"https:\/\/szaszkogabriella.com\/index.php\/hu\/2016\/04\/27\/uj-regeny-es-kapunyitasi-panik\/84d8f0d39ec300d10167757d3fc8340b\/\" data-orig-file=\"https:\/\/i1.wp.com\/szaszkogabriella.com\/wp-content\/uploads\/2016\/04\/84d8f0d39ec300d10167757d3fc8340b.jpg?fit=500%2C590&amp;ssl=1\" data-orig-size=\"500,590\" data-comments-opened=\"1\" data-image-meta=\"{&quot;aperture&quot;:&quot;0&quot;,&quot;credit&quot;:&quot;&quot;,&quot;camera&quot;:&quot;&quot;,&quot;caption&quot;:&quot;&quot;,&quot;created_timestamp&quot;:&quot;0&quot;,&quot;copyright&quot;:&quot;&quot;,&quot;focal_length&quot;:&quot;0&quot;,&quot;iso&quot;:&quot;0&quot;,&quot;shutter_speed&quot;:&quot;0&quot;,&quot;title&quot;:&quot;&quot;,&quot;orientation&quot;:&quot;0&quot;}\" data-image-title=\"84d8f0d39ec300d10167757d3fc8340b\" data-image-description=\"\" data-medium-file=\"https:\/\/i1.wp.com\/szaszkogabriella.com\/wp-content\/uploads\/2016\/04\/84d8f0d39ec300d10167757d3fc8340b.jpg?fit=254%2C300&amp;ssl=1\" data-large-file=\"https:\/\/i1.wp.com\/szaszkogabriella.com\/wp-content\/uploads\/2016\/04\/84d8f0d39ec300d10167757d3fc8340b.jpg?fit=500%2C590&amp;ssl=1\" decoding=\"async\" loading=\"lazy\" class=\" wp-image-1182 alignleft\" src=\"https:\/\/i1.wp.com\/szaszkogabriella.com\/wp-content\/uploads\/2016\/04\/84d8f0d39ec300d10167757d3fc8340b.jpg?resize=307%2C362\" alt=\"84d8f0d39ec300d10167757d3fc8340b\" width=\"307\" height=\"362\" srcset=\"https:\/\/i1.wp.com\/szaszkogabriella.com\/wp-content\/uploads\/2016\/04\/84d8f0d39ec300d10167757d3fc8340b.jpg?w=500&amp;ssl=1 500w, https:\/\/i1.wp.com\/szaszkogabriella.com\/wp-content\/uploads\/2016\/04\/84d8f0d39ec300d10167757d3fc8340b.jpg?resize=254%2C300&amp;ssl=1 254w\" sizes=\"(max-width: 307px) 100vw, 307px\" data-recalc-dims=\"1\" \/><\/a><\/p>\n<p style=\"text-align: justify;\">Olyan gyerek voltam, aki mindig tudta, hogy mit akar. Az \u00e9letemet gimis koromban egyszer\u0171nek l\u00e1ttam: elmegyek egyetemre, lesz egy j\u00f3 munk\u00e1m, csal\u00e1dom \u00e9s minden \u00f6ssze\u00e1ll. C\u00e9ltudatosan haladtam is a megval\u00f3s\u00edt\u00e1s fel\u00e9, k\u00e9tszer felv\u00e9teliztem pszichol\u00f3gia szakra az egyetemen, m\u00e1sodj\u00e1ra fel is vettek. \u00d6t \u00e9v alatt el is v\u00e9geztem. Csup\u00e1n arra nem sz\u00e1m\u00edtottam, hogy tanulm\u00e1nyaim \u00f6t\u00f6dik \u00e9v\u00e9ben r\u00e1j\u00f6v\u00f6k, hogy ez a p\u00e1lya bizony egy\u00e1ltal\u00e1n nem nekem val\u00f3. Persze a gondolat nem fogalmaz\u00f3dott meg bennem azonnal, ehelyett \u00fajra kopogtatott a p\u00e1nikbetegs\u00e9g \u00e9s az \u00f6sszes elk\u00e9pzelhet\u0151 f\u00f3bia az ajt\u00f3mon. A lelkem legm\u00e9ly\u00e9n m\u00e1r ilyenkor sejtettem, hogy az \u00edr\u00e1s az \u00e9n utam, oda menek\u00fcltem a retteg\u00e9s el\u0151l, de a k\u00f3rh\u00e1zi munk\u00e1k \u00e9s az \u00e1ll\u00e1shirdet\u00e9sek sorra kacsingattak r\u00e1m keltve rendesen a b\u0171ntudatot, hogy \u00e9n bizony elvesztegettem \u00f6t \u00e9vet az \u00e9letemb\u0151l. Mindek\u00f6zben term\u00e9szetesen mindenki &#8220;pszichol\u00f3gusnak&#8221; h\u00edvott, &#8220;pszichol\u00f3gusk\u00e9nt tudod ezt-azt&#8221;, pedig \u00e9n tal\u00e1n egy percre se \u00e9reztem magam annak.<\/p>\n<p style=\"text-align: justify;\">K\u00f6zben szerencs\u00e9re az \u00edr\u00e1s h\u00e1l\u00e1s bar\u00e1tom volt, magazinokn\u00e1l kezdtem dolgozni, alap\u00edtottam is egy eg\u00e9szen olvasottat, novell\u00e1kat publik\u00e1ltam, meg\u00edrtam h\u00e1rom reg\u00e9nyt, elv\u00e9geztem egy pr\u00f3za\u00edr\u00f3kurzust, de mindig\u00a0rettegtem, hogy ez sosem lesz el\u00e9g. Rengeteget dolgoztam, sokszor m\u00e9gis haszontalannak \u00e9s lust\u00e1nak \u00e9reztem magam. Ennek ellen\u00e9re haladtam, fejlesztettem magam tov\u00e1bb, m\u00edg v\u00e9g\u00fcl egy \u00e9vvel ezel\u0151tt mertem kimondani, hogy bizony bel\u0151lem nem lesz sohasem pszichol\u00f3gus. F\u00e1jdalmas volt, mert el\u0151tte legal\u00e1bb hat \u00e9vig szent\u00fcl meg voltam gy\u0151z\u0151dve, hogy ez nekem val\u00f3 foglalkoz\u00e1s lesz. M\u00e1ra azt is tudom, hogy nem vesztettem el \u00f6t \u00e9vet. Van diplom\u00e1m \u00e9s a munk\u00e1m sor\u00e1n tudom haszn\u00e1lni a gondolkod\u00e1sm\u00f3dot, amit ott saj\u00e1t\u00edtottam el.<\/p>\n<p style=\"text-align: justify;\"><a href=\"https:\/\/i0.wp.com\/szaszkogabriella.com\/wp-content\/uploads\/2016\/04\/af21ff902f0a8f8fc11d813ad28741c5.jpg\"><img data-attachment-id=\"1184\" data-permalink=\"https:\/\/szaszkogabriella.com\/index.php\/hu\/2016\/04\/27\/uj-regeny-es-kapunyitasi-panik\/af21ff902f0a8f8fc11d813ad28741c5\/\" data-orig-file=\"https:\/\/i0.wp.com\/szaszkogabriella.com\/wp-content\/uploads\/2016\/04\/af21ff902f0a8f8fc11d813ad28741c5.jpg?fit=499%2C750&amp;ssl=1\" data-orig-size=\"499,750\" data-comments-opened=\"1\" data-image-meta=\"{&quot;aperture&quot;:&quot;0&quot;,&quot;credit&quot;:&quot;&quot;,&quot;camera&quot;:&quot;&quot;,&quot;caption&quot;:&quot;&quot;,&quot;created_timestamp&quot;:&quot;0&quot;,&quot;copyright&quot;:&quot;&quot;,&quot;focal_length&quot;:&quot;0&quot;,&quot;iso&quot;:&quot;0&quot;,&quot;shutter_speed&quot;:&quot;0&quot;,&quot;title&quot;:&quot;&quot;,&quot;orientation&quot;:&quot;0&quot;}\" data-image-title=\"af21ff902f0a8f8fc11d813ad28741c5\" data-image-description=\"\" data-medium-file=\"https:\/\/i0.wp.com\/szaszkogabriella.com\/wp-content\/uploads\/2016\/04\/af21ff902f0a8f8fc11d813ad28741c5.jpg?fit=200%2C300&amp;ssl=1\" data-large-file=\"https:\/\/i0.wp.com\/szaszkogabriella.com\/wp-content\/uploads\/2016\/04\/af21ff902f0a8f8fc11d813ad28741c5.jpg?fit=499%2C750&amp;ssl=1\" decoding=\"async\" loading=\"lazy\" class=\"aligncenter  wp-image-1184\" src=\"https:\/\/i0.wp.com\/szaszkogabriella.com\/wp-content\/uploads\/2016\/04\/af21ff902f0a8f8fc11d813ad28741c5.jpg?resize=371%2C558\" alt=\"af21ff902f0a8f8fc11d813ad28741c5\" width=\"371\" height=\"558\" srcset=\"https:\/\/i0.wp.com\/szaszkogabriella.com\/wp-content\/uploads\/2016\/04\/af21ff902f0a8f8fc11d813ad28741c5.jpg?w=499&amp;ssl=1 499w, https:\/\/i0.wp.com\/szaszkogabriella.com\/wp-content\/uploads\/2016\/04\/af21ff902f0a8f8fc11d813ad28741c5.jpg?resize=200%2C300&amp;ssl=1 200w\" sizes=\"(max-width: 371px) 100vw, 371px\" data-recalc-dims=\"1\" \/><\/a><\/p>\n<p style=\"text-align: justify;\">A legt\u00f6bb esetben tizennyolc \u00e9ves korunkban fogalmunk sincs, hogy mit szeretn\u00e9nk kezdeni az \u00e9let\u00fcnkkel, legfeljebb azt hissz\u00fck, hogy tudjuk. De azt mindig is\u00a0tudtam, hogy hivat\u00e1st szeretn\u00e9k, ahol nem csak p\u00e9nz\u00e9rt megy a harc. M\u00e1ra h\u00e1l\u00e1s vagyok, hogy a h\u00e1tteremmel k\u00e9pes lehettem \u00fajra felfedezni saj\u00e1t magamat. M\u00e1r megb\u00e9k\u00e9ltem az utammal, ami kicsivel r\u00f6g\u00f6sebb a szok\u00e1sosn\u00e1l. Persze nem \u00e9rte meg b\u00e1ntani magamat \u00e9rte, de nagyon sok tapasztalatot mer\u00edtettem ebb\u0151l a h\u00e1rom \u00e9vb\u0151l.<\/p>\n<p style=\"text-align: justify;\"><a href=\"https:\/\/i2.wp.com\/szaszkogabriella.com\/wp-content\/uploads\/2016\/04\/44bea2cba2adf7203745f184a3cdc4dd.jpg\"><img data-attachment-id=\"1181\" data-permalink=\"https:\/\/szaszkogabriella.com\/index.php\/hu\/2016\/04\/27\/uj-regeny-es-kapunyitasi-panik\/44bea2cba2adf7203745f184a3cdc4dd\/\" data-orig-file=\"https:\/\/i2.wp.com\/szaszkogabriella.com\/wp-content\/uploads\/2016\/04\/44bea2cba2adf7203745f184a3cdc4dd.jpg?fit=217%2C320&amp;ssl=1\" data-orig-size=\"217,320\" data-comments-opened=\"1\" data-image-meta=\"{&quot;aperture&quot;:&quot;0&quot;,&quot;credit&quot;:&quot;&quot;,&quot;camera&quot;:&quot;&quot;,&quot;caption&quot;:&quot;&quot;,&quot;created_timestamp&quot;:&quot;0&quot;,&quot;copyright&quot;:&quot;&quot;,&quot;focal_length&quot;:&quot;0&quot;,&quot;iso&quot;:&quot;0&quot;,&quot;shutter_speed&quot;:&quot;0&quot;,&quot;title&quot;:&quot;&quot;,&quot;orientation&quot;:&quot;0&quot;}\" data-image-title=\"44bea2cba2adf7203745f184a3cdc4dd\" data-image-description=\"\" data-medium-file=\"https:\/\/i2.wp.com\/szaszkogabriella.com\/wp-content\/uploads\/2016\/04\/44bea2cba2adf7203745f184a3cdc4dd.jpg?fit=203%2C300&amp;ssl=1\" data-large-file=\"https:\/\/i2.wp.com\/szaszkogabriella.com\/wp-content\/uploads\/2016\/04\/44bea2cba2adf7203745f184a3cdc4dd.jpg?fit=217%2C320&amp;ssl=1\" decoding=\"async\" loading=\"lazy\" class=\"size-full wp-image-1181 alignleft\" src=\"https:\/\/i2.wp.com\/szaszkogabriella.com\/wp-content\/uploads\/2016\/04\/44bea2cba2adf7203745f184a3cdc4dd.jpg?resize=217%2C320\" alt=\"44bea2cba2adf7203745f184a3cdc4dd\" width=\"217\" height=\"320\" srcset=\"https:\/\/i2.wp.com\/szaszkogabriella.com\/wp-content\/uploads\/2016\/04\/44bea2cba2adf7203745f184a3cdc4dd.jpg?w=217&amp;ssl=1 217w, https:\/\/i2.wp.com\/szaszkogabriella.com\/wp-content\/uploads\/2016\/04\/44bea2cba2adf7203745f184a3cdc4dd.jpg?resize=203%2C300&amp;ssl=1 203w\" sizes=\"(max-width: 217px) 100vw, 217px\" data-recalc-dims=\"1\" \/><\/a>Tal\u00e1n csak annyit tudok mondani, hogy az \u00fatkeres\u00e9s nem sz\u00e9gyellnival\u00f3 dolog. Persze ott kacsingatnak az emberre azok is Facebookon, akiknek m\u00e1r minden \u00f6sszej\u00f6tt (legal\u00e1bbis \u00fagy fest), \u00e9s a mindenki nagyra t\u00e1gult szemekkel k\u00e9rdezgeti, hogy hol\u00a0is tartasz az \u00e9letedben, de ez teljes m\u00e9rt\u00e9kben mag\u00e1n\u00fcgy. Vagy tal\u00e1n csak te gondolod \u00fagy, hogy mindenkit \u00e9rdekel, hogy \u00e9ppen hol is j\u00e1rsz.<\/p>\n<p style=\"text-align: justify;\">Most ezekkel a tapasztalatokkal \u00edrom Josh \u00e9s Anna t\u00f6rt\u00e9net\u00e9t, akik a maguk m\u00f3dj\u00e1n keresik az \u00fatjukat az \u00e9let \u00fatveszt\u0151j\u00e9ben. Egy ismeretlen h\u00e1zban \u00e9brednek fel mind a ketten \u00fagy, hogy nem eml\u00e9keznek az elm\u00falt \u00f6t \u00e9vre, \u00e9s lassan fedezik fel, hogy milyen hib\u00e1kat is k\u00f6vettek el, mik\u00f6zben pr\u00f3b\u00e1lt\u00e1k megtal\u00e1lni, hogy merre is haladjanak.<\/p>\n<p><script src=\"\/\/assets.pinterest.com\/js\/pinit.js\" async=\"\" defer=\"defer\"><\/script><\/p>\n<p style=\"text-align: justify;\">Tal\u00e1n meg is \u00edrom, mik\u00f6zben tov\u00e1bb keresem a helyemet. Most m\u00e1r nem hiszek abban, hogy harminc-, negyven-, esetleg \u00f6tven\u00e9ves koromra majd kital\u00e1lok mindent. Err\u0151l jobb min\u00e9l el\u0151bb letenni, akkor kevesebb szorong\u00e1st okozok saj\u00e1t magamnak \ud83d\ude42<\/p>\n","protected":false},"excerpt":{"rendered":"<p>R\u00e9g\u00f3ta terveztem m\u00e1r bejegyz\u00e9st \u00edrni a kapunyit\u00e1si p\u00e1nik jelens\u00e9gr\u0151l, de most, hogy dolgozom egy ezzel kapcsolatos reg\u00e9nyen, \u00edgy elj\u00f6tt az id\u0151, hogy v\u00e9gre \u00edrjak is r\u00f3la valamit. Lesz most sz\u00f3 \u00edr\u00e1sr\u00f3l, pszichol\u00f3gi\u00e1r\u00f3l \u00e9s sok-sok \u00fatkeres\u00e9sr\u0151l \ud83d\ude42 Bizony\u00e1ra mindannyian hallottatok m\u00e1r &hellip; <a class=\"more-link\" href=\"https:\/\/szaszkogabriella.com\/index.php\/hu\/2016\/04\/27\/uj-regeny-es-kapunyitasi-panik\/\">Continue reading <span class=\"meta-nav\">&rarr;<\/span><\/a><\/p>\n","protected":false},"author":1,"featured_media":1185,"comment_status":"open","ping_status":"open","sticky":false,"template":"","format":"standard","meta":{"spay_email":"","jetpack_publicize_message":"Egy kis szem\u00e9lyes bejegyz\u00e9s a kapunyit\u00e1si p\u00e1nikkal kapcsolatos tapasztalataimr\u00f3l :)","jetpack_is_tweetstorm":false},"categories":[342,396],"tags":[481,480,12,478,477,479],"yoast_head":"<!-- This site is optimized with the Yoast SEO plugin v16.2 - https:\/\/yoast.com\/wordpress\/plugins\/seo\/ -->\n<meta name=\"robots\" content=\"index, follow, max-snippet:-1, max-image-preview:large, max-video-preview:-1\" \/>\n<link rel=\"canonical\" href=\"https:\/\/szaszkogabriella.com\/index.php\/hu\/2016\/04\/27\/uj-regeny-es-kapunyitasi-panik\/\" \/>\n<meta property=\"og:locale\" content=\"en_US\" \/>\n<meta property=\"og:type\" content=\"article\" \/>\n<meta property=\"og:title\" content=\"\u00daj reg\u00e9ny \u00e9s a kapunyit\u00e1si p\u00e1nik - Szaszk\u00f3 Gabriella\" \/>\n<meta property=\"og:description\" content=\"R\u00e9g\u00f3ta terveztem m\u00e1r bejegyz\u00e9st \u00edrni a kapunyit\u00e1si p\u00e1nik jelens\u00e9gr\u0151l, de most, hogy dolgozom egy ezzel kapcsolatos reg\u00e9nyen, \u00edgy elj\u00f6tt az id\u0151, hogy v\u00e9gre \u00edrjak is r\u00f3la valamit. Lesz most sz\u00f3 \u00edr\u00e1sr\u00f3l, pszichol\u00f3gi\u00e1r\u00f3l \u00e9s sok-sok \u00fatkeres\u00e9sr\u0151l \ud83d\ude42 Bizony\u00e1ra mindannyian hallottatok m\u00e1r &hellip; Continue reading &rarr;\" \/>\n<meta property=\"og:url\" content=\"https:\/\/szaszkogabriella.com\/index.php\/hu\/2016\/04\/27\/uj-regeny-es-kapunyitasi-panik\/\" \/>\n<meta property=\"og:site_name\" content=\"Szaszk\u00f3 Gabriella\" \/>\n<meta property=\"article:author\" content=\"https:\/\/www.facebook.com\/gabriellaszaszkoswriting\" \/>\n<meta property=\"article:published_time\" content=\"2016-04-27T13:31:43+00:00\" \/>\n<meta property=\"og:image\" content=\"https:\/\/i2.wp.com\/szaszkogabriella.com\/wp-content\/uploads\/2016\/04\/902c40064d879fc01ba556fe11683a97.jpg?fit=236%2C236\" \/>\n\t<meta property=\"og:image:width\" content=\"236\" \/>\n\t<meta property=\"og:image:height\" content=\"236\" \/>\n<meta name=\"twitter:card\" content=\"summary\" \/>\n<meta name=\"twitter:label1\" content=\"Est. reading time\">\n\t<meta name=\"twitter:data1\" content=\"4 minutes\">\n<script type=\"application\/ld+json\" class=\"yoast-schema-graph\">{\"@context\":\"https:\/\/schema.org\",\"@graph\":[{\"@type\":\"WebSite\",\"@id\":\"https:\/\/szaszkogabriella.com\/index.php\/en\/about-me\/#website\",\"url\":\"https:\/\/szaszkogabriella.com\/index.php\/en\/about-me\/\",\"name\":\"Szaszk\\u00f3 Gabriella\",\"description\":\"\",\"potentialAction\":[{\"@type\":\"SearchAction\",\"target\":\"https:\/\/szaszkogabriella.com\/index.php\/en\/about-me\/?s={search_term_string}\",\"query-input\":\"required name=search_term_string\"}],\"inLanguage\":\"en-US\"},{\"@type\":\"ImageObject\",\"@id\":\"https:\/\/szaszkogabriella.com\/index.php\/hu\/2016\/04\/27\/uj-regeny-es-kapunyitasi-panik\/#primaryimage\",\"inLanguage\":\"en-US\",\"url\":\"https:\/\/i2.wp.com\/szaszkogabriella.com\/wp-content\/uploads\/2016\/04\/902c40064d879fc01ba556fe11683a97.jpg?fit=236%2C236&ssl=1\",\"contentUrl\":\"https:\/\/i2.wp.com\/szaszkogabriella.com\/wp-content\/uploads\/2016\/04\/902c40064d879fc01ba556fe11683a97.jpg?fit=236%2C236&ssl=1\",\"width\":236,\"height\":236},{\"@type\":\"WebPage\",\"@id\":\"https:\/\/szaszkogabriella.com\/index.php\/hu\/2016\/04\/27\/uj-regeny-es-kapunyitasi-panik\/#webpage\",\"url\":\"https:\/\/szaszkogabriella.com\/index.php\/hu\/2016\/04\/27\/uj-regeny-es-kapunyitasi-panik\/\",\"name\":\"\\u00daj reg\\u00e9ny \\u00e9s a kapunyit\\u00e1si p\\u00e1nik - Szaszk\\u00f3 Gabriella\",\"isPartOf\":{\"@id\":\"https:\/\/szaszkogabriella.com\/index.php\/en\/about-me\/#website\"},\"primaryImageOfPage\":{\"@id\":\"https:\/\/szaszkogabriella.com\/index.php\/hu\/2016\/04\/27\/uj-regeny-es-kapunyitasi-panik\/#primaryimage\"},\"datePublished\":\"2016-04-27T13:31:43+00:00\",\"dateModified\":\"2016-04-27T13:31:43+00:00\",\"author\":{\"@id\":\"https:\/\/szaszkogabriella.com\/index.php\/en\/about-me\/#\/schema\/person\/f1bfdb90405c070d18b4cda6cb2d97e7\"},\"breadcrumb\":{\"@id\":\"https:\/\/szaszkogabriella.com\/index.php\/hu\/2016\/04\/27\/uj-regeny-es-kapunyitasi-panik\/#breadcrumb\"},\"inLanguage\":\"en-US\",\"potentialAction\":[{\"@type\":\"ReadAction\",\"target\":[\"https:\/\/szaszkogabriella.com\/index.php\/hu\/2016\/04\/27\/uj-regeny-es-kapunyitasi-panik\/\"]}]},{\"@type\":\"BreadcrumbList\",\"@id\":\"https:\/\/szaszkogabriella.com\/index.php\/hu\/2016\/04\/27\/uj-regeny-es-kapunyitasi-panik\/#breadcrumb\",\"itemListElement\":[{\"@type\":\"ListItem\",\"position\":1,\"item\":{\"@type\":\"WebPage\",\"@id\":\"https:\/\/szaszkogabriella.com\/index.php\/en\/about-me\/\",\"url\":\"https:\/\/szaszkogabriella.com\/index.php\/en\/about-me\/\",\"name\":\"Home\"}},{\"@type\":\"ListItem\",\"position\":2,\"item\":{\"@id\":\"https:\/\/szaszkogabriella.com\/index.php\/hu\/2016\/04\/27\/uj-regeny-es-kapunyitasi-panik\/#webpage\"}}]},{\"@type\":\"Person\",\"@id\":\"https:\/\/szaszkogabriella.com\/index.php\/en\/about-me\/#\/schema\/person\/f1bfdb90405c070d18b4cda6cb2d97e7\",\"name\":\"Gabriella\",\"image\":{\"@type\":\"ImageObject\",\"@id\":\"https:\/\/szaszkogabriella.com\/index.php\/en\/about-me\/#personlogo\",\"inLanguage\":\"en-US\",\"url\":\"https:\/\/secure.gravatar.com\/avatar\/ed8f7419b959f303647d2997795ba3b4?s=96&d=mm&r=g\",\"contentUrl\":\"https:\/\/secure.gravatar.com\/avatar\/ed8f7419b959f303647d2997795ba3b4?s=96&d=mm&r=g\",\"caption\":\"Gabriella\"},\"sameAs\":[\"http:\/\/szaszkogabriella.com\/\",\"https:\/\/www.facebook.com\/gabriellaszaszkoswriting\"]}]}<\/script>\n<!-- \/ Yoast SEO plugin. -->","jetpack_featured_media_url":"https:\/\/i2.wp.com\/szaszkogabriella.com\/wp-content\/uploads\/2016\/04\/902c40064d879fc01ba556fe11683a97.jpg?fit=236%2C236&ssl=1","jetpack_publicize_connections":[],"jetpack_sharing_enabled":true,"jetpack_shortlink":"https:\/\/wp.me\/p6aBpy-iI","jetpack_likes_enabled":true,"jetpack-related-posts":[{"id":2741,"url":"https:\/\/szaszkogabriella.com\/index.php\/hu\/2019\/08\/29\/viszlat-2019-nyar-koszonok-mindent\/","url_meta":{"origin":1160,"position":0},"title":"Viszl\u00e1t 2019 nyara, k\u00f6sz\u00f6n\u00f6k mindent!","date":"August 29, 2019","format":false,"excerpt":"M\u00e1r beharangoztam nektek, hogy mes\u00e9lni fogok az idei nyaramr\u00f3l. M\u00e1r \u00edrtam arr\u00f3l, hogy 2019 nem annyira az \u00e9n \u00e9vemnek indult, a szorong\u00e1sos rohamaim megint visszat\u00e9rtek, \u00e9s tulajdonk\u00e9ppen az \u00e9vem fel\u00e9t azzal t\u00f6lt\u00f6ttem, hogy megoldjam a probl\u00e9m\u00e1imat. \u00c1ltal\u00e1ban itt szoktam teljesen elvesz\u00edteni a fonalat, \u00e9s kiesni az \u00e9letemb\u0151l. Azt\u00e1n valami m\u00e9gis\u2026","rel":"","context":"In &quot;Blog&quot;","img":{"alt_text":"","src":"https:\/\/i1.wp.com\/szaszkogabriella.com\/wp-content\/uploads\/2019\/08\/f2a6692bd5583308e38cdee7b7ba654c.jpg?fit=564%2C423&ssl=1&resize=350%2C200","width":350,"height":200},"classes":[]},{"id":3258,"url":"https:\/\/szaszkogabriella.com\/index.php\/hu\/2020\/08\/18\/10-erdekes-teny-a-keso-marciusrol\/","url_meta":{"origin":1160,"position":1},"title":"10 \u00e9rdekes t\u00e9ny a K\u00e9s\u0151 M\u00e1rciusr\u00f3l","date":"August 18, 2020","format":false,"excerpt":"El\u00e9rkezett az id\u0151, hogy egy \u00edrjak egy beharangoz\u00f3-bejegyz\u00e9st a K\u00e9s\u0151 M\u00e1rciusr\u00f3l, ami a MidLife Crisis duol\u00f3gia m\u00e1sodik darabja. Pontos megjelen\u00e9si d\u00e1tumunk ugyan m\u00e9g nincsen, de m\u00e1r megkezd\u0151d\u00f6tt a reg\u00e9ny szerkeszt\u00e9se, \u00e9s lassan a bor\u00edt\u00f3 is k\u00e9szen \u00e1ll a leleplez\u00e9sre, m\u00e1r csak arra v\u00e1runk, hogy el\u0151rendelhet\u0151 legyen a k\u00f6nyv, ami a\u2026","rel":"","context":"Similar post","img":{"alt_text":"","src":"https:\/\/i1.wp.com\/szaszkogabriella.com\/wp-content\/uploads\/2020\/08\/9db959bbef1d5ff4fc8d6ab404a8796e.jpg?fit=564%2C423&ssl=1&resize=350%2C200","width":350,"height":200},"classes":[]},{"id":2729,"url":"https:\/\/szaszkogabriella.com\/index.php\/hu\/2019\/08\/22\/hat-eve-blogolok-visszaemlekezos-bejegyzes\/","url_meta":{"origin":1160,"position":2},"title":"Hat \u00e9ve blogolok - visszaeml\u00e9kez\u0151s bejegyz\u00e9s","date":"August 22, 2019","format":false,"excerpt":"Itt \u00fcl\u00f6k az angliai kislak\u00e1sunk \u00edr\u00f3s sark\u00e1ban a k\u00e1v\u00e9mmal, \u00e9s \u00fagy d\u00f6nt\u00f6ttem, id\u00e9n musz\u00e1j lesz megeml\u00e9keznem arr\u00f3l, hogy m\u00e1r hat \u00e9ve blogolok folyamatosan. Mindig elfeledkezem a blogfordul\u00f3kr\u00f3l, eg\u00e9szen az idei ny\u00e1r k\u00f6zep\u00e9ig nem is tudtam id\u0151ponthoz k\u00f6tni a blogol\u00e1somat, de most kinevezem az augusztus 24-et blogfordul\u00f3nak, ami nem ma van,\u2026","rel":"","context":"In &quot;Blog&quot;","img":{"alt_text":"","src":"https:\/\/i1.wp.com\/szaszkogabriella.com\/wp-content\/uploads\/2019\/08\/2c5188d181cc096ab5dcb1cfa0ee6a91.jpg?fit=564%2C564&ssl=1&resize=350%2C200","width":350,"height":200},"classes":[]},{"id":3406,"url":"https:\/\/szaszkogabriella.com\/index.php\/hu\/2021\/02\/03\/keso-marcius-zenelista\/","url_meta":{"origin":1160,"position":3},"title":"K\u00e9s\u0151 m\u00e1rcius zenelista","date":"February 3, 2021","format":false,"excerpt":"Folyamatosan gondolkozom, milyen extr\u00e1kat oszthatn\u00e9k meg velem a reg\u00e9nyeimmel kapcsolatban. A zenelista m\u00e1r hagyom\u00e1nynak sz\u00e1m\u00edt. Eddig az \u00f6sszes k\u00f6nyvem mell\u00e9 mell\u00e9keltem zenelist\u00e1t, legut\u00f3bb a Kora febru\u00e1rhoz. Nagyon j\u00f3l tudj\u00e1tok, hogy az eg\u00e9sz duol\u00f3gia nagyon \"zen\u00e9s\", \u00e9s rengeteg dal bukkan fel benn\u00fcnk sz\u00f3 szerint is. Az \u00edr\u00e1shoz pedig mondhatni el\u00e9g komoly\u2026","rel":"","context":"In \"K\u00e9s\u0151 m\u00e1rcius\"","img":{"alt_text":"","src":"https:\/\/i0.wp.com\/szaszkogabriella.com\/wp-content\/uploads\/2020\/10\/Keso-marcius-v2-cover-s.jpg?fit=812%2C1200&ssl=1&resize=350%2C200","width":350,"height":200},"classes":[]},{"id":1873,"url":"https:\/\/szaszkogabriella.com\/index.php\/hu\/2017\/10\/06\/viszlat-huszas\/","url_meta":{"origin":1160,"position":4},"title":"Viszl\u00e1t h\u00faszas!","date":"October 6, 2017","format":false,"excerpt":"Ezt a bejegyz\u00e9st tegnapra terveztem, de a sz\u00fclet\u00e9snapom kiss\u00e9 mag\u00e1val sodort, \u00edgy \u00fagy gondoltam, hogy ma fogok r\u00e1 alkalmat ker\u00edteni. Bevallom, rengeteget gondolkoztam, hogy a harmincadik sz\u00fclet\u00e9snapomat milyen grandi\u00f3zus gesztussal kellene meg\u00fcnnepelnem, azt\u00e1n \u00fagy gondoltam, hogy b\u0151ven el\u00e9g lesz, hogyha sz\u00e1mot vetek magamban az ut\u00f3bbi t\u00edz \u00e9vemmel, m\u00e1r ha ez\u2026","rel":"","context":"In &quot;Blog&quot;","img":{"alt_text":"","src":"https:\/\/i2.wp.com\/szaszkogabriella.com\/wp-content\/uploads\/2017\/10\/20170319_205504_1024x.jpg?fit=900%2C1200&ssl=1&resize=350%2C200","width":350,"height":200},"classes":[]},{"id":2610,"url":"https:\/\/szaszkogabriella.com\/index.php\/hu\/2019\/04\/07\/a-meta-panik-avagy-hogyan-buktam-melyre\/","url_meta":{"origin":1160,"position":5},"title":"A meta-p\u00e1nik, avagy hogyan buktam m\u00e9lyre","date":"April 7, 2019","format":false,"excerpt":"M\u00e9g janu\u00e1r v\u00e9g\u00e9n \u00edrtam nektek egy blogbejegyz\u00e9st, ahol is \u00fagymond fogadalmat k\u00f6t\u00f6ttem, hogy sokkal t\u00f6bbet fogok besz\u00e9lni nektek a szorong\u00e1sr\u00f3l \u00e9s a p\u00e1nikbetegs\u00e9gr\u0151l. Majdnem k\u00e9t \u00e9s f\u00e9l h\u00f3napig ezt teljesen elhanyagoltam, ugyanis febru\u00e1r k\u00f6zep\u00e9n \u00e9s m\u00e1rciusban \u00fajra m\u00e9lyre buktam. A hetekben d\u00f6bbentem r\u00e1, hogy a ment\u00e1lis eg\u00e9szs\u00e9gr\u0151l val\u00f3 blogol\u00e1snak nem\u2026","rel":"","context":"In &quot;Blog&quot;","img":{"alt_text":"","src":"https:\/\/i1.wp.com\/szaszkogabriella.com\/wp-content\/uploads\/2019\/04\/e0961f584084aa6d7ecc07d0f2bf0ccd.jpg?fit=540%2C412&ssl=1&resize=350%2C200","width":350,"height":200},"classes":[]}],"_links":{"self":[{"href":"https:\/\/szaszkogabriella.com\/index.php\/wp-json\/wp\/v2\/posts\/1160"}],"collection":[{"href":"https:\/\/szaszkogabriella.com\/index.php\/wp-json\/wp\/v2\/posts"}],"about":[{"href":"https:\/\/szaszkogabriella.com\/index.php\/wp-json\/wp\/v2\/types\/post"}],"author":[{"embeddable":true,"href":"https:\/\/szaszkogabriella.com\/index.php\/wp-json\/wp\/v2\/users\/1"}],"replies":[{"embeddable":true,"href":"https:\/\/szaszkogabriella.com\/index.php\/wp-json\/wp\/v2\/comments?post=1160"}],"version-history":[{"count":2,"href":"https:\/\/szaszkogabriella.com\/index.php\/wp-json\/wp\/v2\/posts\/1160\/revisions"}],"predecessor-version":[{"id":1186,"href":"https:\/\/szaszkogabriella.com\/index.php\/wp-json\/wp\/v2\/posts\/1160\/revisions\/1186"}],"wp:featuredmedia":[{"embeddable":true,"href":"https:\/\/szaszkogabriella.com\/index.php\/wp-json\/wp\/v2\/media\/1185"}],"wp:attachment":[{"href":"https:\/\/szaszkogabriella.com\/index.php\/wp-json\/wp\/v2\/media?parent=1160"}],"wp:term":[{"taxonomy":"category","embeddable":true,"href":"https:\/\/szaszkogabriella.com\/index.php\/wp-json\/wp\/v2\/categories?post=1160"},{"taxonomy":"post_tag","embeddable":true,"href":"https:\/\/szaszkogabriella.com\/index.php\/wp-json\/wp\/v2\/tags?post=1160"}],"curies":[{"name":"wp","href":"https:\/\/api.w.org\/{rel}","templated":true}]}}