{"id":1879,"date":"2017-10-11T15:22:49","date_gmt":"2017-10-11T14:22:49","guid":{"rendered":"http:\/\/szaszkogabriella.com\/?p=1879"},"modified":"2017-10-11T15:22:49","modified_gmt":"2017-10-11T14:22:49","slug":"noi-versus-ferfi-szemszog","status":"publish","type":"post","link":"https:\/\/szaszkogabriella.com\/index.php\/hu\/2017\/10\/11\/noi-versus-ferfi-szemszog\/","title":{"rendered":"N\u0151i versus f\u00e9rfi szemsz\u00f6g"},"content":{"rendered":"<p style=\"text-align: justify;\">Nagyon r\u00e9g\u00f3ta a list\u00e1mon van, hogy \u00edrok nektek egy kicsit a n\u0151i vs. f\u00e9rfi szemsz\u00f6gbeli k\u00fcl\u00f6nbs\u00e9gekr\u0151l. Szeretn\u00e9k elmes\u00e9lni az \u00e9lm\u00e9nyeimet, \u00e9s azt, mi\u00e9rt is vagyok megsz\u00e1llottja a f\u00e9rfi szemsz\u00f6gnek. R\u00e1ad\u00e1sul a <em>Maradj velem<\/em> \u00e9s a <em>Besz\u00e9lj hozz\u00e1m<\/em> k\u00f6z\u00f6tti legnagyobb k\u00fcl\u00f6nbs\u00e9g\u00a0 az, hogy az elbesz\u00e9l\u00e9sben n\u0151i szemsz\u00f6gre v\u00e1ltottam.<\/p>\n<p style=\"text-align: justify;\">Amikor megsz\u00fcletik a fejemben egy reg\u00e9ny \u00f6tlete, mindig a legnagyobb dilemma, hogy milyen n\u00e9z\u0151pontot \u00e9s id\u0151t v\u00e1lasszak. Nagyon szeretem az els\u0151 sz\u00e1m els\u0151 szem\u00e9ly\u0171 elbesz\u00e9l\u00e9si st\u00edlust, \u00fagy gondolom, hogy ezzel k\u00f6zelebb ker\u00fclhetek a karaktereimhez, a realista, lelki gondokat boncolgat\u00f3 reg\u00e9nyekn\u00e9l \u00edgy m\u00e9lyebbre mer\u00fclhetek. M\u00e1r kor\u00e1bban is \u00edrtam egy bejegyz\u00e9st a k\u00fcl\u00f6nb\u00f6z\u0151 n\u00e9z\u0151pontokr\u00f3l, hogyha szeretn\u00e9tek t\u00f6bbet olvasni ennek az \u00edr\u00e1stechnikai h\u00e1tter\u00e9r\u0151l, akkor <a href=\"http:\/\/szaszkogabriella.com\/index.php\/hu\/2015\/03\/13\/nezopontok-oruleteben\/\">ide kattintva <\/a>\u00a0megtehetitek ezt is. A mai napig \u00fagy gondolom, hogy nagyban m\u00falik a megfelel\u0151 elbesz\u00e9l\u00e9si m\u00f3d v\u00e1laszt\u00e1s\u00e1t\u00f3l, hogy v\u00e9gig fogjuk-e \u00edrni a reg\u00e9nyt. \u00c9ppen emiatt hogyha nagyon elakadok valahol \u00edr\u00e1s k\u00f6zben, akkor v\u00e9giggondolom, hogy megfelel\u0151 helyen \u00e9s megfelel\u0151 n\u00e9z\u0151pontb\u00f3l kezdtem-e az elbesz\u00e9l\u00e9st.<\/p>\n<p><a href=\"https:\/\/i0.wp.com\/szaszkogabriella.com\/wp-content\/uploads\/2017\/10\/perfect_day-man-woman.jpg\"><img data-attachment-id=\"1885\" data-permalink=\"https:\/\/szaszkogabriella.com\/index.php\/hu\/2017\/10\/11\/noi-versus-ferfi-szemszog\/perfect_day-man-woman\/\" data-orig-file=\"https:\/\/i0.wp.com\/szaszkogabriella.com\/wp-content\/uploads\/2017\/10\/perfect_day-man-woman.jpg?fit=640%2C426&amp;ssl=1\" data-orig-size=\"640,426\" data-comments-opened=\"1\" data-image-meta=\"{&quot;aperture&quot;:&quot;0&quot;,&quot;credit&quot;:&quot;&quot;,&quot;camera&quot;:&quot;&quot;,&quot;caption&quot;:&quot;&quot;,&quot;created_timestamp&quot;:&quot;0&quot;,&quot;copyright&quot;:&quot;&quot;,&quot;focal_length&quot;:&quot;0&quot;,&quot;iso&quot;:&quot;0&quot;,&quot;shutter_speed&quot;:&quot;0&quot;,&quot;title&quot;:&quot;&quot;,&quot;orientation&quot;:&quot;0&quot;}\" data-image-title=\"perfect_day-man-woman\" data-image-description=\"\" data-medium-file=\"https:\/\/i0.wp.com\/szaszkogabriella.com\/wp-content\/uploads\/2017\/10\/perfect_day-man-woman.jpg?fit=300%2C200&amp;ssl=1\" data-large-file=\"https:\/\/i0.wp.com\/szaszkogabriella.com\/wp-content\/uploads\/2017\/10\/perfect_day-man-woman.jpg?fit=560%2C373&amp;ssl=1\" decoding=\"async\" loading=\"lazy\" class=\"aligncenter size-full wp-image-1885\" src=\"https:\/\/i0.wp.com\/szaszkogabriella.com\/wp-content\/uploads\/2017\/10\/perfect_day-man-woman.jpg?resize=560%2C373\" alt=\"\" width=\"560\" height=\"373\" srcset=\"https:\/\/i0.wp.com\/szaszkogabriella.com\/wp-content\/uploads\/2017\/10\/perfect_day-man-woman.jpg?w=640&amp;ssl=1 640w, https:\/\/i0.wp.com\/szaszkogabriella.com\/wp-content\/uploads\/2017\/10\/perfect_day-man-woman.jpg?resize=300%2C200&amp;ssl=1 300w\" sizes=\"(max-width: 560px) 100vw, 560px\" data-recalc-dims=\"1\" \/><\/a><\/p>\n<p style=\"text-align: justify;\">No, de t\u00e9rj\u00fcnk \u00e1t a k\u00e9nyes t\u00e9m\u00e1ra. F\u00e9rfi n\u00e9z\u0151pont. Minden kezd\u0151 \u00edr\u00f3t \u00f3va intenek att\u00f3l, hogy az ellenkez\u0151 nem fej\u00e9be b\u00fajjon, \u00e1ltal\u00e1ban katasztr\u00f3f\u00e1val kecsegtetnek. Rengeteg bejegyz\u00e9sbe futottam bele, hogy ilyet azt\u00e1n soha se csin\u00e1ljunk, ami persze engem is rendesen elbizonytalan\u00edtott. De bevallom \u0151szint\u00e9n elhessegettem ezeket a hangokat. Semmilyen tudatos d\u00f6nt\u00e9s nem j\u00e1tszott szerepet abban, hogy David lett az elbesz\u00e9l\u0151m a <em>Maradj velem<\/em>-ben. Egyszer\u0171en \u00edgy sz\u00f3lalt meg a fejemben a reg\u00e9ny, m\u00e9g csak kih\u00edv\u00e1snak sem tekintettem az elej\u00e9n. \u00cdgy \u00e9reztem hitelesnek, megfelel\u0151nek az eg\u00e9szet. K\u00e9s\u0151bb futottam bele, hogy mostans\u00e1g rengeteg n\u0151i \u00edr\u00f3 \u00edr f\u00e9rfi szemsz\u00f6g\u0171 reg\u00e9nyeket.<\/p>\n<p><a href=\"https:\/\/i0.wp.com\/szaszkogabriella.com\/wp-content\/uploads\/2017\/10\/150811185250-man-woman-scale-780x439.jpg\"><img data-attachment-id=\"1880\" data-permalink=\"https:\/\/szaszkogabriella.com\/index.php\/hu\/2017\/10\/11\/noi-versus-ferfi-szemszog\/150811185250-man-woman-scale-780x439\/\" data-orig-file=\"https:\/\/i0.wp.com\/szaszkogabriella.com\/wp-content\/uploads\/2017\/10\/150811185250-man-woman-scale-780x439.jpg?fit=780%2C439&amp;ssl=1\" data-orig-size=\"780,439\" data-comments-opened=\"1\" data-image-meta=\"{&quot;aperture&quot;:&quot;0&quot;,&quot;credit&quot;:&quot;&quot;,&quot;camera&quot;:&quot;&quot;,&quot;caption&quot;:&quot;&quot;,&quot;created_timestamp&quot;:&quot;0&quot;,&quot;copyright&quot;:&quot;&quot;,&quot;focal_length&quot;:&quot;0&quot;,&quot;iso&quot;:&quot;0&quot;,&quot;shutter_speed&quot;:&quot;0&quot;,&quot;title&quot;:&quot;&quot;,&quot;orientation&quot;:&quot;0&quot;}\" data-image-title=\"150811185250-man-woman-scale-780&#215;439\" data-image-description=\"\" data-medium-file=\"https:\/\/i0.wp.com\/szaszkogabriella.com\/wp-content\/uploads\/2017\/10\/150811185250-man-woman-scale-780x439.jpg?fit=300%2C169&amp;ssl=1\" data-large-file=\"https:\/\/i0.wp.com\/szaszkogabriella.com\/wp-content\/uploads\/2017\/10\/150811185250-man-woman-scale-780x439.jpg?fit=560%2C315&amp;ssl=1\" decoding=\"async\" loading=\"lazy\" class=\"aligncenter size-full wp-image-1880\" src=\"https:\/\/i0.wp.com\/szaszkogabriella.com\/wp-content\/uploads\/2017\/10\/150811185250-man-woman-scale-780x439.jpg?resize=560%2C315\" alt=\"\" width=\"560\" height=\"315\" srcset=\"https:\/\/i0.wp.com\/szaszkogabriella.com\/wp-content\/uploads\/2017\/10\/150811185250-man-woman-scale-780x439.jpg?resize=780%2C439&amp;ssl=1 780w, https:\/\/i0.wp.com\/szaszkogabriella.com\/wp-content\/uploads\/2017\/10\/150811185250-man-woman-scale-780x439.jpg?resize=300%2C169&amp;ssl=1 300w, https:\/\/i0.wp.com\/szaszkogabriella.com\/wp-content\/uploads\/2017\/10\/150811185250-man-woman-scale-780x439.jpg?resize=768%2C432&amp;ssl=1 768w\" sizes=\"(max-width: 560px) 100vw, 560px\" data-recalc-dims=\"1\" \/><\/a><\/p>\n<p style=\"text-align: justify;\">Bevallom, az\u00f3ta is a kedvenc n\u00e9z\u0151pontom a f\u00e9rfi egyes sz\u00e1m\u00fa elbesz\u00e9l\u00e9s. Nagyon \u00e9rdekes, de m\u00e1r \u00f6t\u00e9ves koromban is a mintha-j\u00e1t\u00e9kokn\u00e1l fi\u00fa karaktereket v\u00e1lasztottam. Szimba jobban \u00e9rdekelt, mint Nala, meg a h\u00e1rom kacsafi\u00fa is a Kacsames\u00e9kb\u0151l (\u00e9s m\u00e9g hosszasan sorolhatn\u00e1m). R\u00e1ad\u00e1sul sosem voltam l\u00e1nyos l\u00e1ny, sz\u00f3val azt hiszem, egy igaz\u00e1n csajos n\u00e9z\u0151pont jobban kivern\u00e9 n\u00e1lam a biztos\u00edt\u00e9kot, mint a f\u00e9rfi. Val\u00f3sz\u00edn\u0171leg ez az\u00e9rt van, mert a fi\u00fak mindig egzotikusabb n\u00e9z\u0151pontot szolg\u00e1ltattak nekem a l\u00e1nyok\u00e9n\u00e1l. Nagy szerencs\u00e9mre k\u00e9s\u0151bb mindannyian azt mondt\u00e1tok, hogy nagyra \u00e9rt\u00e9kelt\u00e9tek, hogy ilyen j\u00f3l siker\u00fclt a f\u00e9rfi n\u00e9z\u0151pontot megjelen\u00edtenem. Nem mondom, hogy nem voltak furcsa k\u00e9rd\u00e9seim a f\u00e9rjemhez, \u00e9s nem l\u00f3gtam fur\u00e1n az \u00f6sszes fi\u00fas bar\u00e1ti besz\u00e9lget\u00e9seken (pro tip: kell\u0151 sz\u00e1m\u00fa s\u00f6r ut\u00e1n m\u00e1r nem \u00e9rdekeli \u0151ket, hogy egy l\u00e1ny vel\u00fck van), \u00e9s a mai napig nagyon szeretek csak fi\u00fakkal be\u00fclni valahov\u00e1 (egy\u00fattal puszilom az \u00f6sszes bar\u00e1tn\u0151met, akiket im\u00e1dok, de \u0151k se t\u00fal csajosak, szerencs\u00e9re ;).<\/p>\n<p><a href=\"https:\/\/i2.wp.com\/szaszkogabriella.com\/wp-content\/uploads\/2017\/10\/malefemale.png\"><img data-attachment-id=\"1882\" data-permalink=\"https:\/\/szaszkogabriella.com\/index.php\/hu\/2017\/10\/11\/noi-versus-ferfi-szemszog\/malefemale\/\" data-orig-file=\"https:\/\/i2.wp.com\/szaszkogabriella.com\/wp-content\/uploads\/2017\/10\/malefemale.png?fit=456%2C456&amp;ssl=1\" data-orig-size=\"456,456\" data-comments-opened=\"1\" data-image-meta=\"{&quot;aperture&quot;:&quot;0&quot;,&quot;credit&quot;:&quot;&quot;,&quot;camera&quot;:&quot;&quot;,&quot;caption&quot;:&quot;&quot;,&quot;created_timestamp&quot;:&quot;0&quot;,&quot;copyright&quot;:&quot;&quot;,&quot;focal_length&quot;:&quot;0&quot;,&quot;iso&quot;:&quot;0&quot;,&quot;shutter_speed&quot;:&quot;0&quot;,&quot;title&quot;:&quot;&quot;,&quot;orientation&quot;:&quot;0&quot;}\" data-image-title=\"malefemale\" data-image-description=\"\" data-medium-file=\"https:\/\/i2.wp.com\/szaszkogabriella.com\/wp-content\/uploads\/2017\/10\/malefemale.png?fit=300%2C300&amp;ssl=1\" data-large-file=\"https:\/\/i2.wp.com\/szaszkogabriella.com\/wp-content\/uploads\/2017\/10\/malefemale.png?fit=456%2C456&amp;ssl=1\" decoding=\"async\" loading=\"lazy\" class=\"aligncenter size-full wp-image-1882\" src=\"https:\/\/i2.wp.com\/szaszkogabriella.com\/wp-content\/uploads\/2017\/10\/malefemale.png?resize=456%2C456\" alt=\"\" width=\"456\" height=\"456\" srcset=\"https:\/\/i2.wp.com\/szaszkogabriella.com\/wp-content\/uploads\/2017\/10\/malefemale.png?w=456&amp;ssl=1 456w, https:\/\/i2.wp.com\/szaszkogabriella.com\/wp-content\/uploads\/2017\/10\/malefemale.png?resize=150%2C150&amp;ssl=1 150w, https:\/\/i2.wp.com\/szaszkogabriella.com\/wp-content\/uploads\/2017\/10\/malefemale.png?resize=300%2C300&amp;ssl=1 300w\" sizes=\"(max-width: 456px) 100vw, 456px\" data-recalc-dims=\"1\" \/><\/a><\/p>\n<p style=\"text-align: justify;\">Azt\u00e1n persze j\u00f6tt Amy k\u00f6nyve. K\u00fcl\u00f6n\u00f6s n\u00e9z\u0151pontv\u00e1lt\u00e1s volt David ut\u00e1n. \u00c9rdekes, de az Amys k\u00f6nyvben sokkal t\u00f6bb kih\u00fazand\u00f3 felesleges maradt, b\u0151besz\u00e9d\u0171bb lett az \u00edr\u00e1sm\u00f3dom, n\u00e9ha lelkiz\u0151sebb, \u00e1tgondol\u00f3sabb. R\u00e1ad\u00e1sul\u00a0 azt vettem \u00e9szre, hogy a Pennington-fi\u00fakat nehezen \u00e9rem el Amy n\u00e9z\u0151pontj\u00e1b\u00f3l (erre utal a c\u00edm is: <em>Besz\u00e9lj hozz\u00e1m<\/em>), mivel rengeteg mindent elz\u00e1rtak a l\u00e1ny el\u0151l. Ez\u00e9rt is emeln\u00e9m ki, mennyire fontos a n\u00e9z\u0151pont: az egyes sz\u00e1m els\u0151 szem\u00e9ly behat\u00e1rol, rengeteg inform\u00e1ci\u00f3 nehezen el\u00e9rhet\u0151 t\u00e1vols\u00e1gba ker\u00fcl, \u00e9pp ez\u00e9rt sz\u00e1mos reg\u00e9nyn\u00e9l nem ez lesz a legmegfelel\u0151bb v\u00e1laszt\u00e1s.<\/p>\n<p>Rem\u00e9lem, mindannyian \u00e9lvezni fogj\u00e1tok az Amy-szemsz\u00f6g\u00e9b\u0151l \u00edr\u00f3dott k\u00f6nyvet is. Kis kulisszatitok: a harmadik k\u00f6nyvben visszat\u00e9rt David egyes sz\u00e1m\u00fa elbesz\u00e9l\u0151k\u00e9nt.<\/p>\n<p><a href=\"https:\/\/i2.wp.com\/szaszkogabriella.com\/wp-content\/uploads\/2017\/10\/Paul-Sohn-7-Questions-to-Help-You-Develop-Your-Leadership-Point-of-View.jpg\"><img data-attachment-id=\"1884\" data-permalink=\"https:\/\/szaszkogabriella.com\/index.php\/hu\/2017\/10\/11\/noi-versus-ferfi-szemszog\/paul-sohn-7-questions-to-help-you-develop-your-leadership-point-of-view\/\" data-orig-file=\"https:\/\/i2.wp.com\/szaszkogabriella.com\/wp-content\/uploads\/2017\/10\/Paul-Sohn-7-Questions-to-Help-You-Develop-Your-Leadership-Point-of-View.jpg?fit=1280%2C640&amp;ssl=1\" data-orig-size=\"1280,640\" data-comments-opened=\"1\" data-image-meta=\"{&quot;aperture&quot;:&quot;0&quot;,&quot;credit&quot;:&quot;&quot;,&quot;camera&quot;:&quot;&quot;,&quot;caption&quot;:&quot;&quot;,&quot;created_timestamp&quot;:&quot;0&quot;,&quot;copyright&quot;:&quot;&quot;,&quot;focal_length&quot;:&quot;0&quot;,&quot;iso&quot;:&quot;0&quot;,&quot;shutter_speed&quot;:&quot;0&quot;,&quot;title&quot;:&quot;&quot;,&quot;orientation&quot;:&quot;0&quot;}\" data-image-title=\"Paul-Sohn-7-Questions-to-Help-You-Develop-Your-Leadership-Point-of-View\" data-image-description=\"\" data-medium-file=\"https:\/\/i2.wp.com\/szaszkogabriella.com\/wp-content\/uploads\/2017\/10\/Paul-Sohn-7-Questions-to-Help-You-Develop-Your-Leadership-Point-of-View.jpg?fit=300%2C150&amp;ssl=1\" data-large-file=\"https:\/\/i2.wp.com\/szaszkogabriella.com\/wp-content\/uploads\/2017\/10\/Paul-Sohn-7-Questions-to-Help-You-Develop-Your-Leadership-Point-of-View.jpg?fit=560%2C280&amp;ssl=1\" decoding=\"async\" loading=\"lazy\" class=\"aligncenter size-full wp-image-1884\" src=\"https:\/\/i2.wp.com\/szaszkogabriella.com\/wp-content\/uploads\/2017\/10\/Paul-Sohn-7-Questions-to-Help-You-Develop-Your-Leadership-Point-of-View.jpg?resize=560%2C280\" alt=\"\" width=\"560\" height=\"280\" srcset=\"https:\/\/i2.wp.com\/szaszkogabriella.com\/wp-content\/uploads\/2017\/10\/Paul-Sohn-7-Questions-to-Help-You-Develop-Your-Leadership-Point-of-View.jpg?w=1280&amp;ssl=1 1280w, https:\/\/i2.wp.com\/szaszkogabriella.com\/wp-content\/uploads\/2017\/10\/Paul-Sohn-7-Questions-to-Help-You-Develop-Your-Leadership-Point-of-View.jpg?resize=300%2C150&amp;ssl=1 300w, https:\/\/i2.wp.com\/szaszkogabriella.com\/wp-content\/uploads\/2017\/10\/Paul-Sohn-7-Questions-to-Help-You-Develop-Your-Leadership-Point-of-View.jpg?resize=768%2C384&amp;ssl=1 768w, https:\/\/i2.wp.com\/szaszkogabriella.com\/wp-content\/uploads\/2017\/10\/Paul-Sohn-7-Questions-to-Help-You-Develop-Your-Leadership-Point-of-View.jpg?resize=1024%2C512&amp;ssl=1 1024w, https:\/\/i2.wp.com\/szaszkogabriella.com\/wp-content\/uploads\/2017\/10\/Paul-Sohn-7-Questions-to-Help-You-Develop-Your-Leadership-Point-of-View.jpg?w=1120 1120w\" sizes=\"(max-width: 560px) 100vw, 560px\" data-recalc-dims=\"1\" \/><\/a><\/p>\n","protected":false},"excerpt":{"rendered":"<p>Nagyon r\u00e9g\u00f3ta a list\u00e1mon van, hogy \u00edrok nektek egy kicsit a n\u0151i vs. f\u00e9rfi szemsz\u00f6gbeli k\u00fcl\u00f6nbs\u00e9gekr\u0151l. Szeretn\u00e9k elmes\u00e9lni az \u00e9lm\u00e9nyeimet, \u00e9s azt, mi\u00e9rt is vagyok megsz\u00e1llottja a f\u00e9rfi szemsz\u00f6gnek. R\u00e1ad\u00e1sul a Maradj velem \u00e9s a Besz\u00e9lj hozz\u00e1m k\u00f6z\u00f6tti legnagyobb k\u00fcl\u00f6nbs\u00e9g\u00a0 &hellip; <a class=\"more-link\" href=\"https:\/\/szaszkogabriella.com\/index.php\/hu\/2017\/10\/11\/noi-versus-ferfi-szemszog\/\">Continue reading <span class=\"meta-nav\">&rarr;<\/span><\/a><\/p>\n","protected":false},"author":1,"featured_media":1880,"comment_status":"open","ping_status":"open","sticky":false,"template":"","format":"standard","meta":{"spay_email":"","jetpack_publicize_message":"","jetpack_is_tweetstorm":false},"categories":[1884,338,341,1654,1904],"tags":[221,1918,1914,224,1916,1912],"yoast_head":"<!-- This site is optimized with the Yoast SEO plugin v16.2 - https:\/\/yoast.com\/wordpress\/plugins\/seo\/ -->\n<meta name=\"robots\" content=\"index, follow, max-snippet:-1, max-image-preview:large, max-video-preview:-1\" \/>\n<link rel=\"canonical\" href=\"https:\/\/szaszkogabriella.com\/index.php\/hu\/2017\/10\/11\/noi-versus-ferfi-szemszog\/\" \/>\n<meta property=\"og:locale\" content=\"en_US\" \/>\n<meta property=\"og:type\" content=\"article\" \/>\n<meta property=\"og:title\" content=\"N\u0151i versus f\u00e9rfi szemsz\u00f6g - Szaszk\u00f3 Gabriella\" \/>\n<meta property=\"og:description\" content=\"Nagyon r\u00e9g\u00f3ta a list\u00e1mon van, hogy \u00edrok nektek egy kicsit a n\u0151i vs. f\u00e9rfi szemsz\u00f6gbeli k\u00fcl\u00f6nbs\u00e9gekr\u0151l. Szeretn\u00e9k elmes\u00e9lni az \u00e9lm\u00e9nyeimet, \u00e9s azt, mi\u00e9rt is vagyok megsz\u00e1llottja a f\u00e9rfi szemsz\u00f6gnek. R\u00e1ad\u00e1sul a Maradj velem \u00e9s a Besz\u00e9lj hozz\u00e1m k\u00f6z\u00f6tti legnagyobb k\u00fcl\u00f6nbs\u00e9g\u00a0 &hellip; Continue reading &rarr;\" \/>\n<meta property=\"og:url\" content=\"https:\/\/szaszkogabriella.com\/index.php\/hu\/2017\/10\/11\/noi-versus-ferfi-szemszog\/\" \/>\n<meta property=\"og:site_name\" content=\"Szaszk\u00f3 Gabriella\" \/>\n<meta property=\"article:author\" content=\"https:\/\/www.facebook.com\/gabriellaszaszkoswriting\" \/>\n<meta property=\"article:published_time\" content=\"2017-10-11T14:22:49+00:00\" \/>\n<meta property=\"og:image\" content=\"https:\/\/i0.wp.com\/szaszkogabriella.com\/wp-content\/uploads\/2017\/10\/150811185250-man-woman-scale-780x439.jpg?fit=780%2C439\" \/>\n\t<meta property=\"og:image:width\" content=\"780\" \/>\n\t<meta property=\"og:image:height\" content=\"439\" \/>\n<meta name=\"twitter:card\" content=\"summary\" \/>\n<meta name=\"twitter:label1\" content=\"Est. reading time\">\n\t<meta name=\"twitter:data1\" content=\"4 minutes\">\n<script type=\"application\/ld+json\" class=\"yoast-schema-graph\">{\"@context\":\"https:\/\/schema.org\",\"@graph\":[{\"@type\":\"WebSite\",\"@id\":\"https:\/\/szaszkogabriella.com\/index.php\/en\/about-me\/#website\",\"url\":\"https:\/\/szaszkogabriella.com\/index.php\/en\/about-me\/\",\"name\":\"Szaszk\\u00f3 Gabriella\",\"description\":\"\",\"potentialAction\":[{\"@type\":\"SearchAction\",\"target\":\"https:\/\/szaszkogabriella.com\/index.php\/en\/about-me\/?s={search_term_string}\",\"query-input\":\"required name=search_term_string\"}],\"inLanguage\":\"en-US\"},{\"@type\":\"ImageObject\",\"@id\":\"https:\/\/szaszkogabriella.com\/index.php\/hu\/2017\/10\/11\/noi-versus-ferfi-szemszog\/#primaryimage\",\"inLanguage\":\"en-US\",\"url\":\"https:\/\/i0.wp.com\/szaszkogabriella.com\/wp-content\/uploads\/2017\/10\/150811185250-man-woman-scale-780x439.jpg?fit=780%2C439&ssl=1\",\"contentUrl\":\"https:\/\/i0.wp.com\/szaszkogabriella.com\/wp-content\/uploads\/2017\/10\/150811185250-man-woman-scale-780x439.jpg?fit=780%2C439&ssl=1\",\"width\":780,\"height\":439},{\"@type\":\"WebPage\",\"@id\":\"https:\/\/szaszkogabriella.com\/index.php\/hu\/2017\/10\/11\/noi-versus-ferfi-szemszog\/#webpage\",\"url\":\"https:\/\/szaszkogabriella.com\/index.php\/hu\/2017\/10\/11\/noi-versus-ferfi-szemszog\/\",\"name\":\"N\\u0151i versus f\\u00e9rfi szemsz\\u00f6g - Szaszk\\u00f3 Gabriella\",\"isPartOf\":{\"@id\":\"https:\/\/szaszkogabriella.com\/index.php\/en\/about-me\/#website\"},\"primaryImageOfPage\":{\"@id\":\"https:\/\/szaszkogabriella.com\/index.php\/hu\/2017\/10\/11\/noi-versus-ferfi-szemszog\/#primaryimage\"},\"datePublished\":\"2017-10-11T14:22:49+00:00\",\"dateModified\":\"2017-10-11T14:22:49+00:00\",\"author\":{\"@id\":\"https:\/\/szaszkogabriella.com\/index.php\/en\/about-me\/#\/schema\/person\/f1bfdb90405c070d18b4cda6cb2d97e7\"},\"breadcrumb\":{\"@id\":\"https:\/\/szaszkogabriella.com\/index.php\/hu\/2017\/10\/11\/noi-versus-ferfi-szemszog\/#breadcrumb\"},\"inLanguage\":\"en-US\",\"potentialAction\":[{\"@type\":\"ReadAction\",\"target\":[\"https:\/\/szaszkogabriella.com\/index.php\/hu\/2017\/10\/11\/noi-versus-ferfi-szemszog\/\"]}]},{\"@type\":\"BreadcrumbList\",\"@id\":\"https:\/\/szaszkogabriella.com\/index.php\/hu\/2017\/10\/11\/noi-versus-ferfi-szemszog\/#breadcrumb\",\"itemListElement\":[{\"@type\":\"ListItem\",\"position\":1,\"item\":{\"@type\":\"WebPage\",\"@id\":\"https:\/\/szaszkogabriella.com\/index.php\/en\/about-me\/\",\"url\":\"https:\/\/szaszkogabriella.com\/index.php\/en\/about-me\/\",\"name\":\"Home\"}},{\"@type\":\"ListItem\",\"position\":2,\"item\":{\"@id\":\"https:\/\/szaszkogabriella.com\/index.php\/hu\/2017\/10\/11\/noi-versus-ferfi-szemszog\/#webpage\"}}]},{\"@type\":\"Person\",\"@id\":\"https:\/\/szaszkogabriella.com\/index.php\/en\/about-me\/#\/schema\/person\/f1bfdb90405c070d18b4cda6cb2d97e7\",\"name\":\"Gabriella\",\"image\":{\"@type\":\"ImageObject\",\"@id\":\"https:\/\/szaszkogabriella.com\/index.php\/en\/about-me\/#personlogo\",\"inLanguage\":\"en-US\",\"url\":\"https:\/\/secure.gravatar.com\/avatar\/ed8f7419b959f303647d2997795ba3b4?s=96&d=mm&r=g\",\"contentUrl\":\"https:\/\/secure.gravatar.com\/avatar\/ed8f7419b959f303647d2997795ba3b4?s=96&d=mm&r=g\",\"caption\":\"Gabriella\"},\"sameAs\":[\"http:\/\/szaszkogabriella.com\/\",\"https:\/\/www.facebook.com\/gabriellaszaszkoswriting\"]}]}<\/script>\n<!-- \/ Yoast SEO plugin. -->","jetpack_featured_media_url":"https:\/\/i0.wp.com\/szaszkogabriella.com\/wp-content\/uploads\/2017\/10\/150811185250-man-woman-scale-780x439.jpg?fit=780%2C439&ssl=1","jetpack_publicize_connections":[],"jetpack_sharing_enabled":true,"jetpack_shortlink":"https:\/\/wp.me\/p6aBpy-uj","jetpack_likes_enabled":true,"jetpack-related-posts":[{"id":1861,"url":"https:\/\/szaszkogabriella.com\/index.php\/hu\/2017\/09\/26\/10-erdekes-teny-a-beszelj-hozzamrol\/","url_meta":{"origin":1879,"position":0},"title":"10 \u00e9rdekes t\u00e9ny a Besz\u00e9lj hozz\u00e1m-r\u00f3l","date":"September 26, 2017","format":false,"excerpt":"Hamarosan \u00e9rkezik a m\u00e1sodik Pennington-testv\u00e9res k\u00f6nyvem, rem\u00e9lem, ti is annyira v\u00e1rj\u00e1tok a megjelen\u00e9st, mint \u00e9n. \u00dagy gondoltam, hogy tov\u00e1bb borzolom a ked\u00e9lyeket, \u00edgy m\u00e1ra t\u00edz \u00e9rdekes t\u00e9nyt hoztam a Besz\u00e9lj hozz\u00e1m-mal kapcsolatban, h\u00e1tha siker\u00fcl m\u00e9g ink\u00e1bb felkeltenem az \u00e9rdekl\u0151d\u00e9seteket. 1) A Besz\u00e9lj hozz\u00e1m-ban Amy a mes\u00e9l\u0151. A m\u00e1sodik Pennington-testv\u00e9res k\u00f6nyvn\u00e9l\u2026","rel":"","context":"In &quot;Besz\u00e9lj hozz\u00e1m&quot;","img":{"alt_text":"","src":"https:\/\/i1.wp.com\/szaszkogabriella.com\/wp-content\/uploads\/2017\/09\/empire_state_building_getty_zsolt_hlinka.jpg?fit=585%2C383&ssl=1&resize=350%2C200","width":350,"height":200},"classes":[]},{"id":1813,"url":"https:\/\/szaszkogabriella.com\/index.php\/hu\/2017\/08\/28\/megjelenik-masodik-regenyem-beszelj-hozzam\/","url_meta":{"origin":1879,"position":1},"title":"Megjelenik m\u00e1sodik reg\u00e9nyem: a Besz\u00e9lj hozz\u00e1m","date":"August 28, 2017","format":false,"excerpt":"Tudom, hogy m\u00e1r sokaknak nem fogok t\u00falzott meglepet\u00e9st okozni a bejegyz\u00e9s c\u00edm\u00e9vel, de \u00fagy \u00e9reztem, hogy a h\u00edr bejelent\u00e9se m\u00e9gis meg\u00e9r egy blogbejegyz\u00e9st. R\u00e1ad\u00e1sul egy h\u00f3napra kicsit el is t\u0171ntem a netes sz\u00ednr\u0151l, f\u0151leg pihentem, \u00e9lveztem a nyarat \u00e9s sajnos alig \u00edrtam, \u00fagyhogy itt az ideje, hogy visszat\u00e9rjek hozz\u00e1tok, \u00e9s\u2026","rel":"","context":"In &quot;Besz\u00e9lj hozz\u00e1m&quot;","img":{"alt_text":"","src":"https:\/\/i1.wp.com\/szaszkogabriella.com\/wp-content\/uploads\/2017\/08\/54602047d95321270b4200f6da8ce32a.jpg?fit=564%2C705&ssl=1&resize=350%2C200","width":350,"height":200},"classes":[]},{"id":2601,"url":"https:\/\/szaszkogabriella.com\/index.php\/hu\/2019\/03\/23\/ti-kerdeztetek-en-valaszoltam\/","url_meta":{"origin":1879,"position":2},"title":"Ti k\u00e9rdeztetek - \u00e9n v\u00e1laszoltam","date":"March 23, 2019","format":false,"excerpt":"M\u00e9g egy h\u00e9ten kereszt\u00fcl j\u00e1tszhattok a dedik\u00e1lt Vigy\u00e1zz r\u00e1m k\u00f6tet\u00e9rt (a Rafflecopter dobozt ez alatt a bejegyz\u00e9s alatt is el\u00e9rhetitek), ahol is megk\u00e9rtelek titeket arra, hogy tegyetek fel nekem k\u00e9rd\u00e9seket. Annyira szuper dolgokat k\u00e9rdeztetek, hogy \u00fagy d\u00f6nt\u00f6ttem, kre\u00e1lok bel\u0151le egy teljes blogbejegyz\u00e9st. Persze, ha tov\u00e1bbi k\u00e9rd\u00e9setek lenne, akkor \u00edrj\u00e1tok csak\u2026","rel":"","context":"In &quot;\u00cdr\u00e1sr\u00f3l&quot;","img":{"alt_text":"","src":"https:\/\/i2.wp.com\/szaszkogabriella.com\/wp-content\/uploads\/2019\/03\/ContentImage-13539-251445-qa.jpg?fit=600%2C401&ssl=1&resize=350%2C200","width":350,"height":200},"classes":[]},{"id":1482,"url":"https:\/\/szaszkogabriella.com\/index.php\/hu\/2016\/12\/05\/mi-inspiralta-a-maradj-velemet\/","url_meta":{"origin":1879,"position":3},"title":"Mi inspir\u00e1lta a Maradj velemet?","date":"December 5, 2016","format":false,"excerpt":"\u00dagy fest, hogy j\u00f6v\u0151 h\u00e9ten megjelenik az els\u0151 reg\u00e9nyem, amit m\u00e9g mindig szinte hihetetlen kimondani. \u00c9ppen ez\u00e9rt \u00fagy gondoltam, hogy ezen a h\u00e9ten szeretn\u00e9lek titeket kicsit bevezetni a k\u00f6nyvem vil\u00e1g\u00e1ba. Terveztem p\u00e1r \u00e9rdekes bejegyz\u00e9st a Maradj velemmel kapcsolatban. El\u0151sz\u00f6r szeretn\u00e9k nektek \u00edrni egy kicsit arr\u00f3l, hogy mi is inspir\u00e1lta, hogyan\u2026","rel":"","context":"In &quot;Maradj velem&quot;","img":{"alt_text":"","src":"https:\/\/i1.wp.com\/szaszkogabriella.com\/wp-content\/uploads\/2016\/12\/fcdb6250ac3e02143147bf8eb0b457df.jpg?fit=500%2C334&ssl=1&resize=350%2C200","width":350,"height":200},"classes":[]},{"id":1927,"url":"https:\/\/szaszkogabriella.com\/index.php\/hu\/2017\/12\/03\/beszelj-hozzam-helyszinek\/","url_meta":{"origin":1879,"position":4},"title":"Besz\u00e9lj hozz\u00e1m helysz\u00ednek","date":"December 3, 2017","format":false,"excerpt":"Tavaly m\u00e1r blogoltam nektek a Maradj velem helysz\u00edneir\u0151l, \u00e9s arr\u00f3l, hogy mi\u00e9rt is oda helyeztem a t\u00f6rt\u00e9netemet, ahova (ide kattintva el is olvashatj\u00e1tok). Most a Besz\u00e9lj hozz\u00e1m helysz\u00edneir\u0151l fogok nektek besz\u00e9lni, amiket szerencs\u00e9re java r\u00e9szt l\u00e1thattam a saj\u00e1t szememmel is, ez\u00e9rt hoztam nektek egy kis gal\u00e9ri\u00e1t az \u00e9lm\u00e9nyeimr\u0151l. Ugyan m\u00e1r\u2026","rel":"","context":"In &quot;Besz\u00e9lj hozz\u00e1m&quot;","img":{"alt_text":"","src":"https:\/\/i2.wp.com\/szaszkogabriella.com\/wp-content\/uploads\/2017\/12\/IMG_20171202_104119_544.jpg?fit=1200%2C900&ssl=1&resize=350%2C200","width":350,"height":200},"classes":[]},{"id":2082,"url":"https:\/\/szaszkogabriella.com\/index.php\/hu\/2018\/03\/16\/beszelj-hozzam-zenelista\/","url_meta":{"origin":1879,"position":5},"title":"Besz\u00e9lj hozz\u00e1m zenelista","date":"March 16, 2018","format":false,"excerpt":"M\u00e1r kor\u00e1bban a Facebookon meg\u00edg\u00e9rtem nektek, hogy a Besz\u00e9lj hozz\u00e1m-hoz is fogok csatolni egy zenelist\u00e1t. Ezt m\u00e1r n\u00e1lam tekinthetj\u00fck hagyom\u00e1nynak is, hiszen a Maradj velem-hez is sz\u00fcletett egy ilyen bejegyz\u00e9s (ide kattintva el is \u00e9rhetitek), ugyan abban \u00e9pp arr\u00f3l panaszkodtam, hogy a Maradj velem-es zen\u00e9im java bizony elveszett. Szerencs\u00e9re ez\u00a0\u2026","rel":"","context":"In &quot;Besz\u00e9lj hozz\u00e1m&quot;","img":{"alt_text":"","src":"https:\/\/i1.wp.com\/szaszkogabriella.com\/wp-content\/uploads\/2018\/03\/musicBH.jpg?fit=1200%2C837&ssl=1&resize=350%2C200","width":350,"height":200},"classes":[]}],"_links":{"self":[{"href":"https:\/\/szaszkogabriella.com\/index.php\/wp-json\/wp\/v2\/posts\/1879"}],"collection":[{"href":"https:\/\/szaszkogabriella.com\/index.php\/wp-json\/wp\/v2\/posts"}],"about":[{"href":"https:\/\/szaszkogabriella.com\/index.php\/wp-json\/wp\/v2\/types\/post"}],"author":[{"embeddable":true,"href":"https:\/\/szaszkogabriella.com\/index.php\/wp-json\/wp\/v2\/users\/1"}],"replies":[{"embeddable":true,"href":"https:\/\/szaszkogabriella.com\/index.php\/wp-json\/wp\/v2\/comments?post=1879"}],"version-history":[{"count":1,"href":"https:\/\/szaszkogabriella.com\/index.php\/wp-json\/wp\/v2\/posts\/1879\/revisions"}],"predecessor-version":[{"id":1886,"href":"https:\/\/szaszkogabriella.com\/index.php\/wp-json\/wp\/v2\/posts\/1879\/revisions\/1886"}],"wp:featuredmedia":[{"embeddable":true,"href":"https:\/\/szaszkogabriella.com\/index.php\/wp-json\/wp\/v2\/media\/1880"}],"wp:attachment":[{"href":"https:\/\/szaszkogabriella.com\/index.php\/wp-json\/wp\/v2\/media?parent=1879"}],"wp:term":[{"taxonomy":"category","embeddable":true,"href":"https:\/\/szaszkogabriella.com\/index.php\/wp-json\/wp\/v2\/categories?post=1879"},{"taxonomy":"post_tag","embeddable":true,"href":"https:\/\/szaszkogabriella.com\/index.php\/wp-json\/wp\/v2\/tags?post=1879"}],"curies":[{"name":"wp","href":"https:\/\/api.w.org\/{rel}","templated":true}]}}