{"id":2542,"date":"2019-02-01T17:56:34","date_gmt":"2019-02-01T16:56:34","guid":{"rendered":"http:\/\/szaszkogabriella.com\/?p=2542"},"modified":"2019-02-01T17:56:34","modified_gmt":"2019-02-01T16:56:34","slug":"vigyazz-ram-zenelista","status":"publish","type":"post","link":"https:\/\/szaszkogabriella.com\/index.php\/hu\/2019\/02\/01\/vigyazz-ram-zenelista\/","title":{"rendered":"Vigy\u00e1zz r\u00e1m zenelista"},"content":{"rendered":"<p>\u00dagy fest, \u00e9vr\u0151l \u00e9vre kor\u00e1bban publik\u00e1lom a reg\u00e9nyeimhez tartoz\u00f3 zen\u00e9ket a blogra. Mes\u00e9ltem m\u00e1r nektek, hogy \u00e9n is nagy zenefogyaszt\u00f3 vagyok \u00edr\u00e1s k\u00f6zben, ez term\u00e9szetesen egy\u00e1ltal\u00e1n nem v\u00e1ltozott, s\u0151t. A Vigy\u00e1zz r\u00e1m-hoz ez\u00e9rt m\u00e1r egy 100 sz\u00e1mot tartalmaz\u00f3 Spotify zenelista tartozik, ami \u00f6sszesen hat \u00f3ra negyvenk\u00e9t percnyi anyagot foglal mag\u00e1ban. Hogyha lemaradtatok volna, a<a href=\"http:\/\/szaszkogabriella.com\/index.php\/hu\/2017\/05\/08\/maradj-velem-zenelista\/\"> Maradj velem<\/a> vagy a <a href=\"http:\/\/szaszkogabriella.com\/index.php\/hu\/2018\/03\/16\/beszelj-hozzam-zenelista\/\">Besz\u00e9lj hozz\u00e1m<\/a> zenelist\u00e1ir\u00f3l, akkor a c\u00edmre kattintva megismerhetitek azokat is \ud83d\ude42<\/p>\n<p><a href=\"https:\/\/i1.wp.com\/szaszkogabriella.com\/wp-content\/uploads\/2019\/02\/IMG_7662_02_rawexport_edited-2.jpg\"><img data-attachment-id=\"2543\" data-permalink=\"https:\/\/szaszkogabriella.com\/index.php\/hu\/2019\/02\/01\/vigyazz-ram-zenelista\/img_7662_02_rawexport_edited-2\/\" data-orig-file=\"https:\/\/i1.wp.com\/szaszkogabriella.com\/wp-content\/uploads\/2019\/02\/IMG_7662_02_rawexport_edited-2.jpg?fit=4085%2C1959&amp;ssl=1\" data-orig-size=\"4085,1959\" data-comments-opened=\"1\" data-image-meta=\"{&quot;aperture&quot;:&quot;8&quot;,&quot;credit&quot;:&quot;Derick Chen Yuran&quot;,&quot;camera&quot;:&quot;Canon EOS 7D&quot;,&quot;caption&quot;:&quot;&quot;,&quot;created_timestamp&quot;:&quot;1531467992&quot;,&quot;copyright&quot;:&quot;&quot;,&quot;focal_length&quot;:&quot;19&quot;,&quot;iso&quot;:&quot;400&quot;,&quot;shutter_speed&quot;:&quot;0.003125&quot;,&quot;title&quot;:&quot;&quot;,&quot;orientation&quot;:&quot;1&quot;}\" data-image-title=\"IMG_7662_02_rawexport_edited (2)\" data-image-description=\"\" data-medium-file=\"https:\/\/i1.wp.com\/szaszkogabriella.com\/wp-content\/uploads\/2019\/02\/IMG_7662_02_rawexport_edited-2.jpg?fit=300%2C144&amp;ssl=1\" data-large-file=\"https:\/\/i1.wp.com\/szaszkogabriella.com\/wp-content\/uploads\/2019\/02\/IMG_7662_02_rawexport_edited-2.jpg?fit=560%2C269&amp;ssl=1\" decoding=\"async\" loading=\"lazy\" class=\"aligncenter size-full wp-image-2543\" src=\"https:\/\/i1.wp.com\/szaszkogabriella.com\/wp-content\/uploads\/2019\/02\/IMG_7662_02_rawexport_edited-2.jpg?resize=560%2C269\" alt=\"\" width=\"560\" height=\"269\" srcset=\"https:\/\/i1.wp.com\/szaszkogabriella.com\/wp-content\/uploads\/2019\/02\/IMG_7662_02_rawexport_edited-2.jpg?w=4085&amp;ssl=1 4085w, https:\/\/i1.wp.com\/szaszkogabriella.com\/wp-content\/uploads\/2019\/02\/IMG_7662_02_rawexport_edited-2.jpg?resize=300%2C144&amp;ssl=1 300w, https:\/\/i1.wp.com\/szaszkogabriella.com\/wp-content\/uploads\/2019\/02\/IMG_7662_02_rawexport_edited-2.jpg?resize=768%2C368&amp;ssl=1 768w, https:\/\/i1.wp.com\/szaszkogabriella.com\/wp-content\/uploads\/2019\/02\/IMG_7662_02_rawexport_edited-2.jpg?resize=1024%2C491&amp;ssl=1 1024w, https:\/\/i1.wp.com\/szaszkogabriella.com\/wp-content\/uploads\/2019\/02\/IMG_7662_02_rawexport_edited-2.jpg?w=1120 1120w, https:\/\/i1.wp.com\/szaszkogabriella.com\/wp-content\/uploads\/2019\/02\/IMG_7662_02_rawexport_edited-2.jpg?w=1680 1680w\" sizes=\"(max-width: 560px) 100vw, 560px\" data-recalc-dims=\"1\" \/><\/a><\/p>\n<p>Mindenk\u00e9ppen szeretn\u00e9k azzal is hagyom\u00e1nyt teremteni, hogy \u00edrok egy kicsit p\u00e1r kiemelt dalr\u00f3l (b\u00e1r sz\u00e1z sz\u00e1m k\u00f6z\u00f6tt m\u00e1r egyre nehezebb volt kiv\u00e1lasztani azokat, amelyek kifejezetten kapcsol\u00f3dnak egy-egy jelenthez, de mindenk\u00e9ppen megpr\u00f3b\u00e1lkozom ezzel is).<\/p>\n<p>Most is szeretn\u00e9m az id\u00e9zetekkel kezdeni a r\u00e9szek elej\u00e9n. \u00dagy fest, sz\u00e1momra m\u00e1r hagyom\u00e1ny, hogy zenesz\u00e1mokat rakok a r\u00e9szek elej\u00e9re, amelyek kifejezik a reg\u00e9ny hangulat\u00e1t.<\/p>\n<p>Az els\u0151 r\u00e9szhez egy Kid Rock sz\u00e1mot csatoltam, ami a Picture c\u00edmet viseli. A Kid Rock sz\u00e1mok egy\u00e9bk\u00e9nt is t\u00f6k\u00e9letesen illenek az amerikai hangulathoz, de ez mindenk\u00e9ppen kapcsol\u00f3dik a reg\u00e9ny elej\u00e9hez.<\/p>\n<div style=\"text-align: center;\"><em>Living my life in a slow hell<\/em><br \/>\n<em>Different girl every night at the hotel<\/em><br \/>\n<em>I ain&#8217;t seen the sunshine in three damn days<\/em><br \/>\n<em>Been fueling up on cocaine and whisky<\/em><br \/>\n<em>Wish I had a good girl to miss me<\/em><br \/>\n<em>Oh Lord I wonder if I&#8217;ll ever change my ways<\/em><\/div>\n<div style=\"text-align: center;\"><em>I put your picture away<\/em><br \/>\n<em>Sat down and cried today<\/em><br \/>\n<em>I can&#8217;t look at you<\/em><br \/>\n<em>While I&#8217;m lying next to her<\/em><br \/>\n<em>I put your picture away<\/em><br \/>\n<em>Sat down and cried today<\/em><br \/>\n<em>I can&#8217;t look at you while I&#8217;m lying next to her<\/em><\/div>\n<div><\/div>\n<p><span class=\"embed-youtube\" style=\"text-align:center; display: block;\"><iframe class='youtube-player' width='560' height='315' src='https:\/\/www.youtube.com\/embed\/rKFx0MMqb48?version=3&#038;rel=1&#038;showsearch=0&#038;showinfo=1&#038;iv_load_policy=1&#038;fs=1&#038;hl=en-US&#038;autohide=2&#038;wmode=transparent' allowfullscreen='true' style='border:0;' sandbox='allow-scripts allow-same-origin allow-popups allow-presentation'><\/iframe><\/span><\/p>\n<p>A m\u00e1sodik sz\u00e1m,\u00a0Matt Nathanson: Heartbreak Worldje sokkal l\u00e1gyabb hangulatot t\u00fckr\u00f6z, ennek a sz\u00f6vege tetszett meg annyira, hogy beker\u00fclt a m\u00e1sodik r\u00e9sz elej\u00e9re. Persze \u00edr\u00e1s k\u00f6zben is hallgattam rengeteget.<\/p>\n<p style=\"text-align: center;\"><em>Lets all pack up and move this year<\/em><br \/>\n<em>Slips the liars and disappear<\/em><br \/>\n<em>Leave memories for auctioneers<\/em><br \/>\n<em>And those just standing still<\/em><br \/>\n<em>They\u2019ll miss the taste of wanting you<\/em><br \/>\n<em>Call out your name like I still do<\/em><br \/>\n<em>But they never said a word that\u2019s true<\/em><br \/>\n<em>And they only hold you down<\/em><\/p>\n<p><span class=\"embed-youtube\" style=\"text-align:center; display: block;\"><iframe class='youtube-player' width='560' height='315' src='https:\/\/www.youtube.com\/embed\/Qrvtf5LrQTk?version=3&#038;rel=1&#038;showsearch=0&#038;showinfo=1&#038;iv_load_policy=1&#038;fs=1&#038;hl=en-US&#038;autohide=2&#038;wmode=transparent' allowfullscreen='true' style='border:0;' sandbox='allow-scripts allow-same-origin allow-popups allow-presentation'><\/iframe><\/span><\/p>\n<p>A harmadik r\u00e9sz sz\u00e1ma A beavatott zen\u00e9je, ide a Snow Partol I won&#8217;t let you go c\u00edm\u0171 sz\u00e1m\u00e1t v\u00e1lasztottam. Szerettem az emelkedett hangulat\u00e1t az \u00edr\u00e1s k\u00f6zben.<\/p>\n<p style=\"text-align: center;\"><em>No one can ever follow<\/em><br \/>\n<em>No one can ever know<\/em><br \/>\n<em>Wind up the spinning top and watch it go, watch it go<\/em><br \/>\n<em>Never gonna be easy, was it?<\/em><br \/>\n<em>You didn\u2019t think it\u2019d be so much fun<\/em><br \/>\n<em>Smile comes despite the danger get some get some<\/em><br \/>\n<em>There\u2019s something happening here<\/em><br \/>\n<em>There\u2019s something here that I just can\u2019t explain<\/em><br \/>\n<em>I know I\u2019m where I belong<\/em><br \/>\n<em>Deep down inside I am no longer lost!<\/em><\/p>\n<p><span class=\"embed-youtube\" style=\"text-align:center; display: block;\"><iframe class='youtube-player' width='560' height='315' src='https:\/\/www.youtube.com\/embed\/plUTOMoUsxA?version=3&#038;rel=1&#038;showsearch=0&#038;showinfo=1&#038;iv_load_policy=1&#038;fs=1&#038;hl=en-US&#038;autohide=2&#038;wmode=transparent' allowfullscreen='true' style='border:0;' sandbox='allow-scripts allow-same-origin allow-popups allow-presentation'><\/iframe><\/span><\/p>\n<p>Az utols\u00f3 el\u0151tti r\u00e9szhez Avicii Hey Brother c\u00edm\u0171 sz\u00e1m\u00e1t v\u00e1lasztottam, amit szint\u00e9n milli\u00f3szor hallgattam meg az \u00edr\u00e1s k\u00f6zben.<\/p>\n<p style=\"text-align: center;\"><em>Hey brother! There\u2019s an endless road to rediscover<\/em><br \/>\n<em>Hey sister! Know the water\u2019s sweet but blood is thicker<\/em><br \/>\n<em>Oh, if the sky comes falling down, for you<\/em><br \/>\n<em>There\u2019s nothing in this world I wouldn\u2019t do<\/em><br \/>\n<em>Hey brother! Do you still believe in one another?<\/em><br \/>\n<em>Hey sister! Do you still believe in love? I wonder<\/em><br \/>\n<em>Oh, if the sky comes falling down, for you<\/em><br \/>\n<em>There\u2019s nothing in this world I wouldn\u2019t do<\/em><\/p>\n<p><span class=\"embed-youtube\" style=\"text-align:center; display: block;\"><iframe class='youtube-player' width='560' height='315' src='https:\/\/www.youtube.com\/embed\/YxIiPLVR6NA?version=3&#038;rel=1&#038;showsearch=0&#038;showinfo=1&#038;iv_load_policy=1&#038;fs=1&#038;hl=en-US&#038;autohide=2&#038;wmode=transparent' allowfullscreen='true' style='border:0;' sandbox='allow-scripts allow-same-origin allow-popups allow-presentation'><\/iframe><\/span><\/p>\n<p>Az utols\u00f3 sz\u00e1m azt hiszem, a legk\u00fcl\u00f6nlegesebb sz\u00e1momra, hiszen ez az, amit egym\u00e1s ut\u00e1n ezerszer hallgattam meg, amikor ny\u00e1ron, az erk\u00e9lyen befejeztem a k\u00f6nyvet. Az utols\u00f3 jelenet nagyon sokat jelent nekem, az mindenk\u00e9ppen ennek a sz\u00e1mnak a hat\u00e1s\u00e1t t\u00fckr\u00f6zi. Ez egy\u00e9bk\u00e9nt a Soul Surfer c\u00edm\u0171 filmnek a zen\u00e9je, amit mindenkinek nagy szeretettel aj\u00e1nlok! Nekem ez a sz\u00e1m feloldoz\u00e1st jelentett.<\/p>\n<p style=\"text-align: center;\"><em>Tonight you\u2019re letting go, under the burning glow<\/em><br \/>\n<em>We\u2019re too young to hold this all on our own<\/em><br \/>\n<em>All that came and went riding them by the winds<\/em><br \/>\n<em>Blowing through the trees, she could feel it on her skin<\/em><br \/>\n<em>Walking the lost streets, no one ever shares<\/em><br \/>\n<em>Cry yourself to sleep, waiting on a little prayer<\/em><br \/>\n<em>Bags are by the door, hearts are on the floor<\/em><br \/>\n<em>There\u2019s a bottle of tears on the dresser drawer<\/em><br \/>\n<em>Nobody knows the trouble we\u2019ve seen<\/em><br \/>\n<em>Nobody knows the price of this dream<\/em><br \/>\n<em>And nobody knows what it took to believe<\/em><br \/>\n<em>Nobody<\/em><\/p>\n<p><span class=\"embed-youtube\" style=\"text-align:center; display: block;\"><iframe class='youtube-player' width='560' height='315' src='https:\/\/www.youtube.com\/embed\/AOSug59VH6Y?version=3&#038;rel=1&#038;showsearch=0&#038;showinfo=1&#038;iv_load_policy=1&#038;fs=1&#038;hl=en-US&#038;autohide=2&#038;wmode=transparent' allowfullscreen='true' style='border:0;' sandbox='allow-scripts allow-same-origin allow-popups allow-presentation'><\/iframe><\/span><\/p>\n<p>Ezen k\u00edv\u00fcl m\u00e9g musz\u00e1j egy-k\u00e9t b\u00f3nusz sz\u00e1mmal szolg\u00e1lnom.\u00a0 A Like a G6 nagy David inspir\u00e1l\u00f3 volt, <del>f\u0151leg ezzel a klippel k\u00f6r\u00edtve.\u00a0<\/del><\/p>\n<p><span class=\"embed-youtube\" style=\"text-align:center; display: block;\"><iframe class='youtube-player' width='560' height='315' src='https:\/\/www.youtube.com\/embed\/Hv1Curh_aKc?version=3&#038;rel=1&#038;showsearch=0&#038;showinfo=1&#038;iv_load_policy=1&#038;fs=1&#038;hl=en-US&#038;autohide=2&#038;wmode=transparent' allowfullscreen='true' style='border:0;' sandbox='allow-scripts allow-same-origin allow-popups allow-presentation'><\/iframe><\/span><\/p>\n<p>Davidet \u00edrva egy\u00e9bk\u00e9nt is nagyon sok elektronikus zen\u00e9t \u00e9s dubsteppet hallgattam \ud83d\ude00 Apuk\u00e1m biztos nem lenne r\u00e1m b\u00fcszke, de ez is egy tipikus David zene:<\/p>\n<p><span class=\"embed-youtube\" style=\"text-align:center; display: block;\"><iframe class='youtube-player' width='560' height='315' src='https:\/\/www.youtube.com\/embed\/zqTWtX6dQFs?version=3&#038;rel=1&#038;showsearch=0&#038;showinfo=1&#038;iv_load_policy=1&#038;fs=1&#038;hl=en-US&#038;autohide=2&#038;wmode=transparent' allowfullscreen='true' style='border:0;' sandbox='allow-scripts allow-same-origin allow-popups allow-presentation'><\/iframe><\/span><\/p>\n<p>A teljes list\u00e1t ide kattintva hallgathatj\u00e1tok meg:<\/p>\n<p><iframe loading=\"lazy\" src=\"https:\/\/open.spotify.com\/embed\/user\/11132264364\/playlist\/1Npku5gKsP6Vtdji0C3pT3\" width=\"300\" height=\"380\" frameborder=\"0\"><\/iframe><\/p>\n","protected":false},"excerpt":{"rendered":"<p>\u00dagy fest, \u00e9vr\u0151l \u00e9vre kor\u00e1bban publik\u00e1lom a reg\u00e9nyeimhez tartoz\u00f3 zen\u00e9ket a blogra. Mes\u00e9ltem m\u00e1r nektek, hogy \u00e9n is nagy zenefogyaszt\u00f3 vagyok \u00edr\u00e1s k\u00f6zben, ez term\u00e9szetesen egy\u00e1ltal\u00e1n nem v\u00e1ltozott, s\u0151t. A Vigy\u00e1zz r\u00e1m-hoz ez\u00e9rt m\u00e1r egy 100 sz\u00e1mot tartalmaz\u00f3 Spotify zenelista &hellip; <a class=\"more-link\" href=\"https:\/\/szaszkogabriella.com\/index.php\/hu\/2019\/02\/01\/vigyazz-ram-zenelista\/\">Continue reading <span class=\"meta-nav\">&rarr;<\/span><\/a><\/p>\n","protected":false},"author":1,"featured_media":2543,"comment_status":"open","ping_status":"open","sticky":false,"template":"","format":"standard","meta":{"spay_email":"","jetpack_publicize_message":"","jetpack_is_tweetstorm":false},"categories":[1904,2140],"tags":[33,1886,81,1830],"yoast_head":"<!-- This site is optimized with the Yoast SEO plugin v16.2 - https:\/\/yoast.com\/wordpress\/plugins\/seo\/ -->\n<meta name=\"robots\" content=\"index, follow, max-snippet:-1, max-image-preview:large, max-video-preview:-1\" \/>\n<link rel=\"canonical\" href=\"http:\/\/szaszkogabriella.com\/index.php\/hu\/2019\/02\/01\/vigyazz-ram-zenelista\/\" \/>\n<meta property=\"og:locale\" content=\"en_US\" \/>\n<meta property=\"og:type\" content=\"article\" \/>\n<meta property=\"og:title\" content=\"Vigy\u00e1zz r\u00e1m zenelista - Szaszk\u00f3 Gabriella\" \/>\n<meta property=\"og:description\" content=\"\u00dagy fest, \u00e9vr\u0151l \u00e9vre kor\u00e1bban publik\u00e1lom a reg\u00e9nyeimhez tartoz\u00f3 zen\u00e9ket a blogra. Mes\u00e9ltem m\u00e1r nektek, hogy \u00e9n is nagy zenefogyaszt\u00f3 vagyok \u00edr\u00e1s k\u00f6zben, ez term\u00e9szetesen egy\u00e1ltal\u00e1n nem v\u00e1ltozott, s\u0151t. A Vigy\u00e1zz r\u00e1m-hoz ez\u00e9rt m\u00e1r egy 100 sz\u00e1mot tartalmaz\u00f3 Spotify zenelista &hellip; Continue reading &rarr;\" \/>\n<meta property=\"og:url\" content=\"http:\/\/szaszkogabriella.com\/index.php\/hu\/2019\/02\/01\/vigyazz-ram-zenelista\/\" \/>\n<meta property=\"og:site_name\" content=\"Szaszk\u00f3 Gabriella\" \/>\n<meta property=\"article:author\" content=\"https:\/\/www.facebook.com\/gabriellaszaszkoswriting\" \/>\n<meta property=\"article:published_time\" content=\"2019-02-01T16:56:34+00:00\" \/>\n<meta property=\"og:image\" content=\"https:\/\/i1.wp.com\/szaszkogabriella.com\/wp-content\/uploads\/2019\/02\/IMG_7662_02_rawexport_edited-2.jpg?fit=4085%2C1959\" \/>\n\t<meta property=\"og:image:width\" content=\"4085\" \/>\n\t<meta property=\"og:image:height\" content=\"1959\" \/>\n<meta name=\"twitter:card\" content=\"summary\" \/>\n<meta name=\"twitter:label1\" content=\"Est. reading time\">\n\t<meta name=\"twitter:data1\" content=\"5 minutes\">\n<script type=\"application\/ld+json\" class=\"yoast-schema-graph\">{\"@context\":\"https:\/\/schema.org\",\"@graph\":[{\"@type\":\"WebSite\",\"@id\":\"https:\/\/szaszkogabriella.com\/index.php\/en\/about-me\/#website\",\"url\":\"https:\/\/szaszkogabriella.com\/index.php\/en\/about-me\/\",\"name\":\"Szaszk\\u00f3 Gabriella\",\"description\":\"\",\"potentialAction\":[{\"@type\":\"SearchAction\",\"target\":\"https:\/\/szaszkogabriella.com\/index.php\/en\/about-me\/?s={search_term_string}\",\"query-input\":\"required name=search_term_string\"}],\"inLanguage\":\"en-US\"},{\"@type\":\"ImageObject\",\"@id\":\"http:\/\/szaszkogabriella.com\/index.php\/hu\/2019\/02\/01\/vigyazz-ram-zenelista\/#primaryimage\",\"inLanguage\":\"en-US\",\"url\":\"https:\/\/i1.wp.com\/szaszkogabriella.com\/wp-content\/uploads\/2019\/02\/IMG_7662_02_rawexport_edited-2.jpg?fit=4085%2C1959&ssl=1\",\"contentUrl\":\"https:\/\/i1.wp.com\/szaszkogabriella.com\/wp-content\/uploads\/2019\/02\/IMG_7662_02_rawexport_edited-2.jpg?fit=4085%2C1959&ssl=1\",\"width\":4085,\"height\":1959},{\"@type\":\"WebPage\",\"@id\":\"http:\/\/szaszkogabriella.com\/index.php\/hu\/2019\/02\/01\/vigyazz-ram-zenelista\/#webpage\",\"url\":\"http:\/\/szaszkogabriella.com\/index.php\/hu\/2019\/02\/01\/vigyazz-ram-zenelista\/\",\"name\":\"Vigy\\u00e1zz r\\u00e1m zenelista - Szaszk\\u00f3 Gabriella\",\"isPartOf\":{\"@id\":\"https:\/\/szaszkogabriella.com\/index.php\/en\/about-me\/#website\"},\"primaryImageOfPage\":{\"@id\":\"http:\/\/szaszkogabriella.com\/index.php\/hu\/2019\/02\/01\/vigyazz-ram-zenelista\/#primaryimage\"},\"datePublished\":\"2019-02-01T16:56:34+00:00\",\"dateModified\":\"2019-02-01T16:56:34+00:00\",\"author\":{\"@id\":\"https:\/\/szaszkogabriella.com\/index.php\/en\/about-me\/#\/schema\/person\/f1bfdb90405c070d18b4cda6cb2d97e7\"},\"breadcrumb\":{\"@id\":\"http:\/\/szaszkogabriella.com\/index.php\/hu\/2019\/02\/01\/vigyazz-ram-zenelista\/#breadcrumb\"},\"inLanguage\":\"en-US\",\"potentialAction\":[{\"@type\":\"ReadAction\",\"target\":[\"http:\/\/szaszkogabriella.com\/index.php\/hu\/2019\/02\/01\/vigyazz-ram-zenelista\/\"]}]},{\"@type\":\"BreadcrumbList\",\"@id\":\"http:\/\/szaszkogabriella.com\/index.php\/hu\/2019\/02\/01\/vigyazz-ram-zenelista\/#breadcrumb\",\"itemListElement\":[{\"@type\":\"ListItem\",\"position\":1,\"item\":{\"@type\":\"WebPage\",\"@id\":\"https:\/\/szaszkogabriella.com\/index.php\/en\/about-me\/\",\"url\":\"https:\/\/szaszkogabriella.com\/index.php\/en\/about-me\/\",\"name\":\"Home\"}},{\"@type\":\"ListItem\",\"position\":2,\"item\":{\"@id\":\"http:\/\/szaszkogabriella.com\/index.php\/hu\/2019\/02\/01\/vigyazz-ram-zenelista\/#webpage\"}}]},{\"@type\":\"Person\",\"@id\":\"https:\/\/szaszkogabriella.com\/index.php\/en\/about-me\/#\/schema\/person\/f1bfdb90405c070d18b4cda6cb2d97e7\",\"name\":\"Gabriella\",\"image\":{\"@type\":\"ImageObject\",\"@id\":\"https:\/\/szaszkogabriella.com\/index.php\/en\/about-me\/#personlogo\",\"inLanguage\":\"en-US\",\"url\":\"https:\/\/secure.gravatar.com\/avatar\/ed8f7419b959f303647d2997795ba3b4?s=96&d=mm&r=g\",\"contentUrl\":\"https:\/\/secure.gravatar.com\/avatar\/ed8f7419b959f303647d2997795ba3b4?s=96&d=mm&r=g\",\"caption\":\"Gabriella\"},\"sameAs\":[\"http:\/\/szaszkogabriella.com\/\",\"https:\/\/www.facebook.com\/gabriellaszaszkoswriting\"]}]}<\/script>\n<!-- \/ Yoast SEO plugin. -->","jetpack_featured_media_url":"https:\/\/i1.wp.com\/szaszkogabriella.com\/wp-content\/uploads\/2019\/02\/IMG_7662_02_rawexport_edited-2.jpg?fit=4085%2C1959&ssl=1","jetpack_publicize_connections":[],"jetpack_sharing_enabled":true,"jetpack_shortlink":"https:\/\/wp.me\/p6aBpy-F0","jetpack_likes_enabled":true,"jetpack-related-posts":[{"id":2082,"url":"https:\/\/szaszkogabriella.com\/index.php\/hu\/2018\/03\/16\/beszelj-hozzam-zenelista\/","url_meta":{"origin":2542,"position":0},"title":"Besz\u00e9lj hozz\u00e1m zenelista","date":"March 16, 2018","format":false,"excerpt":"M\u00e1r kor\u00e1bban a Facebookon meg\u00edg\u00e9rtem nektek, hogy a Besz\u00e9lj hozz\u00e1m-hoz is fogok csatolni egy zenelist\u00e1t. Ezt m\u00e1r n\u00e1lam tekinthetj\u00fck hagyom\u00e1nynak is, hiszen a Maradj velem-hez is sz\u00fcletett egy ilyen bejegyz\u00e9s (ide kattintva el is \u00e9rhetitek), ugyan abban \u00e9pp arr\u00f3l panaszkodtam, hogy a Maradj velem-es zen\u00e9im java bizony elveszett. Szerencs\u00e9re ez\u00a0\u2026","rel":"","context":"In &quot;Besz\u00e9lj hozz\u00e1m&quot;","img":{"alt_text":"","src":"https:\/\/i1.wp.com\/szaszkogabriella.com\/wp-content\/uploads\/2018\/03\/musicBH.jpg?fit=1200%2C837&ssl=1&resize=350%2C200","width":350,"height":200},"classes":[]},{"id":2289,"url":"https:\/\/szaszkogabriella.com\/index.php\/hu\/2018\/08\/06\/10-erdekes-teny-vigyazz-ram-rol\/","url_meta":{"origin":2542,"position":1},"title":"10 \u00e9rdekes t\u00e9ny a Vigy\u00e1zz r\u00e1m-r\u00f3l","date":"August 6, 2018","format":false,"excerpt":"\u00dagy gondoltam, hogy \u00e9rdemes hagyom\u00e1nyt teremtenem a tavalyi bejegyz\u00e9semmel, ez\u00e9rt most \u00edgy a ny\u00e1r k\u00f6zep\u00e9re hoztam nektek t\u00edz \u00e9rdekes t\u00e9nyt a Vigy\u00e1zz r\u00e1m-r\u00f3l. Ha esetleg nem olvast\u00e1tok volna m\u00e9g a Besz\u00e9lj hozz\u00e1m-ot, akkor kattintsatok ide, hogy elolvashass\u00e1tok azokat az \u00e9rdekess\u00e9geket is. Rem\u00e9lem, hogy a bejegyz\u00e9s m\u00e9g jobban felkelti majd az\u2026","rel":"","context":"In &quot;Pennington-testv\u00e9rek&quot;","img":{"alt_text":"","src":"https:\/\/i0.wp.com\/szaszkogabriella.com\/wp-content\/uploads\/2018\/08\/e504164854fcda89db0116311f5f86c8f6eb5979.png_facebook.png?fit=1200%2C630&ssl=1&resize=350%2C200","width":350,"height":200},"classes":[]},{"id":1721,"url":"https:\/\/szaszkogabriella.com\/index.php\/hu\/2017\/05\/08\/maradj-velem-zenelista\/","url_meta":{"origin":2542,"position":2},"title":"Maradj velem zenelista","date":"May 8, 2017","format":false,"excerpt":"Azt hiszem, szinte minden \u00edr\u00f3nak sz\u00fcks\u00e9ge van zen\u00e9re az alkot\u00e1shoz. N\u00e1lam az \u00edr\u00e1s elengedhetetlen kell\u00e9kei a k\u00e1v\u00e9, a Pinterest \u00e9s persze a Spotify\/YouTube. A Maradj velem m\u00e9g 2012-ben \u00edr\u00f3dott, akkor m\u00e9g nem haszn\u00e1ltam a t\u00e9nyleg iszonyatosan hasznos Spotifyt, \u00edgy a Maradj velem-es dalok jav\u00e1t sajnos el is vesz\u00edtettem, de ut\u00f3lag\u2026","rel":"","context":"In &quot;\u00cdr\u00e1sr\u00f3l&quot;","img":{"alt_text":"","src":"https:\/\/i2.wp.com\/szaszkogabriella.com\/wp-content\/uploads\/2017\/05\/large.jpg?fit=500%2C750&ssl=1&resize=350%2C200","width":350,"height":200},"classes":[]},{"id":2439,"url":"https:\/\/szaszkogabriella.com\/index.php\/hu\/2018\/11\/06\/vigyazz-ram-borito-es-fulszoveg\/","url_meta":{"origin":2542,"position":3},"title":"Vigy\u00e1zz r\u00e1m bor\u00edt\u00f3 \u00e9s f\u00fclsz\u00f6veg","date":"November 6, 2018","format":false,"excerpt":"\u00d6r\u00f6mmel jelentem be, hogy meg\u00e9rkezett ma hozz\u00e1m a v\u00e9gleges Vigy\u00e1zz r\u00e1m bor\u00edt\u00f3 \u00e9s f\u00fclsz\u00f6veg. Hogyha szemf\u00fclesek voltatok, akkor m\u00e1r l\u00e1thatt\u00e1tok Veronika's Readers Feeder blogj\u00e1n, az \u00cdr\u00e1saim t\u00e1rh\u00e1za blogon \u00e9s K\u00f6nyvm\u00e1nia blogon a bor\u00edt\u00f3t, de az\u00e9rt most \u00e9n is elhoztam nektek a bor\u00edt\u00f3t \u00e9s a f\u00fclsz\u00f6veget is ;) A megjelen\u00e9s d\u00e1tuma:\u2026","rel":"","context":"In &quot;Pennington-testv\u00e9rek&quot;","img":{"alt_text":"","src":"https:\/\/i0.wp.com\/szaszkogabriella.com\/wp-content\/uploads\/2018\/11\/teljcover..jpg?fit=832%2C584&ssl=1&resize=350%2C200","width":350,"height":200},"classes":[]},{"id":2483,"url":"https:\/\/szaszkogabriella.com\/index.php\/hu\/2018\/12\/11\/vigyazz-ram-konyvbemutatos-beszamolo\/","url_meta":{"origin":2542,"position":4},"title":"Vigy\u00e1zz r\u00e1m k\u00f6nyvbemutat\u00f3s besz\u00e1mol\u00f3","date":"December 11, 2018","format":false,"excerpt":"Tegnap tartottuk a Vigy\u00e1zz r\u00e1m k\u00f6nyvbemutat\u00f3j\u00e1t a Malom Libri k\u00f6nyvesboltban. El\u0151re is mindenkinek meg szeretn\u00e9m k\u00f6sz\u00f6nni, aki elj\u00f6tt, \u00e9s velem egy\u00fctt \u00fcnnepelte a harmadik k\u00f6nyvem megjelen\u00e9s\u00e9t. T\u00e9nyleg hihetetlen \u00e9rz\u00e9s, hogy 2016 \u00f3ta mennyit v\u00e1ltozott az \u00e9letem, \u00e9s hogy v\u00e9gre egyben is l\u00e1thatom ezt a k\u00f6nyvsorozatot, ami annyira fontos nekem. K\u00f6sz\u00f6n\u00f6k\u2026","rel":"","context":"In &quot;Pennington-testv\u00e9rek&quot;","img":{"alt_text":"","src":"https:\/\/i0.wp.com\/szaszkogabriella.com\/wp-content\/uploads\/2018\/12\/Untitled-design-1.jpg?fit=945%2C756&ssl=1&resize=350%2C200","width":350,"height":200},"classes":[]},{"id":2576,"url":"https:\/\/szaszkogabriella.com\/index.php\/hu\/2019\/02\/25\/hogy-is-keszult-a-vigyazz-ram-boritoja\/","url_meta":{"origin":2542,"position":5},"title":"Hogy is k\u00e9sz\u00fclt a Vigy\u00e1zz r\u00e1m bor\u00edt\u00f3ja?","date":"February 25, 2019","format":false,"excerpt":"\u00dagy gondoltam, a mostani heti blogbejegyz\u00e9semben egy kicsit besz\u00e9ln\u00e9k nektek a Vigy\u00e1zz r\u00e1m bor\u00edt\u00f3j\u00e1nak kalandos \u00fatj\u00e1r\u00f3l. Rem\u00e9lem, hogy \u00e9rdekesnek fogj\u00e1tok tal\u00e1lni a bejegyz\u00e9st, ahol extra k\u00e9peket is meg fogok veletek osztani! :) A t\u00f6rt\u00e9netet onnan ind\u00edtan\u00e1m, hogy nagyon egyszer\u0171 dolgom volt a Besz\u00e9lj hozz\u00e1m bor\u00edt\u00f3j\u00e1val kapcsolatban, ugyanis ugyanazon fot\u00f3snak volt\u2026","rel":"","context":"In &quot;Pennington-testv\u00e9rek&quot;","img":{"alt_text":"","src":"https:\/\/i1.wp.com\/szaszkogabriella.com\/wp-content\/uploads\/2019\/02\/statements_1205189.jpg?fit=1000%2C1000&ssl=1&resize=350%2C200","width":350,"height":200},"classes":[]}],"_links":{"self":[{"href":"https:\/\/szaszkogabriella.com\/index.php\/wp-json\/wp\/v2\/posts\/2542"}],"collection":[{"href":"https:\/\/szaszkogabriella.com\/index.php\/wp-json\/wp\/v2\/posts"}],"about":[{"href":"https:\/\/szaszkogabriella.com\/index.php\/wp-json\/wp\/v2\/types\/post"}],"author":[{"embeddable":true,"href":"https:\/\/szaszkogabriella.com\/index.php\/wp-json\/wp\/v2\/users\/1"}],"replies":[{"embeddable":true,"href":"https:\/\/szaszkogabriella.com\/index.php\/wp-json\/wp\/v2\/comments?post=2542"}],"version-history":[{"count":1,"href":"https:\/\/szaszkogabriella.com\/index.php\/wp-json\/wp\/v2\/posts\/2542\/revisions"}],"predecessor-version":[{"id":2544,"href":"https:\/\/szaszkogabriella.com\/index.php\/wp-json\/wp\/v2\/posts\/2542\/revisions\/2544"}],"wp:featuredmedia":[{"embeddable":true,"href":"https:\/\/szaszkogabriella.com\/index.php\/wp-json\/wp\/v2\/media\/2543"}],"wp:attachment":[{"href":"https:\/\/szaszkogabriella.com\/index.php\/wp-json\/wp\/v2\/media?parent=2542"}],"wp:term":[{"taxonomy":"category","embeddable":true,"href":"https:\/\/szaszkogabriella.com\/index.php\/wp-json\/wp\/v2\/categories?post=2542"},{"taxonomy":"post_tag","embeddable":true,"href":"https:\/\/szaszkogabriella.com\/index.php\/wp-json\/wp\/v2\/tags?post=2542"}],"curies":[{"name":"wp","href":"https:\/\/api.w.org\/{rel}","templated":true}]}}