{"id":3254,"date":"2020-08-13T16:06:14","date_gmt":"2020-08-13T15:06:14","guid":{"rendered":"http:\/\/szaszkogabriella.com\/?p=3254"},"modified":"2020-08-13T16:06:14","modified_gmt":"2020-08-13T15:06:14","slug":"irok-egymas-kozott-a-ketnyelvusegrol","status":"publish","type":"post","link":"https:\/\/szaszkogabriella.com\/index.php\/hu\/2020\/08\/13\/irok-egymas-kozott-a-ketnyelvusegrol\/","title":{"rendered":"\u00cdr\u00f3k egym\u00e1s k\u00f6z\u00f6tt: a k\u00e9tnyelv\u0171s\u00e9gr\u0151l"},"content":{"rendered":"<p style=\"text-align: justify;\">Az \u00cdr\u00f3k egym\u00e1s k\u00f6z\u00f6tt augusztusi t\u00e9m\u00e1ja sz\u00e1momra olyasmi, amir\u0151l azt hiszem, alig fog belef\u00e9rni egy blogbejegyz\u00e9sbe. Ugyanis most a <strong>k\u00e9tnyelv\u0171s\u00e9gr\u0151l<\/strong> fogunk besz\u00e9lni, a t\u00f6bb nyelven alkot\u00e1sr\u00f3l, a nyelvekkel val\u00f3 viszonyunkr\u00f3l. Ha \u00e9rdekel titeket Fanni, Kl\u00e1ri \u00e9s Emma bejegyz\u00e9se is a t\u00e9m\u00e1ban, kattintsatok a nev\u00fckre!<\/p>\n<p style=\"text-align: justify;\">Azt hiszem, igen t\u00e1volr\u00f3l kell kezdenem ezt a bejegyz\u00e9st. Mint tudj\u00e1tok, k\u00e9t nyelvet m\u0171velek napi szinten: a magyart \u00e9s az angolt. Az angollal igen r\u00e9gre ny\u00falik vissza a kapcsolatom, nyolc \u00e9ve \u00e9lek k\u00fclf\u00f6ld\u00f6n, de konkr\u00e9tan tizennyolc \u00e9ves korom \u00f3ta nem tanulom iskolapadban az angolt.\u00a0 Anyanyelvi k\u00f6rnyezetben viszont ann\u00e1l ink\u00e1bb. Angol szakos gimis voltam, akkor szereztem meg a k\u00f6z\u00e9pfok\u00fa nyelvvizsg\u00e1mat. Az egyetemen szakcikkeket kellett angolul olvasnom, azt\u00e1n <strong>Kanad\u00e1ba<\/strong> bele lettem dobva az anyanyelvi m\u00e9lyv\u00edzbe. El\u0151tte csak Pesten besz\u00e9lgettem turist\u00e1kkal, buliz\u00f3helyeken, fesztiv\u00e1lokon anyanyelv\u0171ekkel. Mindig felpezsd\u00edtett, ha haszn\u00e1lhattam az angolt, ez \u00edgy van a mai napig. Kanad\u00e1ban a konyh\u00e1n a t\u00fal\u00e9l\u00e9s\u00e9rt harcoltam, ez\u00e9rt a legkev\u00e9sb\u00e9 se az volt a legnagyobb gondom, hogy nyelvtanilag helyes mondatokat pr\u00f3b\u00e1ljak \u00f6sszerakni. Meg kellett \u00e9rtetni magam, meg akartam ismerni a Kanad\u00e1ban \u00e9l\u0151 munkat\u00e1rsaimat, \u00e9s ez hajtott el\u0151re. Szerintem ekkor adtam le azt, hogy f\u00e9ljek megsz\u00f3lalni. Egy ny\u00e1r alatt teljesen foly\u00e9konyan nyomtam a nyelvtanilag sok esetben nem helyes sz\u00f6vegemet.<\/p>\n<p><a href=\"https:\/\/i2.wp.com\/szaszkogabriella.com\/wp-content\/uploads\/2020\/08\/I-3-English.-760x400-1.jpg\"><img data-attachment-id=\"3255\" data-permalink=\"https:\/\/szaszkogabriella.com\/index.php\/hu\/2020\/08\/13\/irok-egymas-kozott-a-ketnyelvusegrol\/i-3-english-760x400\/\" data-orig-file=\"https:\/\/i2.wp.com\/szaszkogabriella.com\/wp-content\/uploads\/2020\/08\/I-3-English.-760x400-1.jpg?fit=760%2C400&amp;ssl=1\" data-orig-size=\"760,400\" data-comments-opened=\"1\" data-image-meta=\"{&quot;aperture&quot;:&quot;0&quot;,&quot;credit&quot;:&quot;&quot;,&quot;camera&quot;:&quot;&quot;,&quot;caption&quot;:&quot;&quot;,&quot;created_timestamp&quot;:&quot;0&quot;,&quot;copyright&quot;:&quot;&quot;,&quot;focal_length&quot;:&quot;0&quot;,&quot;iso&quot;:&quot;0&quot;,&quot;shutter_speed&quot;:&quot;0&quot;,&quot;title&quot;:&quot;&quot;,&quot;orientation&quot;:&quot;0&quot;}\" data-image-title=\"I-3-English.-760&#215;400\" data-image-description=\"\" data-medium-file=\"https:\/\/i2.wp.com\/szaszkogabriella.com\/wp-content\/uploads\/2020\/08\/I-3-English.-760x400-1.jpg?fit=300%2C158&amp;ssl=1\" data-large-file=\"https:\/\/i2.wp.com\/szaszkogabriella.com\/wp-content\/uploads\/2020\/08\/I-3-English.-760x400-1.jpg?fit=560%2C295&amp;ssl=1\" decoding=\"async\" loading=\"lazy\" class=\"aligncenter size-full wp-image-3255\" src=\"https:\/\/i2.wp.com\/szaszkogabriella.com\/wp-content\/uploads\/2020\/08\/I-3-English.-760x400-1.jpg?resize=560%2C295\" alt=\"\" width=\"560\" height=\"295\" srcset=\"https:\/\/i2.wp.com\/szaszkogabriella.com\/wp-content\/uploads\/2020\/08\/I-3-English.-760x400-1.jpg?w=760&amp;ssl=1 760w, https:\/\/i2.wp.com\/szaszkogabriella.com\/wp-content\/uploads\/2020\/08\/I-3-English.-760x400-1.jpg?resize=300%2C158&amp;ssl=1 300w\" sizes=\"(max-width: 560px) 100vw, 560px\" data-recalc-dims=\"1\" \/><\/a><\/p>\n<p style=\"text-align: justify;\"><strong>Lengyelorsz\u00e1gban<\/strong> azt\u00e1n v\u00e9gk\u00e9pp levetk\u0151ztem a f\u00e9lelmeimet, hiszen a legt\u00f6bb lengyel lak\u00f3t\u00e1rs, orvos, bolti elad\u00f3 jobban meg volt ijedve t\u0151lem, mint \u00e9n t\u0151l\u00fck. A lengyel lak\u00f3t\u00e1rsakkal kital\u00e1ltunk nem l\u00e9tez\u0151 szavakat a k\u00f6nnyed boldogul\u00e1s \u00e9rdek\u00e9ben (p\u00e9ld\u00e1ul Angli\u00e1ban j\u00f6ttem r\u00e1, hogy nem water heatert, hanem kettle-t kell keresnem az Amazonon). Azt\u00e1n j\u00f6tt az <strong>angliai m\u00e9lyv\u00edz<\/strong>, ahol az akcentus durva kih\u00edv\u00e1sokat okozott, sokszor a mai napig vissza-visszak\u00e9rdezek, de igaz\u00e1b\u00f3l mindennel boldogulok (most pszichol\u00f3gusom is van, az orvos el\u0151tt max sz\u00f3t\u00e1razni szoktam kicsit, ha valami extr\u00e1s gondom van), a bar\u00e1ti k\u00f6zegben pedig egy\u00e1ltal\u00e1n nem sz\u00e9gyellem a kiss\u00e9 fapadosabb angolomat. Fapadosabb, \u00f6sszehasonl\u00edtva a f\u00e9rjem\u00e9vel, aki az ELTE-n v\u00e9gzett alkalmazott nyelv\u00e9szeten, \u00e9s\u00a0 n\u00e9ha az anyanyelvi munkat\u00e1rsait is \u0151 jav\u00edtja ki. <del>Ez kicsit sem hoz kisebbs\u00e9gi \u00e9rz\u00e9st az \u00e9letembe.<\/del><\/p>\n<p style=\"text-align: justify;\">Na, ez az angol sz\u00f3beli r\u00e9sze. Ehhez k\u00e9pest a <strong>sz\u00f6veg\u00e9rt\u00e9sem<\/strong> \u00e9s a <strong>hall\u00e1sk\u00e9szs\u00e9gem<\/strong> sokkal jobb. H\u00fasz\u00e9ves korom \u00f3ta elutas\u00edtom a szinkronos filmeket, el\u0151sz\u00f6r f\u0151leg az\u00e9rt tettem ezt, mert nem voltam hajland\u00f3 addig v\u00e1rni, hogy szinkronosan n\u00e9zzek meg valamit, s\u0151t \u00e1ltal\u00e1ban m\u00e9g a magyar felirathoz sem volt t\u00fcrelmem. \u00cdgy j\u00f6tt az angol film \u00e9s sorozatn\u00e9z\u00e9s angol felirattal, ma m\u00e1r a legt\u00f6bbsz\u00f6r an\u00e9lk\u00fcl &#8211; b\u00e1r a t\u00e9v\u00e9nken be van nyomva a norm\u00e1l m\u0171soron a felirat, de nem igaz\u00e1n olvassuk. J\u00f6ttek a hangosk\u00f6nyvek \u00e9s az angol olvas\u00e1s, k\u00e9s\u0151bb &#8211; amikor m\u00e1r r\u00e1\u00e9bredtem, hogy javar\u00e9szt mindent meg\u00e9rtek -, j\u00f6tt a m\u0171ford\u00edt\u00e1s.<\/p>\n<p style=\"text-align: justify;\">Hozz\u00e1teszem, hogy a mai napig <strong>imposztorszindr\u00f3m\u00e1m<\/strong> van az angollal. A m\u0171ford\u00edt\u00e1s el\u0151tt hosszasan hezit\u00e1ltam, hogy szabadna-e csin\u00e1lnom, t\u00e9nyleg \u00e1t tudom-e j\u00f3l adni a sz\u00f6vegeket. Mindezt m\u00e1r p\u00e1r \u00e9v kontrollszerkeszt\u0151i tapasztalattal, ahol m\u00e1s ford\u00edt\u00f3k munk\u00e1it jav\u00edtottam. M\u00e1r kezdek egy kicsit magabiztosabb lenni, m\u00e1r r\u00e1 merek fek\u00fcdni a sz\u00f6vegekre, \u00e9s hagyni, hogy sodorjanak. De a mai napig bennem van az \u00e9rz\u00e9s, hogy hopp lef\u00fclelnek, hogy \u00e9n nem is tudok angolul. Ez tudom, az\u00e9rt is van, mert l\u00e1tom a lyukakat, f\u0151leg a sz\u00f6vegalkot\u00e1sban \u00e9s a besz\u00e9dben.\u00a0 R\u00e1ad\u00e1sul az anyanyelvi szinthez m\u00e9rem magam, nem m\u00e1shoz. Viszont nagyon j\u00f3l tudom, hogy rengeteg praktikus ismeretem van a borzalmasan sok angol olvas\u00e1s \u00e9s anyanyelvi k\u00f6rnyezetben elt\u00f6lt\u00f6tt id\u0151 miatt. Nagyon j\u00f3l ismerem az \u00e9teleket, ha angliai k\u00f6rnyezetben j\u00e1tsz\u00f3d\u00f3 reg\u00e9nyt ford\u00edtok, m\u00e1r \u00e9rzem a n\u00e9gy \u00e9v hat\u00e1s\u00e1t. R\u00e1ad\u00e1sul tal\u00e1n fogalmazni is tudok, hiszen \u00edr\u00e1s k\u00f6zben is pont ugyanezt teszem. Egy\u00e9bk\u00e9nt im\u00e1dom a m\u0171ford\u00edt\u00e1st, od\u00e1ig vagyok \u00e9rte, hogy egy teljes k\u00f6nyv magyarr\u00e1 form\u00e1l\u00f3dik a kezem alatt, \u00e9s olyanoknak is el\u00e9rhet\u0151v\u00e9 v\u00e1lik, akik nem ismerik a nyelvet.<\/p>\n<p style=\"text-align: justify;\">Viszont <strong>rengetegen k\u00e9rdezik t\u0151lem, hogy mi\u00e9rt nem \u00e9n ford\u00edtom le angolra a saj\u00e1t k\u00f6nyveimet, mi\u00e9rt nem ford\u00edtok magyarr\u00f3l angolra? Mi\u00e9rt nem \u00edrok angolul?<\/strong> \u00dagy \u00e9rzem, ez lesz m\u00e9g sz\u00e1momra az egyik legnagyobb \u00e9letfeladat, ugyanis nagyon szeretn\u00e9k angolul \u00edrni. Blogbejegyz\u00e9seket szoktam is, b\u00e1r erre is jobban r\u00e1 kellene gy\u00farnom, de \u00fagy \u00e9rzem, az \u00edr\u00e1sk\u00e9szs\u00e9gem s\u00e1nt\u00edt legjobban angolul. Van p\u00e1r eredetileg angolul \u00edrt novell\u00e1m, de \u00fagy \u00e9rzem, m\u00e9g nagyon hossz\u00fa \u00fat vezet oda, hogy angolul irodalmi szinten tudjak fogalmazni. Amikor magyarul \u00edrok, spont\u00e1n \u00e1ramlanak a gondolataim, \u00e9s \u00fagy \u00e9rzem, ha k\u00f6zben a nyelvtani szerkezeteken gondolkozom vagy esetleg a szavakon, teljesen megakad ez az \u00e1raml\u00e1s. \u00dagy \u00e9rzem viszont, el\u0151bb fogok eredetileg angolul \u00edrni, minthogy leford\u00edtgassam a novell\u00e1imat, reg\u00e9nyeimet. Az megint egy teljesen m\u00e1s munkam\u00f3d, ink\u00e1bb r\u00e1hagyom olyanokra, akik ebben igaz\u00e1n j\u00f3k. R\u00e1ad\u00e1sul \u00edr\u00e1sk\u00e9szs\u00e9gileg rettenetesen bizonytalan vagyok. Alig merek p\u00e1r mondatot posztolni angolul Instagramra an\u00e9lk\u00fcl, hogy a f\u00e9rjem ne ellen\u0151rizze le. Ami sz\u00f3ban nem \u00e9rdekel, felh\u00fazom r\u00e1 a v\u00e1llam, az \u00edr\u00e1sban megakaszt, idegess\u00e9 tesz. \u00dagy \u00e9rzem, vagy t\u00f6k\u00e9letesnek mutatom az angolomat \u00edr\u00e1sban vagy sehogy.\u00a0 Ez val\u00f3sz\u00edn\u0171leg onnan ered, hogy a magyar \u00edr\u00e1sban is ehhez vagyok szokva, ez az egyik legnagyobb er\u0151ss\u00e9gem. Sz\u00f3ban magyarul se vagyok olyan nagy sz\u00e1m. Nagyon j\u00f3l tudom, hogy ezen v\u00e1ltoztatnom kell, sokkal jobban el kellene engednem magam, de ehhez m\u00e9g hossz\u00fa \u00fat vezet.<\/p>\n<p><a href=\"https:\/\/i2.wp.com\/szaszkogabriella.com\/wp-content\/uploads\/2020\/08\/Improving-English-Language-Skills.jpg\"><img data-attachment-id=\"3256\" data-permalink=\"https:\/\/szaszkogabriella.com\/index.php\/hu\/2020\/08\/13\/irok-egymas-kozott-a-ketnyelvusegrol\/improving-english-language-skills\/\" data-orig-file=\"https:\/\/i2.wp.com\/szaszkogabriella.com\/wp-content\/uploads\/2020\/08\/Improving-English-Language-Skills.jpg?fit=870%2C500&amp;ssl=1\" data-orig-size=\"870,500\" data-comments-opened=\"1\" data-image-meta=\"{&quot;aperture&quot;:&quot;0&quot;,&quot;credit&quot;:&quot;&quot;,&quot;camera&quot;:&quot;&quot;,&quot;caption&quot;:&quot;&quot;,&quot;created_timestamp&quot;:&quot;0&quot;,&quot;copyright&quot;:&quot;&quot;,&quot;focal_length&quot;:&quot;0&quot;,&quot;iso&quot;:&quot;0&quot;,&quot;shutter_speed&quot;:&quot;0&quot;,&quot;title&quot;:&quot;&quot;,&quot;orientation&quot;:&quot;0&quot;}\" data-image-title=\"Improving-English-Language-Skills\" data-image-description=\"\" data-medium-file=\"https:\/\/i2.wp.com\/szaszkogabriella.com\/wp-content\/uploads\/2020\/08\/Improving-English-Language-Skills.jpg?fit=300%2C172&amp;ssl=1\" data-large-file=\"https:\/\/i2.wp.com\/szaszkogabriella.com\/wp-content\/uploads\/2020\/08\/Improving-English-Language-Skills.jpg?fit=560%2C322&amp;ssl=1\" decoding=\"async\" loading=\"lazy\" class=\"aligncenter size-full wp-image-3256\" src=\"https:\/\/i2.wp.com\/szaszkogabriella.com\/wp-content\/uploads\/2020\/08\/Improving-English-Language-Skills.jpg?resize=560%2C322\" alt=\"\" width=\"560\" height=\"322\" srcset=\"https:\/\/i2.wp.com\/szaszkogabriella.com\/wp-content\/uploads\/2020\/08\/Improving-English-Language-Skills.jpg?w=870&amp;ssl=1 870w, https:\/\/i2.wp.com\/szaszkogabriella.com\/wp-content\/uploads\/2020\/08\/Improving-English-Language-Skills.jpg?resize=300%2C172&amp;ssl=1 300w, https:\/\/i2.wp.com\/szaszkogabriella.com\/wp-content\/uploads\/2020\/08\/Improving-English-Language-Skills.jpg?resize=768%2C441&amp;ssl=1 768w\" sizes=\"(max-width: 560px) 100vw, 560px\" data-recalc-dims=\"1\" \/><\/a><\/p>\n<p style=\"text-align: justify;\">Sz\u00f3val, az<strong> akt\u00edvabb angol \u00edr\u00e1shoz<\/strong> m\u00e9g sokat kell gyakorolnom \u00e9s fejl\u0151dn\u00f6m, de mindenk\u00e9ppen ez a c\u00e9lom. Persze, a m\u0171ford\u00edt\u00e1s ebben is seg\u00edt, b\u0151v\u00edti a sz\u00f3kincsemet. De nagyon \u00e9rdekesen sz\u00edvom magamba az angol nyelvet manaps\u00e1g, mivel nyolc \u00e9ve t\u00e9nyleg csak a k\u00fcls\u0151 k\u00f6rnyezetb\u0151l szippantom. Sokszor olyan hib\u00e1im vannak, mint egy kisgyereknek, aki besz\u00e9lni tanul. Alakilag hasonl\u00f3 sz\u00f3t haszn\u00e1lok, de nem pont ugyanazt, mert f\u00e9lrehalhattam, rosszul tanultam meg. R\u00e1ad\u00e1sul a spelling-em elk\u00e9peszt\u0151, mennyit romlott. Itt egy kis kit\u00e9r\u0151t hozok nektek a spelling bee-kr\u0151l. Biztosan l\u00e1tt\u00e1tok m\u00e1r filmekben, hogy az amerikaiak-angolok bet\u0171znek, \u00e9s versenyt csin\u00e1lnak bel\u0151le kisiskol\u00e1soknak. Na, m\u00e9g Kanad\u00e1ban az egyik magyar munkat\u00e1rsam erre \u00fagy reag\u00e1lt, hogy ezek h\u00fcly\u00e9k, m\u00e9g \u00edrni se tudnak. Mivel az angol anyanyelv\u0171ek sz\u00f3ban tanulnak meg besz\u00e9lni &#8211; mint ahogy mindenki m\u00e1s -, \u00edgy konkr\u00e9tan nem tudj\u00e1k, hogyan kell le\u00edrni a szavakat, ezt az iskol\u00e1ban tanulj\u00e1k meg. \u00c9s ugyeb\u00e1r rengeteg olyan sz\u00f3 van, amit azt\u00e1n teljesen m\u00e1shogy ejten\u00e9l, mint az logikus lenne. Ez\u00e9rt sok anyanyelv\u0171nek r\u00e9mes a spelling-je. Ezt magamon is kezdem \u00e9szrevenni: k\u00fcls\u0151 sz\u00f3tanul\u00e1s, ergo nem tudom le\u00edrni a sz\u00f3t. Persze, ebben a Google \u00e9s a helyes\u00edr\u00e1sellen\u0151rz\u0151 j\u00f3 bar\u00e1tom. Aranyos kis anekdota: egyszer \u00e1lltunk a f\u00e9rjemmel a buszmeg\u00e1ll\u00f3ban, anyuka k\u00e9rdezte a kisl\u00e1nyt, hogy mi az szemben, kisl\u00e1ny mondja church &#8211; templom -, na \u00e9s hogy \u00edrod le? CS-\u00d6-R-CS. Pont \u00edgy. Mert h\u00e1t m\u00e9g a kisgyerekek logikusnak gondolj\u00e1k a nyelvet, ami persze, egy\u00e1ltal\u00e1n nem az.<\/p>\n<p style=\"text-align: justify;\">Az angol nyelv sz\u00e1momra hatalmas szerelem. \u00c9letem egyik legnagyobb b\u00fcszkes\u00e9g\u00e9nek tartom, hogy a k\u00e9t nyelvet j\u00e1tszi k\u00f6nnyeds\u00e9ggel v\u00e1ltom, sokszor m\u00e1r azon is elgondolkozom, \u00e9pp angolt vagy magyart hallgatok-e, annyira nem telik er\u0151fesz\u00edt\u00e9sembe a dolog. M\u00e1r szoktam angolul is \u00e1lmodni, \u00e9s r\u00e1ad\u00e1sul \u00fagy \u00e9rzem, ha angolul sz\u00f3lalok meg, levetk\u0151z\u00f6k valamit. Magabiztosabb leszek, mint amikor magyarul besz\u00e9lek. Furcsa, mi? M\u00e1r csak az \u00edr\u00e1sk\u00e9szs\u00e9gemet kellene fejleszteni &#8211; \u00e9s nem csak fogorvosoknak c\u00edmzett levelekben -, hogy ezt a g\u00e1tat is levetk\u0151zzem.<\/p>\n","protected":false},"excerpt":{"rendered":"<p>Az \u00cdr\u00f3k egym\u00e1s k\u00f6z\u00f6tt augusztusi t\u00e9m\u00e1ja sz\u00e1momra olyasmi, amir\u0151l azt hiszem, alig fog belef\u00e9rni egy blogbejegyz\u00e9sbe. Ugyanis most a k\u00e9tnyelv\u0171s\u00e9gr\u0151l fogunk besz\u00e9lni, a t\u00f6bb nyelven alkot\u00e1sr\u00f3l, a nyelvekkel val\u00f3 viszonyunkr\u00f3l. Ha \u00e9rdekel titeket Fanni, Kl\u00e1ri \u00e9s Emma bejegyz\u00e9se is a &hellip; <a class=\"more-link\" href=\"https:\/\/szaszkogabriella.com\/index.php\/hu\/2020\/08\/13\/irok-egymas-kozott-a-ketnyelvusegrol\/\">Continue reading <span class=\"meta-nav\">&rarr;<\/span><\/a><\/p>\n","protected":false},"author":1,"featured_media":2552,"comment_status":"open","ping_status":"open","sticky":false,"template":"","format":"standard","meta":{"spay_email":"","jetpack_publicize_message":"","jetpack_is_tweetstorm":false},"categories":[338,1966],"tags":[2698,1968,2700,2702,211],"yoast_head":"<!-- This site is optimized with the Yoast SEO plugin v16.2 - https:\/\/yoast.com\/wordpress\/plugins\/seo\/ -->\n<meta name=\"robots\" content=\"index, follow, max-snippet:-1, max-image-preview:large, max-video-preview:-1\" \/>\n<link rel=\"canonical\" href=\"https:\/\/szaszkogabriella.com\/index.php\/hu\/2020\/08\/13\/irok-egymas-kozott-a-ketnyelvusegrol\/\" \/>\n<meta property=\"og:locale\" content=\"en_US\" \/>\n<meta property=\"og:type\" content=\"article\" \/>\n<meta property=\"og:title\" content=\"\u00cdr\u00f3k egym\u00e1s k\u00f6z\u00f6tt: a k\u00e9tnyelv\u0171s\u00e9gr\u0151l - Szaszk\u00f3 Gabriella\" \/>\n<meta property=\"og:description\" content=\"Az \u00cdr\u00f3k egym\u00e1s k\u00f6z\u00f6tt augusztusi t\u00e9m\u00e1ja sz\u00e1momra olyasmi, amir\u0151l azt hiszem, alig fog belef\u00e9rni egy blogbejegyz\u00e9sbe. Ugyanis most a k\u00e9tnyelv\u0171s\u00e9gr\u0151l fogunk besz\u00e9lni, a t\u00f6bb nyelven alkot\u00e1sr\u00f3l, a nyelvekkel val\u00f3 viszonyunkr\u00f3l. Ha \u00e9rdekel titeket Fanni, Kl\u00e1ri \u00e9s Emma bejegyz\u00e9se is a &hellip; Continue reading &rarr;\" \/>\n<meta property=\"og:url\" content=\"https:\/\/szaszkogabriella.com\/index.php\/hu\/2020\/08\/13\/irok-egymas-kozott-a-ketnyelvusegrol\/\" \/>\n<meta property=\"og:site_name\" content=\"Szaszk\u00f3 Gabriella\" \/>\n<meta property=\"article:author\" content=\"https:\/\/www.facebook.com\/gabriellaszaszkoswriting\" \/>\n<meta property=\"article:published_time\" content=\"2020-08-13T15:06:14+00:00\" \/>\n<meta property=\"og:image\" content=\"https:\/\/i0.wp.com\/szaszkogabriella.com\/wp-content\/uploads\/2019\/02\/43429744_294905887770379_55062137864716288_n.jpg?fit=800%2C800\" \/>\n\t<meta property=\"og:image:width\" content=\"800\" \/>\n\t<meta property=\"og:image:height\" content=\"800\" \/>\n<meta name=\"twitter:card\" content=\"summary\" \/>\n<meta name=\"twitter:label1\" content=\"Est. reading time\">\n\t<meta name=\"twitter:data1\" content=\"8 minutes\">\n<script type=\"application\/ld+json\" class=\"yoast-schema-graph\">{\"@context\":\"https:\/\/schema.org\",\"@graph\":[{\"@type\":\"WebSite\",\"@id\":\"https:\/\/szaszkogabriella.com\/index.php\/hu\/rola\/#website\",\"url\":\"https:\/\/szaszkogabriella.com\/index.php\/hu\/rola\/\",\"name\":\"Szaszk\\u00f3 Gabriella\",\"description\":\"\",\"potentialAction\":[{\"@type\":\"SearchAction\",\"target\":\"https:\/\/szaszkogabriella.com\/index.php\/hu\/rola\/?s={search_term_string}\",\"query-input\":\"required name=search_term_string\"}],\"inLanguage\":\"en-US\"},{\"@type\":\"ImageObject\",\"@id\":\"https:\/\/szaszkogabriella.com\/index.php\/hu\/2020\/08\/13\/irok-egymas-kozott-a-ketnyelvusegrol\/#primaryimage\",\"inLanguage\":\"en-US\",\"url\":\"https:\/\/i0.wp.com\/szaszkogabriella.com\/wp-content\/uploads\/2019\/02\/43429744_294905887770379_55062137864716288_n.jpg?fit=800%2C800&ssl=1\",\"contentUrl\":\"https:\/\/i0.wp.com\/szaszkogabriella.com\/wp-content\/uploads\/2019\/02\/43429744_294905887770379_55062137864716288_n.jpg?fit=800%2C800&ssl=1\",\"width\":800,\"height\":800},{\"@type\":\"WebPage\",\"@id\":\"https:\/\/szaszkogabriella.com\/index.php\/hu\/2020\/08\/13\/irok-egymas-kozott-a-ketnyelvusegrol\/#webpage\",\"url\":\"https:\/\/szaszkogabriella.com\/index.php\/hu\/2020\/08\/13\/irok-egymas-kozott-a-ketnyelvusegrol\/\",\"name\":\"\\u00cdr\\u00f3k egym\\u00e1s k\\u00f6z\\u00f6tt: a k\\u00e9tnyelv\\u0171s\\u00e9gr\\u0151l - Szaszk\\u00f3 Gabriella\",\"isPartOf\":{\"@id\":\"https:\/\/szaszkogabriella.com\/index.php\/hu\/rola\/#website\"},\"primaryImageOfPage\":{\"@id\":\"https:\/\/szaszkogabriella.com\/index.php\/hu\/2020\/08\/13\/irok-egymas-kozott-a-ketnyelvusegrol\/#primaryimage\"},\"datePublished\":\"2020-08-13T15:06:14+00:00\",\"dateModified\":\"2020-08-13T15:06:14+00:00\",\"author\":{\"@id\":\"https:\/\/szaszkogabriella.com\/index.php\/hu\/rola\/#\/schema\/person\/f1bfdb90405c070d18b4cda6cb2d97e7\"},\"breadcrumb\":{\"@id\":\"https:\/\/szaszkogabriella.com\/index.php\/hu\/2020\/08\/13\/irok-egymas-kozott-a-ketnyelvusegrol\/#breadcrumb\"},\"inLanguage\":\"en-US\",\"potentialAction\":[{\"@type\":\"ReadAction\",\"target\":[\"https:\/\/szaszkogabriella.com\/index.php\/hu\/2020\/08\/13\/irok-egymas-kozott-a-ketnyelvusegrol\/\"]}]},{\"@type\":\"BreadcrumbList\",\"@id\":\"https:\/\/szaszkogabriella.com\/index.php\/hu\/2020\/08\/13\/irok-egymas-kozott-a-ketnyelvusegrol\/#breadcrumb\",\"itemListElement\":[{\"@type\":\"ListItem\",\"position\":1,\"item\":{\"@type\":\"WebPage\",\"@id\":\"http:\/\/szaszkogabriella.com\/index.php\/en\/about-me\/\",\"url\":\"http:\/\/szaszkogabriella.com\/index.php\/en\/about-me\/\",\"name\":\"Home\"}},{\"@type\":\"ListItem\",\"position\":2,\"item\":{\"@id\":\"https:\/\/szaszkogabriella.com\/index.php\/hu\/2020\/08\/13\/irok-egymas-kozott-a-ketnyelvusegrol\/#webpage\"}}]},{\"@type\":\"Person\",\"@id\":\"https:\/\/szaszkogabriella.com\/index.php\/hu\/rola\/#\/schema\/person\/f1bfdb90405c070d18b4cda6cb2d97e7\",\"name\":\"Gabriella\",\"image\":{\"@type\":\"ImageObject\",\"@id\":\"https:\/\/szaszkogabriella.com\/index.php\/hu\/rola\/#personlogo\",\"inLanguage\":\"en-US\",\"url\":\"https:\/\/secure.gravatar.com\/avatar\/ed8f7419b959f303647d2997795ba3b4?s=96&d=mm&r=g\",\"contentUrl\":\"https:\/\/secure.gravatar.com\/avatar\/ed8f7419b959f303647d2997795ba3b4?s=96&d=mm&r=g\",\"caption\":\"Gabriella\"},\"sameAs\":[\"http:\/\/szaszkogabriella.com\/\",\"https:\/\/www.facebook.com\/gabriellaszaszkoswriting\"]}]}<\/script>\n<!-- \/ Yoast SEO plugin. -->","jetpack_featured_media_url":"https:\/\/i0.wp.com\/szaszkogabriella.com\/wp-content\/uploads\/2019\/02\/43429744_294905887770379_55062137864716288_n.jpg?fit=800%2C800&ssl=1","jetpack_publicize_connections":[],"jetpack_sharing_enabled":true,"jetpack_shortlink":"https:\/\/wp.me\/p6aBpy-Qu","jetpack_likes_enabled":true,"jetpack-related-posts":[{"id":1995,"url":"https:\/\/szaszkogabriella.com\/index.php\/hu\/2018\/01\/10\/irok-egymas-kozott-mi-ez\/","url_meta":{"origin":3254,"position":0},"title":"\u00cdr\u00f3k egym\u00e1s k\u00f6z\u00f6tt \u2013 mi is ez?","date":"January 10, 2018","format":false,"excerpt":"2018-ban \u00faj, havonta felbukkan\u00f3 blogbejegyz\u00e9ssel rukkolunk el\u0151, ami az \u00cdr\u00f3k egym\u00e1s k\u00f6z\u00f6tt nevet viseli. Az \u00f6tlet \u00fagy pattant ki a fej\u00fcnkb\u0151l, hogy van nekem k\u00e9t legjobb, kedves \u00edr\u00f3bar\u00e1tn\u0151m, akikkel napi kapcsolatban \u00e1llok. Sokat szoktunk besz\u00e9lgetni az \u00e9let\u00fcnkr\u0151l \u00e9s persze az \u00edr\u00e1sr\u00f3l. Nagyon sok t\u00e9ma felbukkan, amiket azt\u00e1n elkezdtem lassank\u00e9nt feljegyezni,\u2026","rel":"","context":"In &quot;\u00cdr\u00f3k egym\u00e1s k\u00f6z\u00f6tt&quot;","img":{"alt_text":"","src":"https:\/\/i2.wp.com\/szaszkogabriella.com\/wp-content\/uploads\/2018\/01\/26794262_10208875370560090_581515874_n.jpg?fit=800%2C800&ssl=1&resize=350%2C200","width":350,"height":200},"classes":[]},{"id":2529,"url":"https:\/\/szaszkogabriella.com\/index.php\/hu\/2019\/01\/11\/irok-egymas-kozott-iros-ujevi-fogalmak-2019-re\/","url_meta":{"origin":3254,"position":1},"title":"\u00cdr\u00f3k egym\u00e1s k\u00f6z\u00f6tt - \u00cdr\u00f3s \u00faj\u00e9vi fogalmak 2019-re","date":"January 11, 2019","format":false,"excerpt":"Meg\u00e9rkezett 2019 \u00e9s mi teljes g\u0151zzel vetj\u00fck bele magunkat az \u00e9vbe az \u00cdr\u00f3k egym\u00e1s k\u00f6z\u00f6tt rovatunkkal is. A l\u00e1nyokkal \u00fagy d\u00f6nt\u00f6tt\u00fcnk, hogy a janu\u00e1ri bejegyz\u00e9s\u00fcnkben a 2019-es terveinkr\u0151l, \u00edr\u00f3s fogadalmainkr\u00f3l fogunk nektek besz\u00e1molni. Ez j\u00f3 lehet\u0151s\u00e9get teremt, hogy \u00e9n is kicsit rendet tegyek a fejemben, hogy mit is v\u00e1rok 2019-ben\u2026","rel":"","context":"In &quot;\u00cdr\u00e1sr\u00f3l&quot;","img":{"alt_text":"","src":"https:\/\/i2.wp.com\/szaszkogabriella.com\/wp-content\/uploads\/2018\/10\/43504103_1199859583485209_8007892125968498688_n.jpg?fit=800%2C800&ssl=1&resize=350%2C200","width":350,"height":200},"classes":[]},{"id":2637,"url":"https:\/\/szaszkogabriella.com\/index.php\/hu\/2019\/05\/11\/irok-egymas-kozott-mennyit-keres-az-iro\/","url_meta":{"origin":3254,"position":2},"title":"\u00cdr\u00f3k egym\u00e1s k\u00f6z\u00f6tt - Mennyit keres az \u00edr\u00f3?","date":"May 11, 2019","format":false,"excerpt":"A mai h\u00f3napunk t\u00e9m\u00e1j\u00e1nak olyasmit v\u00e1lasztottunk, ami azt hiszem, mindenkit \u00e9rdekel. M\u00e1jusban arr\u00f3l besz\u00e9lget\u00fcnk, hogy mennyit is keres kis haz\u00e1nkban egy \u00edr\u00f3, meg lehet-e \u00e9lni az \u00edr\u00e1sb\u00f3l. Ha Fanni, Kl\u00e1ri \u00e9s Emma bejegyz\u00e9s\u00e9t is szeretn\u00e9tek olvasni, akkor a nev\u00fckre kattintva megtehetitek! Mi\u00f3ta kiadtam a k\u00f6nyveimet, mondhatjuk, minden ismer\u0151s\u00f6m megk\u00e9rdezi, hogy\u2026","rel":"","context":"In &quot;\u00cdr\u00e1sr\u00f3l&quot;","img":{"alt_text":"","src":"https:\/\/i0.wp.com\/szaszkogabriella.com\/wp-content\/uploads\/2018\/05\/32082716_10209592390085130_1985504836241588224_n.png?fit=800%2C800&ssl=1&resize=350%2C200","width":350,"height":200},"classes":[]},{"id":2043,"url":"https:\/\/szaszkogabriella.com\/index.php\/hu\/2018\/02\/10\/irok-egymas-kozott-alnev-vagy-nem-alnev\/","url_meta":{"origin":3254,"position":3},"title":"\u00cdr\u00f3k egym\u00e1s k\u00f6z\u00f6tt \u2013 \u00c1ln\u00e9v vagy nem \u00e1ln\u00e9v?","date":"February 10, 2018","format":false,"excerpt":"Az \u00cdr\u00f3k egym\u00e1s k\u00f6z\u00f6tt sorozatunk els\u0151 igazi bejegyz\u00e9s\u00e9ben az \u00edr\u00f3i \u00e1lnevekr\u0151l alkotott v\u00e9lem\u00e9ny\u00fcnket szeretn\u00e9nk veletek megosztani. A t\u00e9ma el\u00e9g k\u00e9nyes, sokr\u00e9t\u0171, heves vit\u00e1kba bonyol\u00f3dhatn\u00e1nk vele. Az \u00e9n bejegyz\u00e9sem c\u00e9lja sem az, hogy \u201eigazs\u00e1got\u201d szolg\u00e1ltassak az \u00edr\u00f3i \u00e1lnevek mellett, vagy ellen. Ink\u00e1bb elmes\u00e9lem a saj\u00e1t t\u00f6rt\u00e9netemet, \u00e9s b\u00e1tor\u00edtan\u00e9k mindenkit, hogy mondja\u2026","rel":"","context":"In &quot;\u00cdr\u00e1sr\u00f3l&quot;","img":{"alt_text":"","src":"https:\/\/i2.wp.com\/szaszkogabriella.com\/wp-content\/uploads\/2018\/02\/26794262_10208875370560090_581515874_n.jpg?fit=800%2C800&ssl=1&resize=350%2C200","width":350,"height":200},"classes":[]},{"id":2905,"url":"https:\/\/szaszkogabriella.com\/index.php\/hu\/2020\/01\/17\/irok-egymas-kozott\/","url_meta":{"origin":3254,"position":4},"title":"\u00cdr\u00f3k egym\u00e1s k\u00f6z\u00f6tt - \u00cdr\u00f3i tervek 2020-ra","date":"January 17, 2020","format":false,"excerpt":"\u00dagy fest, a l\u00e1nyokkal hagyom\u00e1nyt alkottunk, hogy minden \u00e9v janu\u00e1rj\u00e1ban elgondolkozunk azon, milyen \u00edr\u00f3i terveket is d\u00e9delget\u00fcnk az \u00e9pp aktu\u00e1lis \u00e9vre. \u00dagy \u00e9rzem, nekem ez a bejegyz\u00e9s most nagyon sokat fog jelenteni olyan szempontb\u00f3l is, hogy m\u00e9g saj\u00e1t magam sem l\u00e1tom \u00e1t, merre is megyek ebben az \u00e9vben, annyi minden\u2026","rel":"","context":"In &quot;\u00cdr\u00e1sr\u00f3l&quot;","img":{"alt_text":"","src":"https:\/\/i2.wp.com\/szaszkogabriella.com\/wp-content\/uploads\/2020\/01\/80996551_450466422574494_9083528146510151680_n.png?fit=800%2C800&ssl=1&resize=350%2C200","width":350,"height":200},"classes":[]},{"id":3137,"url":"https:\/\/szaszkogabriella.com\/index.php\/hu\/2020\/04\/27\/nyelvek-nyelvvizsgak-diplomak-az-en-tortenetem\/","url_meta":{"origin":3254,"position":5},"title":"Nyelvek, nyelvvizsg\u00e1k, diplom\u00e1k - az \u00e9n t\u00f6rt\u00e9netem","date":"April 27, 2020","format":false,"excerpt":"Az \u00e1prilisi \u00cdr\u00f3k egym\u00e1s k\u00f6z\u00f6tt bejegyz\u00e9semben \u00e9ppen a szem\u00e9lyes t\u00e9m\u00e1khoz val\u00f3 hozz\u00e1\u00e1ll\u00e1sr\u00f3l blogoltam. A nyelvvizsg\u00e1s-diplom\u00e1s bejegyz\u00e9sem \u00e9ppen olyan, amin\u00e9l kik\u00e9rtem p\u00e1r bar\u00e1tom tan\u00e1cs\u00e1t, hogy merjek-e r\u00f3la \u00edrni, ugyanis f\u00e1jdalmas pontja ez az \u00e9letemnek, \u00e9s mostans\u00e1g az \u00faj rendelkez\u00e9sek miatt \u00fajra felt\u00e9p\u0151dtek bennem a r\u00e9gi sebek. A t\u00f6rt\u00e9net ott kezd\u0151dik, hogy\u2026","rel":"","context":"In &quot;Blog&quot;","img":{"alt_text":"","src":"https:\/\/i1.wp.com\/szaszkogabriella.com\/wp-content\/uploads\/2020\/04\/Closed_20up_20finger_20on_20keyboard_20with_20word_20MASTER_20DEGREE_20_resized_.jpg?fit=700%2C400&ssl=1&resize=350%2C200","width":350,"height":200},"classes":[]}],"_links":{"self":[{"href":"https:\/\/szaszkogabriella.com\/index.php\/wp-json\/wp\/v2\/posts\/3254"}],"collection":[{"href":"https:\/\/szaszkogabriella.com\/index.php\/wp-json\/wp\/v2\/posts"}],"about":[{"href":"https:\/\/szaszkogabriella.com\/index.php\/wp-json\/wp\/v2\/types\/post"}],"author":[{"embeddable":true,"href":"https:\/\/szaszkogabriella.com\/index.php\/wp-json\/wp\/v2\/users\/1"}],"replies":[{"embeddable":true,"href":"https:\/\/szaszkogabriella.com\/index.php\/wp-json\/wp\/v2\/comments?post=3254"}],"version-history":[{"count":1,"href":"https:\/\/szaszkogabriella.com\/index.php\/wp-json\/wp\/v2\/posts\/3254\/revisions"}],"predecessor-version":[{"id":3257,"href":"https:\/\/szaszkogabriella.com\/index.php\/wp-json\/wp\/v2\/posts\/3254\/revisions\/3257"}],"wp:featuredmedia":[{"embeddable":true,"href":"https:\/\/szaszkogabriella.com\/index.php\/wp-json\/wp\/v2\/media\/2552"}],"wp:attachment":[{"href":"https:\/\/szaszkogabriella.com\/index.php\/wp-json\/wp\/v2\/media?parent=3254"}],"wp:term":[{"taxonomy":"category","embeddable":true,"href":"https:\/\/szaszkogabriella.com\/index.php\/wp-json\/wp\/v2\/categories?post=3254"},{"taxonomy":"post_tag","embeddable":true,"href":"https:\/\/szaszkogabriella.com\/index.php\/wp-json\/wp\/v2\/tags?post=3254"}],"curies":[{"name":"wp","href":"https:\/\/api.w.org\/{rel}","templated":true}]}}