{"id":3376,"date":"2020-12-29T18:03:00","date_gmt":"2020-12-29T17:03:00","guid":{"rendered":"http:\/\/szaszkogabriella.com\/?p=3376"},"modified":"2020-12-29T18:03:35","modified_gmt":"2020-12-29T17:03:35","slug":"irok-egymas-kozott-2020-iros-evosszegzes","status":"publish","type":"post","link":"https:\/\/szaszkogabriella.com\/index.php\/hu\/2020\/12\/29\/irok-egymas-kozott-2020-iros-evosszegzes\/","title":{"rendered":"\u00cdr\u00f3k egym\u00e1s k\u00f6z\u00f6tt &#8211; 2020 \u00edr\u00f3s \u00e9v\u00f6sszegz\u00e9s"},"content":{"rendered":"<p style=\"text-align: justify;\">\u00dagy d\u00f6nt\u00f6ttem, a <a href=\"http:\/\/szaszkogabriella.com\/index.php\/hu\/2020\/12\/16\/24-kedvenc-film-2020-bol\/\">filmes<\/a>, <a href=\"http:\/\/szaszkogabriella.com\/index.php\/hu\/2020\/12\/06\/12-kedvenc-konyv-az-ev-minden-honapjara-2020\/\">k\u00f6nyves<\/a>, <a href=\"http:\/\/szaszkogabriella.com\/index.php\/hu\/2020\/12\/27\/my-pandemic-year-2020-evosszegzo\/\">szem\u00e9lyes<\/a> \u00e9v\u00f6sszegz\u0151m mellett musz\u00e1j egy kicsit arr\u00f3l is besz\u00e9lnem, hogy mivel is foglalatoskodtam ebben az \u00e9vben munka \u00e9s \u00edr\u00e1s ter\u00e9n is. Ugyan a k\u00f6nyvipart sajnos szint\u00e9n \u00e9rintette a vil\u00e1gj\u00e1rv\u00e1ny, de ennek ellen\u00e9re nagyon szerencs\u00e9snek mondhatom magam, hiszen nem maradtam munka n\u00e9lk\u00fcl. Folyamatosan szorgosan dolgoztunk, hogy minden neh\u00e9zs\u00e9g ellen\u00e9re jobbn\u00e1l jobb k\u00f6nyvek jelenhessenek meg a Maxim kiad\u00f3n\u00e1l.<\/p>\n<p style=\"text-align: justify;\"><strong>Szerkeszt\u00e9s-korrekt\u00fara<\/strong><\/p>\n<p style=\"text-align: justify;\">2020-ban kicsit kevesebb k\u00f6nyvet szerkesztettem, mint az el\u0151z\u0151 \u00e9vekben, <del>halv\u00e1nyan olyannak \u00e9rz\u0151dik, mintha az \u00e9v eleji munk\u00e1imon egy \u00e9vtizede dolgoztam volna<\/del>. Tizenegy k\u00f6nyvet korrekt\u00far\u00e1ztam vagy szerkesztettem az id\u00e9n. Ha ezek k\u00f6z\u00fcl k\u00e9ne kedvencet v\u00e1lasztanom, akkor mindenk\u00e9ppen kiemeln\u00e9m a <a href=\"https:\/\/moly.hu\/konyvek\/camryn-garrett-pozitiv\">Pozit\u00edvat<\/a>, az <a href=\"https:\/\/moly.hu\/konyvek\/julia-whelan-egy-ev-veled\">Egy \u00e9v veled<\/a> \u00e9s a <a href=\"https:\/\/moly.hu\/konyvek\/j-p-delaney-the-perfect-wife\">Perfect Wife<\/a> c\u00edm\u0171 k\u00f6nyveket.<\/p>\n<p style=\"text-align: justify;\"><strong>Ford\u00edt\u00e1s<\/strong><\/p>\n<p style=\"text-align: justify;\">Ford\u00edt\u00e1sb\u00f3l \u00f6sszesen h\u00e9t k\u00f6nyv\u00f6n dolgoztam 2020-ban, ami k\u00f6z\u00fcl m\u00e9g az\u00e9rt p\u00e1r nem l\u00e1tott napvil\u00e1got. Az \u00e9v egyik legnagyobb \u00f6r\u00f6me volt, hogy v\u00e9gre filmes k\u00f6nyvekkel is dolgozhattam. H\u00e1rom k\u00f6nyvet is ford\u00edtottam id\u00e9n, amib\u0151l k\u00e9sz\u00fclt vagy k\u00e9sz\u00fclni fog film. Ebb\u0151l kett\u0151 m\u00e9g nem jelent meg. Volt sok kedvenc projektem volt id\u00e9n ford\u00edt\u00f3k\u00e9nt: a <a href=\"https:\/\/moly.hu\/konyvek\/jenni-hendriks-ted-caplan-nem-terhes\">nemterhes<\/a> c\u00edm\u0171 k\u00f6nyvet m\u00e1r olvashatj\u00e1tok. De emellett m\u00e9g egy slasher ifj\u00fas\u00e1gi horroron a <a href=\"https:\/\/moly.hu\/konyvek\/stephanie-perkins-theres-someone-inside-your-house\">There&#8217;s someone inside your hous<\/a>e c\u00edm\u0171 Stephenie Perkins k\u00f6nyvet is nagyon szerettem. \u00c9s a legnagyobb ford\u00edt\u00f3i kih\u00edv\u00e1som eddig <a href=\"https:\/\/moly.hu\/konyvek\/sara-faring-the-tenth-girl\">Sara Faring Tenth Girl<\/a> c\u00edm\u0171 k\u00f6nyve volt. A hossz \u00e9s a nyelvezet miatt is. El\u0151re megs\u00fagom, hogy j\u00f6v\u0151re m\u00e1r n\u00e9gy k\u00f6nyvvel biztosan dolgozni fogok a Maxim kiad\u00f3n\u00e1l, ami hatalmas \u00f6r\u00f6met okoz.<br \/>\nEmellett m\u00e9g mindenk\u00e9pp megjegyezn\u00e9m, hogy egy antol\u00f3gi\u00e1ban is megjelent egy horror-scfi novella ford\u00edt\u00e1som, ami szint\u00e9n izzaszt\u00f3, m\u00e9gis \u00e9rdekes kih\u00edv\u00e1s volt. <a href=\"https:\/\/moly.hu\/konyvek\/somogyi-gabor-szerk-arnyak-az-idon-tulrol-3\">Az \u00c1rnyak az id\u0151n t\u00falr\u00f3l 3.<\/a> c\u00edm\u0171 antol\u00f3gi\u00e1ban Charles Stross: Egy hidegebb h\u00e1bor\u00fa c\u00edm\u0171 novell\u00e1j\u00e1t ford\u00edtottam le.<\/p>\n<p style=\"text-align: justify;\"><strong>Megjelen\u00e9sek<\/strong><\/p>\n<p style=\"text-align: justify;\">2020-ban olyan szerencs\u00e9s \u00edr\u00f3nak mondhatom magam, hogy k\u00e9t k\u00f6nyvem is megjelent. A <a href=\"https:\/\/moly.hu\/konyvek\/szaszko-gabriella-nyisd-ki-ezt-a-naplot\">Nyisd ki ezt a Napl\u00f3t<\/a> c\u00edm\u0171 olvas\u00f3knak sz\u00f3l\u00f3 interakt\u00edv k\u00f6nyvem m\u00e1jusban \u00e9rkezett, ami a karant\u00e9n idej\u00e9n rem\u00e9lem, elsz\u00f3rakoztatott p\u00e1rotokat. Azt\u00e1n pedig december legelej\u00e9n \u00e9rkezett a MidLife Crisis duol\u00f3gia z\u00e1r\u00f3k\u00f6tete a <a href=\"https:\/\/moly.hu\/konyvek\/szaszko-gabriella-keso-marcius\">K\u00e9s\u0151 m\u00e1rcius<\/a>, amit nagyon sokan v\u00e1rtatok. Ezzel egy\u00fctt m\u00e1r hat k\u00f6nyvem lett, \u00e9s rem\u00e9lem, hogy j\u00f6v\u0151re sem hagylak titeket olvasnival\u00f3 n\u00e9lk\u00fcl.<\/p>\n<p><a href=\"https:\/\/i0.wp.com\/szaszkogabriella.com\/wp-content\/uploads\/2020\/12\/131925231_3507955069297056_6564174102413830170_o.jpg\"><img data-attachment-id=\"3367\" data-permalink=\"https:\/\/szaszkogabriella.com\/index.php\/hu\/2020\/12\/29\/irok-egymas-kozott-2020-iros-evosszegzes\/131925231_3507955069297056_6564174102413830170_o\/\" data-orig-file=\"https:\/\/i0.wp.com\/szaszkogabriella.com\/wp-content\/uploads\/2020\/12\/131925231_3507955069297056_6564174102413830170_o.jpg?fit=2048%2C1175&amp;ssl=1\" data-orig-size=\"2048,1175\" data-comments-opened=\"1\" data-image-meta=\"{&quot;aperture&quot;:&quot;0&quot;,&quot;credit&quot;:&quot;&quot;,&quot;camera&quot;:&quot;&quot;,&quot;caption&quot;:&quot;&quot;,&quot;created_timestamp&quot;:&quot;0&quot;,&quot;copyright&quot;:&quot;&quot;,&quot;focal_length&quot;:&quot;0&quot;,&quot;iso&quot;:&quot;0&quot;,&quot;shutter_speed&quot;:&quot;0&quot;,&quot;title&quot;:&quot;&quot;,&quot;orientation&quot;:&quot;0&quot;}\" data-image-title=\"131925231_3507955069297056_6564174102413830170_o\" data-image-description=\"\" data-medium-file=\"https:\/\/i0.wp.com\/szaszkogabriella.com\/wp-content\/uploads\/2020\/12\/131925231_3507955069297056_6564174102413830170_o.jpg?fit=300%2C172&amp;ssl=1\" data-large-file=\"https:\/\/i0.wp.com\/szaszkogabriella.com\/wp-content\/uploads\/2020\/12\/131925231_3507955069297056_6564174102413830170_o.jpg?fit=560%2C322&amp;ssl=1\" decoding=\"async\" loading=\"lazy\" class=\"aligncenter wp-image-3367 size-large\" src=\"https:\/\/i0.wp.com\/szaszkogabriella.com\/wp-content\/uploads\/2020\/12\/131925231_3507955069297056_6564174102413830170_o.jpg?resize=560%2C322\" alt=\"\" width=\"560\" height=\"322\" srcset=\"https:\/\/i0.wp.com\/szaszkogabriella.com\/wp-content\/uploads\/2020\/12\/131925231_3507955069297056_6564174102413830170_o.jpg?resize=1024%2C588&amp;ssl=1 1024w, https:\/\/i0.wp.com\/szaszkogabriella.com\/wp-content\/uploads\/2020\/12\/131925231_3507955069297056_6564174102413830170_o.jpg?resize=300%2C172&amp;ssl=1 300w, https:\/\/i0.wp.com\/szaszkogabriella.com\/wp-content\/uploads\/2020\/12\/131925231_3507955069297056_6564174102413830170_o.jpg?resize=768%2C441&amp;ssl=1 768w, https:\/\/i0.wp.com\/szaszkogabriella.com\/wp-content\/uploads\/2020\/12\/131925231_3507955069297056_6564174102413830170_o.jpg?resize=1536%2C881&amp;ssl=1 1536w, https:\/\/i0.wp.com\/szaszkogabriella.com\/wp-content\/uploads\/2020\/12\/131925231_3507955069297056_6564174102413830170_o.jpg?w=2048&amp;ssl=1 2048w, https:\/\/i0.wp.com\/szaszkogabriella.com\/wp-content\/uploads\/2020\/12\/131925231_3507955069297056_6564174102413830170_o.jpg?w=1120 1120w, https:\/\/i0.wp.com\/szaszkogabriella.com\/wp-content\/uploads\/2020\/12\/131925231_3507955069297056_6564174102413830170_o.jpg?w=1680 1680w\" sizes=\"(max-width: 560px) 100vw, 560px\" data-recalc-dims=\"1\" \/><\/a><\/p>\n<p style=\"text-align: justify;\"><strong>K\u00f6z\u00f6ss\u00e9gi M\u00e9dia<\/strong><\/p>\n<p style=\"text-align: justify;\">T\u00f6retlen\u00fcl vittem tov\u00e1bb az \u00edr\u00f3i oldalamat a <a href=\"https:\/\/www.facebook.com\/gabriellaszaszkoswriting\">Facebookon<\/a> \u00e9s az <a href=\"https:\/\/www.instagram.com\/gabriellaszaszko\/\">Instagramomat<\/a> is. Emellett pr\u00f3b\u00e1lkozom a saj\u00e1t Face <a href=\"https:\/\/www.facebook.com\/groups\/298715694415621\">csoportommal<\/a> is, de ott m\u00e9g eddig nem siker\u00fclt igaz\u00e1n akt\u00edvnak lennem. Viszont az idei \u00e9v egyik nagy projektje lett nekem a <a href=\"https:\/\/www.facebook.com\/groups\/dreamklub\">Dream Klub<\/a>, ami a Maxim kiad\u00f3 bels\u0151s csoportja. Itt folyamatosan akt\u00edvkodom, szinte minden nap olvashattok bejegyz\u00e9seket. Szerintem szuper hangulat\u00fa csoport lett sok nyerem\u00e9nyj\u00e1t\u00e9kkal, k\u00f6nyvaj\u00e1nl\u00f3val. Az \u00e9v egyik nagy \u00f6r\u00f6me volt, hogy itt is dolgozhatok, tarhatom veletek a kapcsolatot.<\/p>\n<p style=\"text-align: justify;\"><strong>\u00c9l\u0151k<\/strong><\/p>\n<p style=\"text-align: justify;\">Id\u00e9n kifejezetten neh\u00e9z volt a kapcsolattart\u00e1s veletek, amit persze \u00e9n is nagyon sajn\u00e1lok. Igyekeztem beletanulgatni az \u00e9l\u0151 bejelentkez\u00e9sek vil\u00e1g\u00e1ba, b\u00e1r m\u00e9g szerintem t\u00e1vol \u00e1llok a profi szintt\u0151l. Ennek ellen\u00e9re nagy \u00f6r\u00f6m volt, hogy decemberben k\u00e9t \u00e9l\u0151 interj\u00fan is r\u00e9szt vehettem, az els\u0151 a <a href=\"https:\/\/www.youtube.com\/channel\/UCIojoG7OOMGprN3EIwgs0qg\">Pergamenre h\u00e1nyt szavak<\/a> j\u00f3volt\u00e1b\u00f3l t\u00f6rt\u00e9nt meg, a m\u00e1sodikat pedig az <a href=\"https:\/\/www.facebook.com\/ifiosszefogas\">Ifj\u00fas\u00e1gi \u00f6sszefog\u00e1s<\/a> szervezte. Emellett a saj\u00e1t Live vide\u00f3mat is megn\u00e9zhetitek. Ha van kedvetek ezeket v\u00e9gign\u00e9zni, t\u00f6bb \u00f3r\u00e1nyi Szaszk\u00f3 Gabi tartalmat leshettek meg.<\/p>\n<p><span class=\"embed-youtube\" style=\"text-align:center; display: block;\"><iframe class='youtube-player' width='560' height='315' src='https:\/\/www.youtube.com\/embed\/6U6L-y2N9qo?version=3&#038;rel=1&#038;showsearch=0&#038;showinfo=1&#038;iv_load_policy=1&#038;fs=1&#038;hl=en-US&#038;autohide=2&#038;start=873&#038;wmode=transparent' allowfullscreen='true' style='border:0;' sandbox='allow-scripts allow-same-origin allow-popups allow-presentation'><\/iframe><\/span><\/p>\n<p><span class=\"embed-youtube\" style=\"text-align:center; display: block;\"><iframe class='youtube-player' width='560' height='315' src='https:\/\/www.youtube.com\/embed\/HqjyfGqIZCM?version=3&#038;rel=1&#038;showsearch=0&#038;showinfo=1&#038;iv_load_policy=1&#038;fs=1&#038;hl=en-US&#038;autohide=2&#038;start=2020&#038;wmode=transparent' allowfullscreen='true' style='border:0;' sandbox='allow-scripts allow-same-origin allow-popups allow-presentation'><\/iframe><\/span><\/p>\n<div class=\"fb-video\" data-allowfullscreen=\"true\" data-href=\"https:\/\/www.facebook.com\/gabriellaszaszkoswriting\/videos\/209033574130527\"><\/div>\n<p style=\"text-align: justify;\"><strong>Blog<\/strong><\/p>\n<p style=\"text-align: justify;\">Magam is meglep\u0151dtem, de a blogra 61 blogbejegyz\u00e9s ker\u00fclt fel az id\u00e9n. Voltak k\u00f6z\u00f6tte k\u00f6nyves, szem\u00e9lyes, vil\u00e1gj\u00e1rv\u00e1nyos, \u00e9s persze folytat\u00f3dott az<a href=\"http:\/\/szaszkogabriella.com\/index.php\/hu\/category\/irasrol\/irok-egymas-kozott\/\"> \u00cdr\u00f3k egym\u00e1s k\u00f6z\u00f6tt sorozat<\/a> \u00e9s egy <a href=\"http:\/\/szaszkogabriella.com\/index.php\/hu\/tag\/universe-project\/\">novellaf\u00fcz\u00e9r<\/a>, amit a l\u00e1nyokkal kezdt\u00fcnk el, \u00e9s a bolyg\u00f3khoz illesztett\u00fcnk. Ebb\u0151l ugyan le vagyok maradva a Marssal, de valamikor igyekszem p\u00f3tolni a lemarad\u00e1st.<\/p>\n<p style=\"text-align: justify;\">A kedvencetek id\u00e9n az angli\u00e1s bejegyz\u00e9sem volt m\u00e9g az \u00e9v elej\u00e9r\u0151l:<\/p>\n<blockquote class=\"wp-embedded-content\" data-secret=\"0SSXPls7JM\"><p><a href=\"http:\/\/szaszkogabriella.com\/index.php\/hu\/2020\/02\/12\/101-erdekes-teny-angliarol\/\">10+1 \u00e9rdekes t\u00e9ny Angli\u00e1r\u00f3l<\/a><\/p><\/blockquote>\n<p><iframe class=\"wp-embedded-content\" sandbox=\"allow-scripts\" security=\"restricted\" style=\"position: absolute; clip: rect(1px, 1px, 1px, 1px);\" title=\"&#8220;10+1 \u00e9rdekes t\u00e9ny Angli\u00e1r\u00f3l&#8221; &#8212; Gabriella&#039;s Writing\" src=\"http:\/\/szaszkogabriella.com\/index.php\/hu\/2020\/02\/12\/101-erdekes-teny-angliarol\/embed\/#?secret=0SSXPls7JM\" data-secret=\"0SSXPls7JM\" width=\"560\" height=\"315\" frameborder=\"0\" marginwidth=\"0\" marginheight=\"0\" scrolling=\"no\"><\/iframe><\/p>\n<p style=\"text-align: justify;\">Emellett nagyon kedvelt\u00e9tek a Kora febru\u00e1r bor\u00edt\u00f3j\u00e1r\u00f3l k\u00e9sz\u00fclt bejegyz\u00e9semet \u00e9s a cic\u00e1s posztomat is.<\/p>\n<blockquote class=\"wp-embedded-content\" data-secret=\"0Glx63xuOV\"><p><a href=\"http:\/\/szaszkogabriella.com\/index.php\/hu\/2020\/05\/04\/hogyan-is-keszult-a-kora-februar-boritoja\/\">Hogyan is k\u00e9sz\u00fclt a Kora febru\u00e1r bor\u00edt\u00f3ja?<\/a><\/p><\/blockquote>\n<p><iframe class=\"wp-embedded-content\" sandbox=\"allow-scripts\" security=\"restricted\" style=\"position: absolute; clip: rect(1px, 1px, 1px, 1px);\" title=\"&#8220;Hogyan is k\u00e9sz\u00fclt a Kora febru\u00e1r bor\u00edt\u00f3ja?&#8221; &#8212; Gabriella&#039;s Writing\" src=\"http:\/\/szaszkogabriella.com\/index.php\/hu\/2020\/05\/04\/hogyan-is-keszult-a-kora-februar-boritoja\/embed\/#?secret=0Glx63xuOV\" data-secret=\"0Glx63xuOV\" width=\"560\" height=\"315\" frameborder=\"0\" marginwidth=\"0\" marginheight=\"0\" scrolling=\"no\"><\/iframe><\/p>\n<p style=\"text-align: justify;\">Ha nekem kell kedvencet v\u00e1lasztanom a blogr\u00f3l, akkor a Nyelvvizsg\u00e1s \u00e9s az er\u0151s n\u0151i karakteres bejegyz\u00e9semet emeln\u00e9m ki.<\/p>\n<blockquote class=\"wp-embedded-content\" data-secret=\"eWVJo6wHbB\"><p><a href=\"http:\/\/szaszkogabriella.com\/index.php\/hu\/2020\/04\/27\/nyelvek-nyelvvizsgak-diplomak-az-en-tortenetem\/\">Nyelvek, nyelvvizsg\u00e1k, diplom\u00e1k &#8211; az \u00e9n t\u00f6rt\u00e9netem<\/a><\/p><\/blockquote>\n<p><iframe class=\"wp-embedded-content\" sandbox=\"allow-scripts\" security=\"restricted\" style=\"position: absolute; clip: rect(1px, 1px, 1px, 1px);\" title=\"&#8220;Nyelvek, nyelvvizsg\u00e1k, diplom\u00e1k &#8211; az \u00e9n t\u00f6rt\u00e9netem&#8221; &#8212; Gabriella&#039;s Writing\" src=\"http:\/\/szaszkogabriella.com\/index.php\/hu\/2020\/04\/27\/nyelvek-nyelvvizsgak-diplomak-az-en-tortenetem\/embed\/#?secret=eWVJo6wHbB\" data-secret=\"eWVJo6wHbB\" width=\"560\" height=\"315\" frameborder=\"0\" marginwidth=\"0\" marginheight=\"0\" scrolling=\"no\"><\/iframe><\/p>\n<blockquote class=\"wp-embedded-content\" data-secret=\"kkW0uiw94w\"><p><a href=\"http:\/\/szaszkogabriella.com\/index.php\/hu\/2020\/03\/08\/amy-es-anna-avagy-lanyok-ne-legyunk-olyan-szigoruak-magunkkal\/\">Amy \u00e9s Anna, avagy l\u00e1nyok, ne legy\u00fcnk olyan szigor\u00faak magunkkal!<\/a><\/p><\/blockquote>\n<p><iframe class=\"wp-embedded-content\" sandbox=\"allow-scripts\" security=\"restricted\" style=\"position: absolute; clip: rect(1px, 1px, 1px, 1px);\" title=\"&#8220;Amy \u00e9s Anna, avagy l\u00e1nyok, ne legy\u00fcnk olyan szigor\u00faak magunkkal!&#8221; &#8212; Gabriella&#039;s Writing\" src=\"http:\/\/szaszkogabriella.com\/index.php\/hu\/2020\/03\/08\/amy-es-anna-avagy-lanyok-ne-legyunk-olyan-szigoruak-magunkkal\/embed\/#?secret=kkW0uiw94w\" data-secret=\"kkW0uiw94w\" width=\"560\" height=\"315\" frameborder=\"0\" marginwidth=\"0\" marginheight=\"0\" scrolling=\"no\"><\/iframe><\/p>\n<p style=\"text-align: justify;\"><strong>\u00cdr\u00e1s<\/strong><\/p>\n<p style=\"text-align: justify;\">Id\u00e9n \u00f6sszesen kilenc novell\u00e1val \u00e9s egy befejezett reg\u00e9nnyel gazdagodtam. Emellett belekezdtem okt\u00f3berben \u00fajra egy 2015-\u00f6s \u00f6tletem kidolgoz\u00e1s\u00e1ba is, ami m\u00e1r \u00e1tl\u00e9pte a b\u0171v\u00f6s \u00f6tvenezres hat\u00e1rvonalat a novemberi NaNoWriM\u00f3n. Ez volt id\u00e9n a legnagyobb \u00edr\u00f3s sikerem. Ny\u00e1r k\u00f6zep\u00e9n k\u00e9t reg\u00e9nybe is belek\u00f3stoltam, de nem tudtam elk\u00f6telez\u0151dni, de v\u00e9g\u00fcl okt\u00f3berben kiform\u00e1l\u00f3dott az \u00f6tlet, amivel most dolgozom. Nem vagyok el\u00e9gedetlen az \u00edr\u00e1smennyis\u00e9ggel, b\u00e1r n\u00e9mileg t\u00f6bb is siker\u00fclhetett volna (az \u00f6r\u00f6k el\u00e9gedetlen \u00edr\u00f3 mondatait hallhatt\u00e1tok).<\/p>\n<p style=\"text-align: justify;\"><strong>J\u00f6v\u0151<\/strong><\/p>\n<p style=\"text-align: justify;\">Nem annyira szeretn\u00e9k 2020 v\u00e9g\u00e9n tervekbe bocs\u00e1tkozni a j\u00f6v\u0151 \u00e9vet illet\u0151en. Hom\u00e1lyos elk\u00e9pzel\u00e9seim vannak. A list\u00e1mon \u00fajra fent van az angolul \u00edr\u00e1s &#8211; szeretn\u00e9k egy non-fic k\u00f6nyvet \u00edrni a szorong\u00e1sr\u00f3l. Az biztos, hogy szeretn\u00e9m befejezni ezt, amit most \u00edrok m\u00e9g az \u00e9v els\u0151 fel\u00e9ben, \u00e9s ut\u00e1na megl\u00e1tom, melyik \u00f6tletem fel\u00e9 fogok visszakacsintani. Emellett \u00fajra szeretn\u00e9k novell\u00e1zni is, de most egy kicsit titkosabb lesz a projektem, majd megl\u00e1tjuk, merre haladok. 2020 nagy tanuls\u00e1ga volt sz\u00e1momra, hogy ne tervezzek el\u0151re annyira k\u0151kem\u00e9nyen, mert nem felt\u00e9tlen tudom megval\u00f3s\u00edtani az el\u0151re eltervezett dolgokat.<\/p>\n","protected":false},"excerpt":{"rendered":"<p>\u00dagy d\u00f6nt\u00f6ttem, a filmes, k\u00f6nyves, szem\u00e9lyes \u00e9v\u00f6sszegz\u0151m mellett musz\u00e1j egy kicsit arr\u00f3l is besz\u00e9lnem, hogy mivel is foglalatoskodtam ebben az \u00e9vben munka \u00e9s \u00edr\u00e1s ter\u00e9n is. Ugyan a k\u00f6nyvipart sajnos szint\u00e9n \u00e9rintette a vil\u00e1gj\u00e1rv\u00e1ny, de ennek ellen\u00e9re nagyon szerencs\u00e9snek mondhatom &hellip; <a class=\"more-link\" href=\"https:\/\/szaszkogabriella.com\/index.php\/hu\/2020\/12\/29\/irok-egymas-kozott-2020-iros-evosszegzes\/\">Continue reading <span class=\"meta-nav\">&rarr;<\/span><\/a><\/p>\n","protected":false},"author":1,"featured_media":2552,"comment_status":"open","ping_status":"open","sticky":false,"template":"","format":"standard","meta":{"spay_email":"","jetpack_publicize_message":"","jetpack_is_tweetstorm":false},"categories":[1],"tags":[2402,441,1616,2401,2796,33,1614,159],"yoast_head":"<!-- This site is optimized with the Yoast SEO plugin v16.2 - https:\/\/yoast.com\/wordpress\/plugins\/seo\/ -->\n<meta name=\"robots\" content=\"index, follow, max-snippet:-1, max-image-preview:large, max-video-preview:-1\" \/>\n<link rel=\"canonical\" href=\"https:\/\/szaszkogabriella.com\/index.php\/hu\/2020\/12\/29\/irok-egymas-kozott-2020-iros-evosszegzes\/\" \/>\n<meta property=\"og:locale\" content=\"en_US\" \/>\n<meta property=\"og:type\" content=\"article\" \/>\n<meta property=\"og:title\" content=\"\u00cdr\u00f3k egym\u00e1s k\u00f6z\u00f6tt - 2020 \u00edr\u00f3s \u00e9v\u00f6sszegz\u00e9s - Szaszk\u00f3 Gabriella\" \/>\n<meta property=\"og:description\" content=\"\u00dagy d\u00f6nt\u00f6ttem, a filmes, k\u00f6nyves, szem\u00e9lyes \u00e9v\u00f6sszegz\u0151m mellett musz\u00e1j egy kicsit arr\u00f3l is besz\u00e9lnem, hogy mivel is foglalatoskodtam ebben az \u00e9vben munka \u00e9s \u00edr\u00e1s ter\u00e9n is. Ugyan a k\u00f6nyvipart sajnos szint\u00e9n \u00e9rintette a vil\u00e1gj\u00e1rv\u00e1ny, de ennek ellen\u00e9re nagyon szerencs\u00e9snek mondhatom &hellip; Continue reading &rarr;\" \/>\n<meta property=\"og:url\" content=\"https:\/\/szaszkogabriella.com\/index.php\/hu\/2020\/12\/29\/irok-egymas-kozott-2020-iros-evosszegzes\/\" \/>\n<meta property=\"og:site_name\" content=\"Szaszk\u00f3 Gabriella\" \/>\n<meta property=\"article:author\" content=\"https:\/\/www.facebook.com\/gabriellaszaszkoswriting\" \/>\n<meta property=\"article:published_time\" content=\"2020-12-29T17:03:00+00:00\" \/>\n<meta property=\"article:modified_time\" content=\"2020-12-29T17:03:35+00:00\" \/>\n<meta property=\"og:image\" content=\"https:\/\/i0.wp.com\/szaszkogabriella.com\/wp-content\/uploads\/2019\/02\/43429744_294905887770379_55062137864716288_n.jpg?fit=800%2C800\" \/>\n\t<meta property=\"og:image:width\" content=\"800\" \/>\n\t<meta property=\"og:image:height\" content=\"800\" \/>\n<meta name=\"twitter:card\" content=\"summary\" \/>\n<meta name=\"twitter:label1\" content=\"Est. reading time\">\n\t<meta name=\"twitter:data1\" content=\"6 minutes\">\n<script type=\"application\/ld+json\" class=\"yoast-schema-graph\">{\"@context\":\"https:\/\/schema.org\",\"@graph\":[{\"@type\":\"WebSite\",\"@id\":\"https:\/\/szaszkogabriella.com\/index.php\/en\/about-me\/#website\",\"url\":\"https:\/\/szaszkogabriella.com\/index.php\/en\/about-me\/\",\"name\":\"Szaszk\\u00f3 Gabriella\",\"description\":\"\",\"potentialAction\":[{\"@type\":\"SearchAction\",\"target\":\"https:\/\/szaszkogabriella.com\/index.php\/en\/about-me\/?s={search_term_string}\",\"query-input\":\"required name=search_term_string\"}],\"inLanguage\":\"en-US\"},{\"@type\":\"ImageObject\",\"@id\":\"https:\/\/szaszkogabriella.com\/index.php\/hu\/2020\/12\/29\/irok-egymas-kozott-2020-iros-evosszegzes\/#primaryimage\",\"inLanguage\":\"en-US\",\"url\":\"https:\/\/i0.wp.com\/szaszkogabriella.com\/wp-content\/uploads\/2019\/02\/43429744_294905887770379_55062137864716288_n.jpg?fit=800%2C800&ssl=1\",\"contentUrl\":\"https:\/\/i0.wp.com\/szaszkogabriella.com\/wp-content\/uploads\/2019\/02\/43429744_294905887770379_55062137864716288_n.jpg?fit=800%2C800&ssl=1\",\"width\":800,\"height\":800},{\"@type\":\"WebPage\",\"@id\":\"https:\/\/szaszkogabriella.com\/index.php\/hu\/2020\/12\/29\/irok-egymas-kozott-2020-iros-evosszegzes\/#webpage\",\"url\":\"https:\/\/szaszkogabriella.com\/index.php\/hu\/2020\/12\/29\/irok-egymas-kozott-2020-iros-evosszegzes\/\",\"name\":\"\\u00cdr\\u00f3k egym\\u00e1s k\\u00f6z\\u00f6tt - 2020 \\u00edr\\u00f3s \\u00e9v\\u00f6sszegz\\u00e9s - Szaszk\\u00f3 Gabriella\",\"isPartOf\":{\"@id\":\"https:\/\/szaszkogabriella.com\/index.php\/en\/about-me\/#website\"},\"primaryImageOfPage\":{\"@id\":\"https:\/\/szaszkogabriella.com\/index.php\/hu\/2020\/12\/29\/irok-egymas-kozott-2020-iros-evosszegzes\/#primaryimage\"},\"datePublished\":\"2020-12-29T17:03:00+00:00\",\"dateModified\":\"2020-12-29T17:03:35+00:00\",\"author\":{\"@id\":\"https:\/\/szaszkogabriella.com\/index.php\/en\/about-me\/#\/schema\/person\/f1bfdb90405c070d18b4cda6cb2d97e7\"},\"breadcrumb\":{\"@id\":\"https:\/\/szaszkogabriella.com\/index.php\/hu\/2020\/12\/29\/irok-egymas-kozott-2020-iros-evosszegzes\/#breadcrumb\"},\"inLanguage\":\"en-US\",\"potentialAction\":[{\"@type\":\"ReadAction\",\"target\":[\"https:\/\/szaszkogabriella.com\/index.php\/hu\/2020\/12\/29\/irok-egymas-kozott-2020-iros-evosszegzes\/\"]}]},{\"@type\":\"BreadcrumbList\",\"@id\":\"https:\/\/szaszkogabriella.com\/index.php\/hu\/2020\/12\/29\/irok-egymas-kozott-2020-iros-evosszegzes\/#breadcrumb\",\"itemListElement\":[{\"@type\":\"ListItem\",\"position\":1,\"item\":{\"@type\":\"WebPage\",\"@id\":\"https:\/\/szaszkogabriella.com\/index.php\/en\/about-me\/\",\"url\":\"https:\/\/szaszkogabriella.com\/index.php\/en\/about-me\/\",\"name\":\"Home\"}},{\"@type\":\"ListItem\",\"position\":2,\"item\":{\"@id\":\"https:\/\/szaszkogabriella.com\/index.php\/hu\/2020\/12\/29\/irok-egymas-kozott-2020-iros-evosszegzes\/#webpage\"}}]},{\"@type\":\"Person\",\"@id\":\"https:\/\/szaszkogabriella.com\/index.php\/en\/about-me\/#\/schema\/person\/f1bfdb90405c070d18b4cda6cb2d97e7\",\"name\":\"Gabriella\",\"image\":{\"@type\":\"ImageObject\",\"@id\":\"https:\/\/szaszkogabriella.com\/index.php\/en\/about-me\/#personlogo\",\"inLanguage\":\"en-US\",\"url\":\"https:\/\/secure.gravatar.com\/avatar\/ed8f7419b959f303647d2997795ba3b4?s=96&d=mm&r=g\",\"contentUrl\":\"https:\/\/secure.gravatar.com\/avatar\/ed8f7419b959f303647d2997795ba3b4?s=96&d=mm&r=g\",\"caption\":\"Gabriella\"},\"sameAs\":[\"http:\/\/szaszkogabriella.com\/\",\"https:\/\/www.facebook.com\/gabriellaszaszkoswriting\"]}]}<\/script>\n<!-- \/ Yoast SEO plugin. -->","jetpack_featured_media_url":"https:\/\/i0.wp.com\/szaszkogabriella.com\/wp-content\/uploads\/2019\/02\/43429744_294905887770379_55062137864716288_n.jpg?fit=800%2C800&ssl=1","jetpack_publicize_connections":[],"jetpack_sharing_enabled":true,"jetpack_shortlink":"https:\/\/wp.me\/p6aBpy-Ss","jetpack_likes_enabled":true,"jetpack-related-posts":[{"id":1004,"url":"https:\/\/szaszkogabriella.com\/index.php\/hu\/2015\/09\/11\/paros-pentek-prompt-friday-2\/","url_meta":{"origin":3376,"position":0},"title":"P\u00e1ros P\u00e9ntek - Prompt Friday","date":"September 11, 2015","format":false,"excerpt":"Today prompt is the following: \"A kid comes out of the school bathroom with toilet paper dangling from his or her waistband.\" My fantasy went really funny yesterday, so my souliton is about a strange monster who lives in the school bathroom. You can find Fanni's piece in Ink, Maps\u2026","rel":"","context":"In &quot;In English&quot;","img":{"alt_text":"","src":"","width":0,"height":0},"classes":[]}],"_links":{"self":[{"href":"https:\/\/szaszkogabriella.com\/index.php\/wp-json\/wp\/v2\/posts\/3376"}],"collection":[{"href":"https:\/\/szaszkogabriella.com\/index.php\/wp-json\/wp\/v2\/posts"}],"about":[{"href":"https:\/\/szaszkogabriella.com\/index.php\/wp-json\/wp\/v2\/types\/post"}],"author":[{"embeddable":true,"href":"https:\/\/szaszkogabriella.com\/index.php\/wp-json\/wp\/v2\/users\/1"}],"replies":[{"embeddable":true,"href":"https:\/\/szaszkogabriella.com\/index.php\/wp-json\/wp\/v2\/comments?post=3376"}],"version-history":[{"count":3,"href":"https:\/\/szaszkogabriella.com\/index.php\/wp-json\/wp\/v2\/posts\/3376\/revisions"}],"predecessor-version":[{"id":3391,"href":"https:\/\/szaszkogabriella.com\/index.php\/wp-json\/wp\/v2\/posts\/3376\/revisions\/3391"}],"wp:featuredmedia":[{"embeddable":true,"href":"https:\/\/szaszkogabriella.com\/index.php\/wp-json\/wp\/v2\/media\/2552"}],"wp:attachment":[{"href":"https:\/\/szaszkogabriella.com\/index.php\/wp-json\/wp\/v2\/media?parent=3376"}],"wp:term":[{"taxonomy":"category","embeddable":true,"href":"https:\/\/szaszkogabriella.com\/index.php\/wp-json\/wp\/v2\/categories?post=3376"},{"taxonomy":"post_tag","embeddable":true,"href":"https:\/\/szaszkogabriella.com\/index.php\/wp-json\/wp\/v2\/tags?post=3376"}],"curies":[{"name":"wp","href":"https:\/\/api.w.org\/{rel}","templated":true}]}}