{"id":49,"date":"2014-08-24T12:39:00","date_gmt":"2014-08-24T12:39:00","guid":{"rendered":"http:\/\/szaszkogabriella.com\/index.php\/2014\/08\/24\/fejezz-be-valami\/"},"modified":"2015-05-09T20:24:26","modified_gmt":"2015-05-09T20:24:26","slug":"fejezz-be-valami","status":"publish","type":"post","link":"https:\/\/szaszkogabriella.com\/index.php\/hu\/2014\/08\/24\/fejezz-be-valami\/","title":{"rendered":"Fejezz be valamit!"},"content":{"rendered":"<div class=\"separator\" style=\"clear: both; text-align: center;\">\n<a href=\"https:\/\/i0.wp.com\/szaszkogabriella.com\/wp-content\/uploads\/2014\/08\/Clipboard-1.jpg\" imageanchor=\"1\" style=\"clear: left; float: left; margin-bottom: 1em; margin-right: 1em;\"><img decoding=\"async\" loading=\"lazy\" border=\"0\" src=\"https:\/\/i0.wp.com\/szaszkogabriella.com\/wp-content\/uploads\/2014\/08\/Clipboard-1.jpg?resize=320%2C309\" height=\"309\" width=\"320\" data-recalc-dims=\"1\" \/><\/a><\/div>\n<p><b>Bevallom \u0151szint\u00e9n \u00e9n magam is b\u0171n\u00f6s vagyok. Sokszor elveszek a f\u00e9lbehagyott t\u00f6rt\u00e9netek \u00fatveszt\u0151j\u00e9ben, amelyek csak parlagon hevernek a sz\u00e1m\u00edt\u00f3g\u00e9pemen, \u00e9s hangosan sik\u00edtanak az\u00e9rt, hogy fejezzem be \u0151ket. Most \u00edrok egy kicsit a f\u00e9lbehagy\u00e1s \u00e1ltal okozott szorong\u00e1sr\u00f3l.<\/b><\/p>\n<p>Amikor tizen\u00e9ves korom elej\u00e9n azon gondolkoztam, hogy lehetn\u00e9k-e \u00edr\u00f3, akkor mindig az ugrott a fejembe, hogy k\u00e9ptelen lenn\u00e9k annyi \u00faj t\u00f6rt\u00e9netet kital\u00e1lni, hogy sok reg\u00e9nyt megalkossak. Most, hogy \u00edrok egy p\u00e1r \u00e9ve, \u00e9ppen az ellenkez\u0151 probl\u00e9ma gy\u00f6t\u00f6r. T\u00fal sok \u00f6tlet hever elkezdve, lev\u00e1zolva jegyzetf\u00fczetekben \u00e9s sz\u00e1m\u00edt\u00f3g\u00e9pes dokumentumokban. Az idei ny\u00e1rnak is egy hossz\u00fa list\u00e1val kezdtem neki, hogy mit is kellene befejeznem.<\/p>\n<div class=\"separator\" style=\"clear: both; text-align: center;\">\n<a href=\"https:\/\/i0.wp.com\/szaszkogabriella.com\/wp-content\/uploads\/2014\/08\/e31d5b1b1726c1ea64ab4c2b43857050.jpg\" imageanchor=\"1\" style=\"margin-left: 1em; margin-right: 1em;\"><img decoding=\"async\" loading=\"lazy\" border=\"0\" src=\"https:\/\/i0.wp.com\/szaszkogabriella.com\/wp-content\/uploads\/2014\/08\/e31d5b1b1726c1ea64ab4c2b43857050.jpg?resize=400%2C300\" height=\"300\" width=\"400\" data-recalc-dims=\"1\" \/><\/a><\/div>\n<p>Mostans\u00e1g folyamatosan abba a csapd\u00e1ba estem, hogy egy t\u00f6rt\u00e9net csak addig lelkes\u00edtett, am\u00edg nem tal\u00e1ltam egy n\u00e1la is \u00e9rdekesebbet. Ez hasonlatos ahhoz az \u00e9rz\u00e9shez, amikor az embernek adnak t\u00edz j\u00f3 k\u00f6nyvet a kez\u00e9be, \u00e9s ugyan elkezdi olvasni az egyiket, ami ak\u00e1r igaz\u00e1n j\u00f3 is lehet, de s\u00f3v\u00e1rogva tekint a t\u00f6bbire, amiket \u00e9ppen nem olvas. N\u00e1lam pontosan \u00edgy van ez az \u00edr\u00e1ssal is.<\/p>\n<p>Ezen a ny\u00e1ron megsz\u00fcletett a fejemben egy kisreg\u00e9ny (ahogy el\u0151z\u0151 t\u00e9len is, amit egyel\u0151re f\u00e9lbehagytam). De elhat\u00e1roztam, hogy ezt bizony \u00e9n befejezem. \u00cdrtam egy list\u00e1t a befejezend\u0151 dolgokr\u00f3l, \u00e9s most b\u00fcszk\u00e9n kijelenthetem, hogy ma egy 17 762 szavas kisreg\u00e9ny v\u00e9g\u00e9re tettem pontot.<\/p>\n<div class=\"separator\" style=\"clear: both; text-align: center;\">\n<a href=\"https:\/\/i1.wp.com\/szaszkogabriella.com\/wp-content\/uploads\/2014\/08\/Clipboard-2.jpg\" imageanchor=\"1\" style=\"margin-left: 1em; margin-right: 1em;\"><img decoding=\"async\" loading=\"lazy\" border=\"0\" src=\"https:\/\/i1.wp.com\/szaszkogabriella.com\/wp-content\/uploads\/2014\/08\/Clipboard-2.jpg?resize=400%2C262\" height=\"262\" width=\"400\" data-recalc-dims=\"1\" \/><\/a><\/div>\n<div class=\"separator\" style=\"clear: both; text-align: center;\">\n<a href=\"https:\/\/i1.wp.com\/szaszkogabriella.com\/wp-content\/uploads\/2014\/08\/407905_475281932529434_1540395329_n.jpg\" imageanchor=\"1\" style=\"clear: left; float: left; margin-bottom: 1em; margin-right: 1em;\"><img decoding=\"async\" loading=\"lazy\" border=\"0\" src=\"https:\/\/i1.wp.com\/szaszkogabriella.com\/wp-content\/uploads\/2014\/08\/407905_475281932529434_1540395329_n.jpg?resize=240%2C320\" height=\"320\" width=\"240\" data-recalc-dims=\"1\" \/><\/a><\/div>\n<p>A befejezetlen t\u00f6rt\u00e9netek sz\u00e1momra iszonyatos frusztr\u00e1ci\u00f3t jelentenek. Sokszor csak j\u00f6nnek az \u00f6tletek, csapongnak a fejemben, \u00e9s eg\u00e9sz egyszer\u0171en nem \u00fcl\u00f6k le meg\u00edrni \u0151ket. Ezen a kellemetlen \u00e9rz\u00e9sen is csak az \u00edr\u00e1s tud enyh\u00edteni. Mintha v\u00e9gre levezetn\u00e9 az ember a f\u00e1radt g\u0151zt, kiadn\u00e1 azokat a szavakat \u00e9s gondolatokat, amelyek bel\u00fclr\u0151l fesz\u00edtik.<\/p>\n<p>Ebb\u0151l az eg\u00e9szb\u0151l csak az a konkl\u00fazi\u00f3 vonhat\u00f3 le, hogy \u00edrni nem mindig k\u00f6nny\u0171. Befejezni ann\u00e1l nehezebb. N\u00e9ha el\u0151t\u00e1ncolnak a cs\u00e1bos \u00f6tletek az elm\u00e9nk m\u00e9ly\u00e9r\u0151l, amelyek sokkal jobbnak t\u0171nnek, mint amiben \u00e9ppen benne vagyunk. De n\u00e9ha musz\u00e1j befejezni valamit, amit elkezdt\u00fcnk, hiszen az \u00e9rz\u00e9s rettenetesen felszabad\u00edt\u00f3 tud lenni.<\/p>\n<p>Ennek ellen\u00e9re m\u00e9g mindig b\u0171n\u00f6s vagyok. Most \u00e9ppen n\u00e9gy elkezdett reg\u00e9ny nyomja a v\u00e1llamat, amelyekhez egy sz\u00e9p napon vissza akarok t\u00e9rni. A novell\u00e1kr\u00f3l ink\u00e1bb ne is besz\u00e9lj\u00fcnk, azt t\u00fal f\u00e1jdalmas lenne elmondani.<\/p>\n<div class=\"separator\" style=\"clear: both; text-align: center;\">\n<a href=\"https:\/\/i0.wp.com\/szaszkogabriella.com\/wp-content\/uploads\/2014\/08\/36d12ddd3815c2e1d3d9f243a50fddd4.jpg\" imageanchor=\"1\" style=\"margin-left: 1em; margin-right: 1em;\"><img decoding=\"async\" loading=\"lazy\" border=\"0\" src=\"https:\/\/i0.wp.com\/szaszkogabriella.com\/wp-content\/uploads\/2014\/08\/36d12ddd3815c2e1d3d9f243a50fddd4.jpg?resize=400%2C268\" height=\"268\" width=\"400\" data-recalc-dims=\"1\" \/><\/a><\/div>\n<p>k\u00e9pek forr\u00e1sa: Pinterest<\/p>\n","protected":false},"excerpt":{"rendered":"<p>Bevallom \u0151szint\u00e9n \u00e9n magam is b\u0171n\u00f6s vagyok. Sokszor elveszek a f\u00e9lbehagyott t\u00f6rt\u00e9netek \u00fatveszt\u0151j\u00e9ben, amelyek csak parlagon hevernek a sz\u00e1m\u00edt\u00f3g\u00e9pemen, \u00e9s hangosan sik\u00edtanak az\u00e9rt, hogy fejezzem be \u0151ket. Most \u00edrok egy kicsit a f\u00e9lbehagy\u00e1s \u00e1ltal okozott szorong\u00e1sr\u00f3l. Amikor tizen\u00e9ves korom elej\u00e9n &hellip; <a class=\"more-link\" href=\"https:\/\/szaszkogabriella.com\/index.php\/hu\/2014\/08\/24\/fejezz-be-valami\/\">Continue reading <span class=\"meta-nav\">&rarr;<\/span><\/a><\/p>\n","protected":false},"author":1,"featured_media":336,"comment_status":"open","ping_status":"open","sticky":false,"template":"","format":"standard","meta":{"spay_email":"","jetpack_publicize_message":"","jetpack_is_tweetstorm":false},"categories":[338,341],"tags":[126,127,12,128,129,83],"yoast_head":"<!-- This site is optimized with the Yoast SEO plugin v16.2 - https:\/\/yoast.com\/wordpress\/plugins\/seo\/ -->\n<meta name=\"robots\" content=\"index, follow, max-snippet:-1, max-image-preview:large, max-video-preview:-1\" \/>\n<link rel=\"canonical\" href=\"https:\/\/szaszkogabriella.com\/index.php\/hu\/2014\/08\/24\/fejezz-be-valami\/\" \/>\n<meta property=\"og:locale\" content=\"en_US\" \/>\n<meta property=\"og:type\" content=\"article\" \/>\n<meta property=\"og:title\" content=\"Fejezz be valamit! - Szaszk\u00f3 Gabriella\" \/>\n<meta property=\"og:description\" content=\"Bevallom \u0151szint\u00e9n \u00e9n magam is b\u0171n\u00f6s vagyok. Sokszor elveszek a f\u00e9lbehagyott t\u00f6rt\u00e9netek \u00fatveszt\u0151j\u00e9ben, amelyek csak parlagon hevernek a sz\u00e1m\u00edt\u00f3g\u00e9pemen, \u00e9s hangosan sik\u00edtanak az\u00e9rt, hogy fejezzem be \u0151ket. Most \u00edrok egy kicsit a f\u00e9lbehagy\u00e1s \u00e1ltal okozott szorong\u00e1sr\u00f3l. Amikor tizen\u00e9ves korom elej\u00e9n &hellip; Continue reading &rarr;\" \/>\n<meta property=\"og:url\" content=\"https:\/\/szaszkogabriella.com\/index.php\/hu\/2014\/08\/24\/fejezz-be-valami\/\" \/>\n<meta property=\"og:site_name\" content=\"Szaszk\u00f3 Gabriella\" \/>\n<meta property=\"article:author\" content=\"https:\/\/www.facebook.com\/gabriellaszaszkoswriting\" \/>\n<meta property=\"article:published_time\" content=\"2014-08-24T12:39:00+00:00\" \/>\n<meta property=\"article:modified_time\" content=\"2015-05-09T20:24:26+00:00\" \/>\n<meta property=\"og:image\" content=\"https:\/\/i0.wp.com\/szaszkogabriella.com\/wp-content\/uploads\/2014\/08\/Clipboard-1.jpg?fit=498%2C481\" \/>\n\t<meta property=\"og:image:width\" content=\"498\" \/>\n\t<meta property=\"og:image:height\" content=\"481\" \/>\n<meta name=\"twitter:card\" content=\"summary\" \/>\n<meta name=\"twitter:label1\" content=\"Est. reading time\">\n\t<meta name=\"twitter:data1\" content=\"2 minutes\">\n<script type=\"application\/ld+json\" class=\"yoast-schema-graph\">{\"@context\":\"https:\/\/schema.org\",\"@graph\":[{\"@type\":\"WebSite\",\"@id\":\"https:\/\/szaszkogabriella.com\/index.php\/en\/about-me\/#website\",\"url\":\"https:\/\/szaszkogabriella.com\/index.php\/en\/about-me\/\",\"name\":\"Szaszk\\u00f3 Gabriella\",\"description\":\"\",\"potentialAction\":[{\"@type\":\"SearchAction\",\"target\":\"https:\/\/szaszkogabriella.com\/index.php\/en\/about-me\/?s={search_term_string}\",\"query-input\":\"required name=search_term_string\"}],\"inLanguage\":\"en-US\"},{\"@type\":\"ImageObject\",\"@id\":\"https:\/\/szaszkogabriella.com\/index.php\/hu\/2014\/08\/24\/fejezz-be-valami\/#primaryimage\",\"inLanguage\":\"en-US\",\"url\":\"https:\/\/i0.wp.com\/szaszkogabriella.com\/wp-content\/uploads\/2014\/08\/Clipboard-1.jpg?fit=498%2C481&ssl=1\",\"contentUrl\":\"https:\/\/i0.wp.com\/szaszkogabriella.com\/wp-content\/uploads\/2014\/08\/Clipboard-1.jpg?fit=498%2C481&ssl=1\",\"width\":498,\"height\":481},{\"@type\":\"WebPage\",\"@id\":\"https:\/\/szaszkogabriella.com\/index.php\/hu\/2014\/08\/24\/fejezz-be-valami\/#webpage\",\"url\":\"https:\/\/szaszkogabriella.com\/index.php\/hu\/2014\/08\/24\/fejezz-be-valami\/\",\"name\":\"Fejezz be valamit! - Szaszk\\u00f3 Gabriella\",\"isPartOf\":{\"@id\":\"https:\/\/szaszkogabriella.com\/index.php\/en\/about-me\/#website\"},\"primaryImageOfPage\":{\"@id\":\"https:\/\/szaszkogabriella.com\/index.php\/hu\/2014\/08\/24\/fejezz-be-valami\/#primaryimage\"},\"datePublished\":\"2014-08-24T12:39:00+00:00\",\"dateModified\":\"2015-05-09T20:24:26+00:00\",\"author\":{\"@id\":\"https:\/\/szaszkogabriella.com\/index.php\/en\/about-me\/#\/schema\/person\/f1bfdb90405c070d18b4cda6cb2d97e7\"},\"breadcrumb\":{\"@id\":\"https:\/\/szaszkogabriella.com\/index.php\/hu\/2014\/08\/24\/fejezz-be-valami\/#breadcrumb\"},\"inLanguage\":\"en-US\",\"potentialAction\":[{\"@type\":\"ReadAction\",\"target\":[\"https:\/\/szaszkogabriella.com\/index.php\/hu\/2014\/08\/24\/fejezz-be-valami\/\"]}]},{\"@type\":\"BreadcrumbList\",\"@id\":\"https:\/\/szaszkogabriella.com\/index.php\/hu\/2014\/08\/24\/fejezz-be-valami\/#breadcrumb\",\"itemListElement\":[{\"@type\":\"ListItem\",\"position\":1,\"item\":{\"@type\":\"WebPage\",\"@id\":\"https:\/\/szaszkogabriella.com\/index.php\/en\/about-me\/\",\"url\":\"https:\/\/szaszkogabriella.com\/index.php\/en\/about-me\/\",\"name\":\"Home\"}},{\"@type\":\"ListItem\",\"position\":2,\"item\":{\"@id\":\"https:\/\/szaszkogabriella.com\/index.php\/hu\/2014\/08\/24\/fejezz-be-valami\/#webpage\"}}]},{\"@type\":\"Person\",\"@id\":\"https:\/\/szaszkogabriella.com\/index.php\/en\/about-me\/#\/schema\/person\/f1bfdb90405c070d18b4cda6cb2d97e7\",\"name\":\"Gabriella\",\"image\":{\"@type\":\"ImageObject\",\"@id\":\"https:\/\/szaszkogabriella.com\/index.php\/en\/about-me\/#personlogo\",\"inLanguage\":\"en-US\",\"url\":\"https:\/\/secure.gravatar.com\/avatar\/ed8f7419b959f303647d2997795ba3b4?s=96&d=mm&r=g\",\"contentUrl\":\"https:\/\/secure.gravatar.com\/avatar\/ed8f7419b959f303647d2997795ba3b4?s=96&d=mm&r=g\",\"caption\":\"Gabriella\"},\"sameAs\":[\"http:\/\/szaszkogabriella.com\/\",\"https:\/\/www.facebook.com\/gabriellaszaszkoswriting\"]}]}<\/script>\n<!-- \/ Yoast SEO plugin. -->","jetpack_featured_media_url":"https:\/\/i0.wp.com\/szaszkogabriella.com\/wp-content\/uploads\/2014\/08\/Clipboard-1.jpg?fit=498%2C481&ssl=1","jetpack_publicize_connections":[],"jetpack_sharing_enabled":true,"jetpack_shortlink":"https:\/\/wp.me\/p6aBpy-N","jetpack_likes_enabled":true,"jetpack-related-posts":[{"id":3357,"url":"https:\/\/szaszkogabriella.com\/index.php\/hu\/2020\/12\/21\/live-kerdezz-felelek\/","url_meta":{"origin":49,"position":0},"title":"Live k\u00e9rdezz-felelek - Kar\u00e1csony 2020","date":"December 21, 2020","format":false,"excerpt":"M\u00falt szerd\u00e1n egy Facebook Live keret\u00e9n bel\u00fcl v\u00e1laszoltam a k\u00e9rd\u00e9seitekre. De ha b\u00e1rmi kimaradt volna, akkor itt v\u00e1laszoltam az \u00f6sszes \u00e1ltalatok feltett k\u00e9rd\u00e9sre. Ha a Live-ot szeretn\u00e9tek visszan\u00e9zni, akkor ide kattintva el\u00e9rhetitek. \u00cdr\u00e1s Van olyan dolog, amire mindenk\u00e9ppen sz\u00fcks\u00e9ged van az \u00edr\u00e1shoz? Nem vagy olyan \u00edr\u00f3, aki minden k\u00f6r\u00fclm\u00e9nyek k\u00f6z\u00f6tt\u2026","rel":"","context":"In &quot;Calendar of Tales&quot;","img":{"alt_text":"","src":"https:\/\/i0.wp.com\/szaszkogabriella.com\/wp-content\/uploads\/2020\/12\/Brands-Killing-It-on-Facebook-Live.png?fit=740%2C370&ssl=1&resize=350%2C200","width":350,"height":200},"classes":[]},{"id":2687,"url":"https:\/\/szaszkogabriella.com\/index.php\/hu\/2019\/06\/29\/irok-egymas-kozott-zsanerek-buvoleteben\/","url_meta":{"origin":49,"position":1},"title":"\u00cdr\u00f3k egym\u00e1s k\u00f6z\u00f6tt: zs\u00e1nerek b\u0171v\u00f6let\u00e9ben","date":"June 29, 2019","format":false,"excerpt":"Az \u00cdr\u00f3k egym\u00e1s k\u00f6z\u00f6tt havonta megjelen\u0151 k\u00f6rblogol\u00e1s\u00e1ban j\u00faniusban a zs\u00e1nerekr\u0151l igyeksz\u00fcnk besz\u00e9lgetni veletek. Kell-e egy \u00edr\u00f3nak egyfajta zs\u00e1nerben alkotnia csak? Besz\u00e9lgess\u00fcnk err\u0151l a manaps\u00e1g nagyon is sokszor felmer\u00fcl\u0151 t\u00e9m\u00e1r\u00f3l! Ha \u00e9rdekel titeket Fanni, Kl\u00e1ri \u00e9s Emma v\u00e9lem\u00e9nye, akkor kattintsatok a nev\u00fckre! El\u00e9g nehezen j\u00f6tt az ihlet a zs\u00e1neres bejegyz\u00e9sem kapcs\u00e1n.\u2026","rel":"","context":"In &quot;\u00cdr\u00e1sr\u00f3l&quot;","img":{"alt_text":"","src":"https:\/\/i0.wp.com\/szaszkogabriella.com\/wp-content\/uploads\/2019\/02\/43429744_294905887770379_55062137864716288_n.jpg?fit=800%2C800&ssl=1&resize=350%2C200","width":350,"height":200},"classes":[]},{"id":72,"url":"https:\/\/szaszkogabriella.com\/index.php\/hu\/2014\/02\/01\/az-iro-alma-avagy-az-iras-es-az-alvas\/","url_meta":{"origin":49,"position":2},"title":"Az \u00edr\u00f3 \u00e1lma, avagy az \u00edr\u00e1s \u00e9s az alv\u00e1s kapcsolata","date":"February 1, 2014","format":false,"excerpt":"Mai bejegyz\u00e9semben egy \u00e9rdekes kapcsolatot szeretn\u00e9k boncolgatni. El\u0151z\u0151leg \u00edrtam a zen\u00e9k inspir\u00e1l\u00f3 hat\u00e1s\u00e1r\u00f3l, ma pedig az alv\u00e1s \u00e9s az \u00edr\u00e1s \u00f6sszef\u00fcgg\u00e9s\u00e9r\u0151l szeretn\u00e9k sz\u00f3lni egy p\u00e1r mondatot. Sz\u00e1mos \u00edr\u00f3 besz\u00e1molt m\u00e1r arr\u00f3l a jelens\u00e9gr\u0151l, hogy elalv\u00e1s el\u0151tt t\u00e1madnak a legjobb gondolataik. Ezzel \u00e9n sem vagyok m\u00e1sk\u00e9pp. Az alv\u00e1s el\u0151tti id\u0151szakot mindig\u2026","rel":"","context":"In &quot;\u00cdr\u00e1sr\u00f3l&quot;","img":{"alt_text":"","src":"https:\/\/i2.wp.com\/szaszkogabriella.com\/wp-content\/uploads\/2014\/02\/9948bd8f32bd299b82f8a924487c1647.jpg?fit=540%2C600&ssl=1&resize=350%2C200","width":350,"height":200},"classes":[]},{"id":2587,"url":"https:\/\/szaszkogabriella.com\/index.php\/hu\/2019\/03\/11\/irok-egymas-kozott-iros-szorongasok\/","url_meta":{"origin":49,"position":3},"title":"\u00cdr\u00f3k egym\u00e1s k\u00f6z\u00f6tt: \u00cdr\u00f3s szorong\u00e1sok","date":"March 11, 2019","format":false,"excerpt":"Az \u00cdr\u00f3k egym\u00e1s k\u00f6z\u00f6tt rovatunk ebben a h\u00f3napban az \u00edr\u00f3s szorong\u00e1sok felvon\u00e1ssal jelentkezik. A t\u00e9ma nagyon \u00e9rdekes, ugyanis \u00e9n m\u00e9g azon is k\u00e9pes vagyok szorongani, ha \u00e9ppen nem szorongok (azon meg v\u00e9gk\u00e9pp, ha \u00e9pp szorongok), sz\u00f3val val\u00f3sz\u00edn\u0171leg nem is fogom tudni felsorolni, mennyi aggodalom kering a fejemben az \u00edr\u00e1ssal kapcsolatban\u2026","rel":"","context":"In &quot;\u00cdr\u00e1sr\u00f3l&quot;","img":{"alt_text":"","src":"https:\/\/i2.wp.com\/szaszkogabriella.com\/wp-content\/uploads\/2018\/11\/43448583_1560276820738476_4240860509185769472_n-1.jpg?fit=800%2C800&ssl=1&resize=350%2C200","width":350,"height":200},"classes":[]},{"id":57,"url":"https:\/\/szaszkogabriella.com\/index.php\/hu\/2014\/06\/06\/filmek-iroknak-irokrol-es-mindenki\/","url_meta":{"origin":49,"position":4},"title":"Filmek \u00edr\u00f3kr\u00f3l \u00edr\u00f3knak \u00e9s mindenki m\u00e1snak","date":"June 6, 2014","format":false,"excerpt":"Az \u00edr\u00e1s \u00e9s a k\u00f6nyvek mellett a filmek is a kr\u00f3nikus t\u00f6rt\u00e9net-szenved\u00e9lyem r\u00e9sz\u00e9t k\u00e9pzik. \u00c9ppen ez\u00e9rt \u00fagy gondoltam, hogy eheti bejegyez\u00e9semben hozok p\u00e1r filmet, amelyben \u00edr\u00f3k a f\u0151szerepl\u0151k, esetleg fontos szerepet kap az \u00edr\u00e1s tev\u00e9kenys\u00e9ge. Volt mib\u0151l szemezgetnem, hiszen rengeteg mozi sz\u00f3l err\u0151l a t\u00e9m\u00e1r\u00f3l. Nem v\u00e9letlen\u00fcl, hiszen a filmeket\u2026","rel":"","context":"In &quot;Aj\u00e1nl\u00f3k&quot;","img":{"alt_text":"","src":"","width":0,"height":0},"classes":[]},{"id":1899,"url":"https:\/\/szaszkogabriella.com\/index.php\/hu\/2017\/11\/15\/furcsa-iros-szokasok\/","url_meta":{"origin":49,"position":5},"title":"Furcsa \u00edr\u00f3s szok\u00e1sok","date":"November 15, 2017","format":false,"excerpt":"Novemberben prec\u00edzebben lehet tanulm\u00e1nyozni az \u00f6sszes furcsa, \u00edr\u00f3s szok\u00e1st, mivel a NaNo alatt t\u00e9nyleg napi k\u00e9t-h\u00e1rom \u00f3r\u00e1t t\u00f6lt\u00f6k \u00edr\u00e1ssal. Ny\u00edr\u0151 Szabina oldal\u00e1n l\u00e1ttam meg az ihlet-palacsint\u00e1t, ami arra ihletett, hogy blogoljak egy kicsit a saj\u00e1t furcsas\u00e1gaimr\u00f3l. A Maradj velem megjelen\u00e9se ut\u00e1n \u00fagyis sokan k\u00e9rdezgett\u00e9k, hogyan is \u00edrok, most p\u00e1r pontban\u2026","rel":"","context":"In &quot;\u00cdr\u00e1sr\u00f3l&quot;","img":{"alt_text":"","src":"https:\/\/i1.wp.com\/szaszkogabriella.com\/wp-content\/uploads\/2017\/11\/pexels-photo-529926.jpeg?fit=1200%2C825&ssl=1&resize=350%2C200","width":350,"height":200},"classes":[]}],"_links":{"self":[{"href":"https:\/\/szaszkogabriella.com\/index.php\/wp-json\/wp\/v2\/posts\/49"}],"collection":[{"href":"https:\/\/szaszkogabriella.com\/index.php\/wp-json\/wp\/v2\/posts"}],"about":[{"href":"https:\/\/szaszkogabriella.com\/index.php\/wp-json\/wp\/v2\/types\/post"}],"author":[{"embeddable":true,"href":"https:\/\/szaszkogabriella.com\/index.php\/wp-json\/wp\/v2\/users\/1"}],"replies":[{"embeddable":true,"href":"https:\/\/szaszkogabriella.com\/index.php\/wp-json\/wp\/v2\/comments?post=49"}],"version-history":[{"count":1,"href":"https:\/\/szaszkogabriella.com\/index.php\/wp-json\/wp\/v2\/posts\/49\/revisions"}],"predecessor-version":[{"id":341,"href":"https:\/\/szaszkogabriella.com\/index.php\/wp-json\/wp\/v2\/posts\/49\/revisions\/341"}],"wp:featuredmedia":[{"embeddable":true,"href":"https:\/\/szaszkogabriella.com\/index.php\/wp-json\/wp\/v2\/media\/336"}],"wp:attachment":[{"href":"https:\/\/szaszkogabriella.com\/index.php\/wp-json\/wp\/v2\/media?parent=49"}],"wp:term":[{"taxonomy":"category","embeddable":true,"href":"https:\/\/szaszkogabriella.com\/index.php\/wp-json\/wp\/v2\/categories?post=49"},{"taxonomy":"post_tag","embeddable":true,"href":"https:\/\/szaszkogabriella.com\/index.php\/wp-json\/wp\/v2\/tags?post=49"}],"curies":[{"name":"wp","href":"https:\/\/api.w.org\/{rel}","templated":true}]}}