{"id":56,"date":"2014-06-15T14:45:00","date_gmt":"2014-06-15T14:45:00","guid":{"rendered":"http:\/\/szaszkogabriella.com\/index.php\/2014\/06\/15\/az-atiras-gyonyoru-gyotrelme\/"},"modified":"2015-05-09T20:26:04","modified_gmt":"2015-05-09T20:26:04","slug":"az-atiras-gyonyoru-gyotrelme","status":"publish","type":"post","link":"https:\/\/szaszkogabriella.com\/index.php\/hu\/2014\/06\/15\/az-atiras-gyonyoru-gyotrelme\/","title":{"rendered":"Az \u00e1t\u00edr\u00e1s gy\u00f6ny\u00f6r\u0171 gy\u00f6trelme"},"content":{"rendered":"<div class=\"separator\" style=\"clear: both; text-align: center;\">\n<a href=\"https:\/\/i1.wp.com\/szaszkogabriella.com\/wp-content\/uploads\/2014\/06\/676bb23866e2c28a32fa6f6df37aef9d.jpg\" imageanchor=\"1\" style=\"clear: left; float: left; margin-bottom: 1em; margin-right: 1em;\"><img decoding=\"async\" loading=\"lazy\" border=\"0\" src=\"https:\/\/i1.wp.com\/szaszkogabriella.com\/wp-content\/uploads\/2014\/06\/676bb23866e2c28a32fa6f6df37aef9d.jpg?resize=143%2C200\" height=\"200\" width=\"143\" data-recalc-dims=\"1\" \/><\/a><\/div>\n<div class=\"MsoNormal\" style=\"margin-bottom: 0.0001pt;\">\n<b>Amikor hossz\u00fa \u00e9vekkel ezel\u0151tt megfogant bennem a gondolat, hogy kellene<br \/>\n\u00edrni egy reg\u00e9nyt, akkor azt gondoltam, hogy a meg\u00edr\u00e1s lesz benne a legnehezebb.<br \/>\nTeljesen kezd\u0151, h\u00fasz\u00e9ves fejjel azt hittem, hogy ha meg\u00edrok egy reg\u00e9nyt, akkor<br \/>\naz k\u00e9szen van. Pedig az igazi munka akkor kezd\u0151dik, amikor a reg\u00e9ny v\u00e9g\u00e9re<br \/>\nkibiggyesztett\u00fck a V\u00c9GE ki\u00edr\u00e1st.<\/b><\/div>\n<div class=\"MsoNormal\" style=\"margin-bottom: 0.0001pt;\">\n<\/div>\n<div class=\"MsoNormal\" style=\"margin-bottom: 0.0001pt;\">\nA mai napig sokan nem \u00e9rtik azt, hogy mi\u00e9rt is kell annyiszor \u00e1t\u00edrni. P\u00e1ran<br \/>\naz \u00e9n \u00f6nbizalomhi\u00e1nyomnak tartj\u00e1k, hogy sohasem vagyok el\u00e9gedett egy reg\u00e9nnyel.<br \/>\nEz csak term\u00e9szetes, hiszen egy reg\u00e9ny sohasem lesz igaz\u00e1n k\u00e9szen. Egyszer csak<br \/>\nbefejezz\u00fck a jav\u00edt\u00e1st, \u00e9s nagyj\u00e1b\u00f3l el\u00e9gedettek vagyunk a munk\u00e1nkkal.&nbsp;<\/div>\n<div class=\"MsoNormal\" style=\"margin-bottom: 0.0001pt;\">\n<\/div>\n<div class=\"separator\" style=\"clear: both; text-align: center;\">\n<a href=\"https:\/\/i2.wp.com\/szaszkogabriella.com\/wp-content\/uploads\/2014\/06\/36.jpg\" imageanchor=\"1\" style=\"margin-left: 1em; margin-right: 1em;\"><img decoding=\"async\" loading=\"lazy\" border=\"0\" src=\"https:\/\/i2.wp.com\/szaszkogabriella.com\/wp-content\/uploads\/2014\/06\/36.jpg?resize=400%2C301\" height=\"301\" width=\"400\" data-recalc-dims=\"1\" \/><\/a><\/div>\n<div class=\"MsoNormal\" style=\"margin-bottom: 0.0001pt;\">\n<\/div>\n<div class=\"separator\" style=\"clear: both; text-align: center;\">\n<\/div>\n<div class=\"MsoNormal\" style=\"margin-bottom: 0.0001pt;\">\nAz \u00e9n m\u00f3dszerem biztosan nem a legmegfelel\u0151bb. \u00dagy dolgozom, hogy el\u0151sz\u00f6r<br \/>\nmeg\u00edrok egy reg\u00e9nyt teljesen, majd elrakom p\u00e1r h\u00e9tre, \u00e9s ut\u00e1na \u00fcl\u00f6k neki<br \/>\n\u00e1t\u00edrni. Sokan \u00fagy dolgoznak, hogy folyamatosan \u00edrj\u00e1k \u00e1t az el\u0151z\u0151 r\u00e9szeket, de<br \/>\n\u00e9n szeretem a k\u00e9t munkam\u00f3dot teljesen k\u00fcl\u00f6nv\u00e1lasztani egym\u00e1st\u00f3l.<\/div>\n<div class=\"MsoNormal\" style=\"margin-bottom: 0.0001pt;\">\n<\/div>\n<div class=\"separator\" style=\"clear: both; text-align: center;\">\n<a href=\"https:\/\/i2.wp.com\/szaszkogabriella.com\/wp-content\/uploads\/2014\/06\/95355c3708a083c30413ec079c721801.jpg\" imageanchor=\"1\" style=\"margin-left: 1em; margin-right: 1em;\"><img decoding=\"async\" loading=\"lazy\" border=\"0\" src=\"https:\/\/i2.wp.com\/szaszkogabriella.com\/wp-content\/uploads\/2014\/06\/95355c3708a083c30413ec079c721801.jpg?resize=400%2C265\" height=\"265\" width=\"400\" data-recalc-dims=\"1\" \/><\/a><\/div>\n<div class=\"MsoNormal\" style=\"margin-bottom: 0.0001pt;\">\n<\/div>\n<div class=\"MsoNormal\" style=\"margin-bottom: 0.0001pt;\">\n<\/div>\n<div class=\"MsoNormal\" style=\"margin-bottom: 0.0001pt;\">\nMostan\u00e1ban \u00e9ppen \u00e1t\u00edr\u00f3s, szerkeszt\u0151s f\u00e1zisomat \u00e9lem. Nemr\u00e9g fejeztem be a<br \/>\nBesz\u00e9lj hozz\u00e1m c\u00edm\u0171 k\u00e9ziratom els\u0151 \u00e1t\u00edr\u00e1s\u00e1t, \u00e9s most \u00e9ppen a L\u00e9lek-\u00fat c\u00edm\u0171<br \/>\nreg\u00e9nyemet szerkesztem \u00e1t. A L\u00e9lek-\u00fat az els\u0151 igazi reg\u00e9nyem volt, \u00e9s \u00edr\u00e1sa<br \/>\nut\u00e1n rengeteg tapasztalatot gy\u0171jt\u00f6ttem. A reg\u00e9ny most m\u00e1r legal\u00e1bb hatodj\u00e1ra<br \/>\n\u00edr\u00f3dik \u00e1t, ami n\u00e9ha igazi gy\u00f6trelem sz\u00e1momra. Enn\u00e9l az \u00edr\u00e1somn\u00e1l m\u00e1r<br \/>\nsz\u00e1mtalanszor \u00e9reztem azt, hogy legsz\u00edvesebben hagyn\u00e1m, nem megy ez nekem.<br \/>\nEgyed\u00fcl az els\u0151 olvas\u00f3im inspir\u00e1lnak, akik szeretik ezt a k\u00e9ziratot \u00e9s l\u00e1tnak<br \/>\nbenne fant\u00e1zi\u00e1t. Az \u0151 tan\u00e1csaikba kapaszkodva pr\u00f3b\u00e1lok most tapasztaltabb<br \/>\nfejjel egy jobb verzi\u00f3t alkotni ebb\u0151l a reg\u00e9nyb\u0151l.&nbsp;<\/div>\n<div class=\"MsoNormal\" style=\"margin-bottom: 0.0001pt;\">\n<\/div>\n<div class=\"separator\" style=\"clear: both; text-align: center;\">\n<a href=\"https:\/\/i2.wp.com\/szaszkogabriella.com\/wp-content\/uploads\/2014\/06\/4792964428_fbcb0444a8_z.jpg\" imageanchor=\"1\" style=\"margin-left: 1em; margin-right: 1em;\"><img decoding=\"async\" loading=\"lazy\" border=\"0\" src=\"https:\/\/i2.wp.com\/szaszkogabriella.com\/wp-content\/uploads\/2014\/06\/4792964428_fbcb0444a8_z.jpg?resize=400%2C265\" height=\"265\" width=\"400\" data-recalc-dims=\"1\" \/><\/a><\/div>\n<div class=\"MsoNormal\" style=\"margin-bottom: 0.0001pt;\">\n<\/div>\n<div class=\"MsoNormal\" style=\"margin-bottom: 0.0001pt;\">\n\u00cdr\u00f3iskol\u00e1n tanultam m\u00e9g a 39-es szab\u00e1lyr\u00f3l. Hemingway szerint 39-szer kell<br \/>\n\u00fajra\u00edrni mindent, hiszen az \u00e1t\u00edr\u00e1s k\u00fcl\u00f6nb\u00f6zteti meg a kezd\u0151 \u00edr\u00f3t a tapasztalt<br \/>\n\u00edr\u00f3t\u00f3l. Ezt valahol meg is tudom er\u0151s\u00edteni, b\u00e1r a tapasztalt \u00edr\u00f3 st\u00e1tuszt\u00f3l m\u00e9g<br \/>\nmessze \u00e1llok. Amikor a L\u00e9lek-\u00fathoz igazi jav\u00edt\u00e1si javaslatokat kaptam, \u00e9s<br \/>\nfelt\u0171nt, hogy m\u00e1shogy kellene megsz\u00f3laltatnom a szerepl\u0151ket, akkor m\u00e1r annyira<br \/>\nelegem volt a k\u00e9ziratb\u00f3l, hogy legal\u00e1bb m\u00e1sf\u00e9l \u00e9vre f\u00e9lre kellett tennem. Most<br \/>\nm\u00e1jusban kaptam csak \u00faj er\u0151re, hogy k\u00e9pes legyek alapjaiban megv\u00e1ltoztatni a<br \/>\nreg\u00e9nyt.<\/div>\n<div class=\"MsoNormal\" style=\"margin-bottom: 0.0001pt;\">\n<\/div>\n<div class=\"separator\" style=\"clear: both; text-align: center;\">\n<a href=\"https:\/\/i0.wp.com\/szaszkogabriella.com\/wp-content\/uploads\/2014\/06\/96310b6a9f48e71a3d47f7be9699d5cb.jpg\" imageanchor=\"1\" style=\"margin-left: 1em; margin-right: 1em;\"><img decoding=\"async\" loading=\"lazy\" border=\"0\" src=\"https:\/\/i0.wp.com\/szaszkogabriella.com\/wp-content\/uploads\/2014\/06\/96310b6a9f48e71a3d47f7be9699d5cb.jpg?resize=391%2C400\" height=\"400\" width=\"391\" data-recalc-dims=\"1\" \/><\/a><\/div>\n<div class=\"MsoNormal\" style=\"margin-bottom: 0.0001pt;\">\n<\/div>\n<div class=\"MsoNormal\" style=\"margin-bottom: 0.0001pt;\">\n<\/div>\n<div class=\"MsoNormal\" style=\"margin-bottom: 0.0001pt;\">\nMindenk\u00e9ppen fontos, hogy az \u00edr\u00e1s \u00e9s az \u00e1t\u00edr\u00e1s ar\u00e1nya 20-80 sz\u00e1zal\u00e9kos<br \/>\nar\u00e1nyban legyenek egym\u00e1s mellett. Am\u00edg az \u00edr\u00e1s szabad, k\u00f6nnyed \u00e9s kreat\u00edv<br \/>\nmunka, addig az \u00e1tdolgoz\u00e1s sor\u00e1n kell igaz\u00e1n v\u00e9rt izzadni. Tal\u00e1n ez a<br \/>\nlegnehezebb a reg\u00e9ny\u00edr\u00e1sban. Ha belegondolunk, egy hosszabb reg\u00e9ny meg\u00edr\u00e1sa<br \/>\nak\u00e1r m\u00e1sf\u00e9l-k\u00e9t \u00e9vig is eltarthat, \u00e9s m\u00e9g ha erre r\u00e1sz\u00e1moljuk a hossz\u00fa<br \/>\nszerkeszt\u00e9st, akkor a legt\u00f6bben ink\u00e1bb hagyn\u00e1nk a fen\u00e9be az eg\u00e9szet.<br \/>\nVal\u00f3sz\u00edn\u0171leg ehhez kell egy kis \u0151r\u00fclts\u00e9g \u00e9s igazi szerelem, amit a t\u00f6rt\u00e9net\u00fcnk<br \/>\nir\u00e1nt t\u00e1pl\u00e1lunk.&nbsp;<\/div>\n<div class=\"MsoNormal\" style=\"margin-bottom: 0.0001pt;\">\n<\/div>\n<div class=\"separator\" style=\"clear: both; text-align: center;\">\n<a href=\"https:\/\/i2.wp.com\/szaszkogabriella.com\/wp-content\/uploads\/2014\/06\/I__m_writing_u_a_poem_by_saltyshadow.jpg\" imageanchor=\"1\" style=\"margin-left: 1em; margin-right: 1em;\"><img decoding=\"async\" loading=\"lazy\" border=\"0\" src=\"https:\/\/i2.wp.com\/szaszkogabriella.com\/wp-content\/uploads\/2014\/06\/I__m_writing_u_a_poem_by_saltyshadow.jpg?resize=400%2C256\" height=\"256\" width=\"400\" data-recalc-dims=\"1\" \/><\/a><\/div>\n<div class=\"MsoNormal\" style=\"margin-bottom: 0.0001pt;\">\n<\/div>\n<div class=\"MsoNormal\" style=\"margin-bottom: 0.0001pt;\">\n<\/div>\n<div class=\"separator\" style=\"clear: both; text-align: center;\">\n<\/div>\n<p>Stephen Kingn\u00e9l olvastam, hogy akkor igaz\u00e1n j\u00f3 egy reg\u00e9ny, hogyha m\u00e1r<br \/>\nannyiszor olvastuk el, hogy rettenetesen unjuk az eg\u00e9szet. N\u00e9ha hasonl\u00f3an<br \/>\nvagyok a L\u00e9lek-\u00fattal. De addig biztosan van \u00e9rtelme a munk\u00e1nak \u00e9s az \u00e1t\u00edr\u00e1snak,<br \/>\nam\u00edg n\u00e9ha felcsillan az \u00edr\u00f3 szeme \u00e9s fels\u00f3hajt, hogy mennyire szereti a saj\u00e1t<br \/>\nt\u00f6rt\u00e9net\u00e9t, m\u00e9g akkor is, hogyha soha, de soha nem lesz t\u00f6k\u00e9letes \u00e9s vagy<br \/>\nezerszer kell neki\u00fclnie az \u00e1t\u00edr\u00e1snak. Aki r\u00e9g\u00f3ta \u00e1polgatja k\u00e9ziratait, az<br \/>\nbiztosan \u00e9rti, mire is gondolok.&nbsp;<\/p>\n<div class=\"MsoNormal\" style=\"margin-bottom: 0.0001pt;\">\n<\/div>\n<div class=\"MsoNormal\" style=\"margin-bottom: 0.0001pt;\">\nk\u00e9pek forr\u00e1sa: Pinterest<\/div>\n","protected":false},"excerpt":{"rendered":"<p>Amikor hossz\u00fa \u00e9vekkel ezel\u0151tt megfogant bennem a gondolat, hogy kellene \u00edrni egy reg\u00e9nyt, akkor azt gondoltam, hogy a meg\u00edr\u00e1s lesz benne a legnehezebb. Teljesen kezd\u0151, h\u00fasz\u00e9ves fejjel azt hittem, hogy ha meg\u00edrok egy reg\u00e9nyt, akkor az k\u00e9szen van. Pedig az &hellip; <a class=\"more-link\" href=\"https:\/\/szaszkogabriella.com\/index.php\/hu\/2014\/06\/15\/az-atiras-gyonyoru-gyotrelme\/\">Continue reading <span class=\"meta-nav\">&rarr;<\/span><\/a><\/p>\n","protected":false},"author":1,"featured_media":378,"comment_status":"open","ping_status":"open","sticky":false,"template":"","format":"standard","meta":{"spay_email":"","jetpack_publicize_message":"","jetpack_is_tweetstorm":false},"categories":[338,341],"tags":[156,160,157,158,159,68],"yoast_head":"<!-- This site is optimized with the Yoast SEO plugin v16.2 - https:\/\/yoast.com\/wordpress\/plugins\/seo\/ -->\n<meta name=\"robots\" content=\"index, follow, max-snippet:-1, max-image-preview:large, max-video-preview:-1\" \/>\n<link rel=\"canonical\" href=\"https:\/\/szaszkogabriella.com\/index.php\/hu\/2014\/06\/15\/az-atiras-gyonyoru-gyotrelme\/\" \/>\n<meta property=\"og:locale\" content=\"en_US\" \/>\n<meta property=\"og:type\" content=\"article\" \/>\n<meta property=\"og:title\" content=\"Az \u00e1t\u00edr\u00e1s gy\u00f6ny\u00f6r\u0171 gy\u00f6trelme - Szaszk\u00f3 Gabriella\" \/>\n<meta property=\"og:description\" content=\"Amikor hossz\u00fa \u00e9vekkel ezel\u0151tt megfogant bennem a gondolat, hogy kellene \u00edrni egy reg\u00e9nyt, akkor azt gondoltam, hogy a meg\u00edr\u00e1s lesz benne a legnehezebb. Teljesen kezd\u0151, h\u00fasz\u00e9ves fejjel azt hittem, hogy ha meg\u00edrok egy reg\u00e9nyt, akkor az k\u00e9szen van. Pedig az &hellip; Continue reading &rarr;\" \/>\n<meta property=\"og:url\" content=\"https:\/\/szaszkogabriella.com\/index.php\/hu\/2014\/06\/15\/az-atiras-gyonyoru-gyotrelme\/\" \/>\n<meta property=\"og:site_name\" content=\"Szaszk\u00f3 Gabriella\" \/>\n<meta property=\"article:author\" content=\"https:\/\/www.facebook.com\/gabriellaszaszkoswriting\" \/>\n<meta property=\"article:published_time\" content=\"2014-06-15T14:45:00+00:00\" \/>\n<meta property=\"article:modified_time\" content=\"2015-05-09T20:26:04+00:00\" \/>\n<meta property=\"og:image\" content=\"https:\/\/i1.wp.com\/szaszkogabriella.com\/wp-content\/uploads\/2014\/06\/676bb23866e2c28a32fa6f6df37aef9d.jpg?fit=346%2C480\" \/>\n\t<meta property=\"og:image:width\" content=\"346\" \/>\n\t<meta property=\"og:image:height\" content=\"480\" \/>\n<meta name=\"twitter:card\" content=\"summary\" \/>\n<meta name=\"twitter:label1\" content=\"Est. reading time\">\n\t<meta name=\"twitter:data1\" content=\"4 minutes\">\n<script type=\"application\/ld+json\" class=\"yoast-schema-graph\">{\"@context\":\"https:\/\/schema.org\",\"@graph\":[{\"@type\":\"WebSite\",\"@id\":\"https:\/\/szaszkogabriella.com\/index.php\/en\/about-me\/#website\",\"url\":\"https:\/\/szaszkogabriella.com\/index.php\/en\/about-me\/\",\"name\":\"Szaszk\\u00f3 Gabriella\",\"description\":\"\",\"potentialAction\":[{\"@type\":\"SearchAction\",\"target\":\"https:\/\/szaszkogabriella.com\/index.php\/en\/about-me\/?s={search_term_string}\",\"query-input\":\"required name=search_term_string\"}],\"inLanguage\":\"en-US\"},{\"@type\":\"ImageObject\",\"@id\":\"https:\/\/szaszkogabriella.com\/index.php\/hu\/2014\/06\/15\/az-atiras-gyonyoru-gyotrelme\/#primaryimage\",\"inLanguage\":\"en-US\",\"url\":\"https:\/\/i1.wp.com\/szaszkogabriella.com\/wp-content\/uploads\/2014\/06\/676bb23866e2c28a32fa6f6df37aef9d.jpg?fit=346%2C480&ssl=1\",\"contentUrl\":\"https:\/\/i1.wp.com\/szaszkogabriella.com\/wp-content\/uploads\/2014\/06\/676bb23866e2c28a32fa6f6df37aef9d.jpg?fit=346%2C480&ssl=1\",\"width\":346,\"height\":480},{\"@type\":\"WebPage\",\"@id\":\"https:\/\/szaszkogabriella.com\/index.php\/hu\/2014\/06\/15\/az-atiras-gyonyoru-gyotrelme\/#webpage\",\"url\":\"https:\/\/szaszkogabriella.com\/index.php\/hu\/2014\/06\/15\/az-atiras-gyonyoru-gyotrelme\/\",\"name\":\"Az \\u00e1t\\u00edr\\u00e1s gy\\u00f6ny\\u00f6r\\u0171 gy\\u00f6trelme - Szaszk\\u00f3 Gabriella\",\"isPartOf\":{\"@id\":\"https:\/\/szaszkogabriella.com\/index.php\/en\/about-me\/#website\"},\"primaryImageOfPage\":{\"@id\":\"https:\/\/szaszkogabriella.com\/index.php\/hu\/2014\/06\/15\/az-atiras-gyonyoru-gyotrelme\/#primaryimage\"},\"datePublished\":\"2014-06-15T14:45:00+00:00\",\"dateModified\":\"2015-05-09T20:26:04+00:00\",\"author\":{\"@id\":\"https:\/\/szaszkogabriella.com\/index.php\/en\/about-me\/#\/schema\/person\/f1bfdb90405c070d18b4cda6cb2d97e7\"},\"breadcrumb\":{\"@id\":\"https:\/\/szaszkogabriella.com\/index.php\/hu\/2014\/06\/15\/az-atiras-gyonyoru-gyotrelme\/#breadcrumb\"},\"inLanguage\":\"en-US\",\"potentialAction\":[{\"@type\":\"ReadAction\",\"target\":[\"https:\/\/szaszkogabriella.com\/index.php\/hu\/2014\/06\/15\/az-atiras-gyonyoru-gyotrelme\/\"]}]},{\"@type\":\"BreadcrumbList\",\"@id\":\"https:\/\/szaszkogabriella.com\/index.php\/hu\/2014\/06\/15\/az-atiras-gyonyoru-gyotrelme\/#breadcrumb\",\"itemListElement\":[{\"@type\":\"ListItem\",\"position\":1,\"item\":{\"@type\":\"WebPage\",\"@id\":\"https:\/\/szaszkogabriella.com\/index.php\/en\/about-me\/\",\"url\":\"https:\/\/szaszkogabriella.com\/index.php\/en\/about-me\/\",\"name\":\"Home\"}},{\"@type\":\"ListItem\",\"position\":2,\"item\":{\"@id\":\"https:\/\/szaszkogabriella.com\/index.php\/hu\/2014\/06\/15\/az-atiras-gyonyoru-gyotrelme\/#webpage\"}}]},{\"@type\":\"Person\",\"@id\":\"https:\/\/szaszkogabriella.com\/index.php\/en\/about-me\/#\/schema\/person\/f1bfdb90405c070d18b4cda6cb2d97e7\",\"name\":\"Gabriella\",\"image\":{\"@type\":\"ImageObject\",\"@id\":\"https:\/\/szaszkogabriella.com\/index.php\/en\/about-me\/#personlogo\",\"inLanguage\":\"en-US\",\"url\":\"https:\/\/secure.gravatar.com\/avatar\/ed8f7419b959f303647d2997795ba3b4?s=96&d=mm&r=g\",\"contentUrl\":\"https:\/\/secure.gravatar.com\/avatar\/ed8f7419b959f303647d2997795ba3b4?s=96&d=mm&r=g\",\"caption\":\"Gabriella\"},\"sameAs\":[\"http:\/\/szaszkogabriella.com\/\",\"https:\/\/www.facebook.com\/gabriellaszaszkoswriting\"]}]}<\/script>\n<!-- \/ Yoast SEO plugin. -->","jetpack_featured_media_url":"https:\/\/i1.wp.com\/szaszkogabriella.com\/wp-content\/uploads\/2014\/06\/676bb23866e2c28a32fa6f6df37aef9d.jpg?fit=346%2C480&ssl=1","jetpack_publicize_connections":[],"jetpack_sharing_enabled":true,"jetpack_shortlink":"https:\/\/wp.me\/p6aBpy-U","jetpack_likes_enabled":true,"jetpack-related-posts":[{"id":2529,"url":"https:\/\/szaszkogabriella.com\/index.php\/hu\/2019\/01\/11\/irok-egymas-kozott-iros-ujevi-fogalmak-2019-re\/","url_meta":{"origin":56,"position":0},"title":"\u00cdr\u00f3k egym\u00e1s k\u00f6z\u00f6tt - \u00cdr\u00f3s \u00faj\u00e9vi fogalmak 2019-re","date":"January 11, 2019","format":false,"excerpt":"Meg\u00e9rkezett 2019 \u00e9s mi teljes g\u0151zzel vetj\u00fck bele magunkat az \u00e9vbe az \u00cdr\u00f3k egym\u00e1s k\u00f6z\u00f6tt rovatunkkal is. A l\u00e1nyokkal \u00fagy d\u00f6nt\u00f6tt\u00fcnk, hogy a janu\u00e1ri bejegyz\u00e9s\u00fcnkben a 2019-es terveinkr\u0151l, \u00edr\u00f3s fogadalmainkr\u00f3l fogunk nektek besz\u00e1molni. Ez j\u00f3 lehet\u0151s\u00e9get teremt, hogy \u00e9n is kicsit rendet tegyek a fejemben, hogy mit is v\u00e1rok 2019-ben\u2026","rel":"","context":"In &quot;\u00cdr\u00e1sr\u00f3l&quot;","img":{"alt_text":"","src":"https:\/\/i2.wp.com\/szaszkogabriella.com\/wp-content\/uploads\/2018\/10\/43504103_1199859583485209_8007892125968498688_n.jpg?fit=800%2C800&ssl=1&resize=350%2C200","width":350,"height":200},"classes":[]},{"id":90,"url":"https:\/\/szaszkogabriella.com\/index.php\/hu\/2013\/11\/09\/ulj-le-es-irj\/","url_meta":{"origin":56,"position":1},"title":"\u00dclj le, \u00e9s \u00edrj!","date":"November 9, 2013","format":false,"excerpt":"M\u00e1r egy hete tart a NaNoWriMo, amelynek tapasztalatair\u00f3l most egy bejegyz\u00e9sben fogok besz\u00e1molni. 14 600 sz\u00f3t \u00edrtam az elm\u00falt egy h\u00e9tben, ami t\u00f6bb, mint 30 oldallal hosszabb\u00edtotta meg a reg\u00e9nyemet. A legmeglep\u0151bb tapasztalatom az volt, hogy igenis k\u00e9pes vagyok ennyit \u00edrni. A verseny r\u00e1vett arra, hogy ne keressek kifog\u00e1sokat, ne\u2026","rel":"","context":"In &quot;\u00cdr\u00e1sr\u00f3l&quot;","img":{"alt_text":"","src":"https:\/\/i1.wp.com\/szaszkogabriella.com\/wp-content\/uploads\/2013\/11\/Clipboard-1a.jpg?resize=350%2C200","width":350,"height":200},"classes":[]},{"id":68,"url":"https:\/\/szaszkogabriella.com\/index.php\/hu\/2014\/03\/02\/befejeztem-elmeny\/","url_meta":{"origin":56,"position":2},"title":"Befejeztem-\u00e9lm\u00e9ny","date":"March 2, 2014","format":false,"excerpt":"Most p\u00e9nteken egy saj\u00e1t magamnak szervezett \u00edr\u00f3-maraton keretein bel\u00fcl befejeztem a harmadik reg\u00e9nyemet. \u00dagy gondoltam, szentelek egy bejegyz\u00e9st a k\u00fcl\u00f6nleges \u00e9rz\u00e9snek \u00e9s egy p\u00e1r statisztikai adatr\u00f3l is besz\u00e1molok. Befejezni egy reg\u00e9nyt felemel\u0151 \u00e9s szomor\u00fa \u00e9rz\u00e9s is egyben. Sokszor hetekig \u00edzlelgetem magamban az utols\u00f3 jeleneteket, amelyek teljesen az elm\u00e9mbe tapadnak. 2013-ban\u2026","rel":"","context":"In &quot;\u00cdr\u00e1sr\u00f3l&quot;","img":{"alt_text":"","src":"https:\/\/i2.wp.com\/szaszkogabriella.com\/wp-content\/uploads\/2014\/03\/75e174b07ce0e476d281e0210bad6b8b.jpg?fit=683%2C1024&ssl=1&resize=350%2C200","width":350,"height":200},"classes":[]},{"id":2212,"url":"https:\/\/szaszkogabriella.com\/index.php\/hu\/2018\/05\/18\/gondolatok-a-befejezesrol\/","url_meta":{"origin":56,"position":3},"title":"Gondolatok a befejez\u00e9sr\u0151l","date":"May 18, 2018","format":false,"excerpt":"\u00c9ppen p\u00e1r perce \u00edrtam le egy k\u00e9zirat utols\u00f3 sora ut\u00e1n a v\u00e9ge sz\u00f3csk\u00e1t, ami mindig olyan emelkedett hangulatba hoz, mintha ma valamilyen fontos \u00fcnnepnap lenne. \u00dagy gondoltam, mes\u00e9lek egy kicsit ma nektek err\u0151l a k\u00e9ziratr\u00f3l \u00e9s a t\u00e1rs\u00e1r\u00f3l, ugyanis egy k\u00e9tr\u00e9szes sorozatr\u00f3l van most sz\u00f3, amik igencsak fontosak lettek sz\u00e1momra.\u2026","rel":"","context":"In &quot;\u00cdr\u00e1sr\u00f3l&quot;","img":{"alt_text":"","src":"https:\/\/i0.wp.com\/szaszkogabriella.com\/wp-content\/uploads\/2018\/05\/depositphotos_97705796-stock-photo-close-up-image-of-typewriter.jpg?fit=1023%2C865&ssl=1&resize=350%2C200","width":350,"height":200},"classes":[]},{"id":1160,"url":"https:\/\/szaszkogabriella.com\/index.php\/hu\/2016\/04\/27\/uj-regeny-es-kapunyitasi-panik\/","url_meta":{"origin":56,"position":4},"title":"\u00daj reg\u00e9ny \u00e9s a kapunyit\u00e1si p\u00e1nik","date":"April 27, 2016","format":false,"excerpt":"R\u00e9g\u00f3ta terveztem m\u00e1r bejegyz\u00e9st \u00edrni a kapunyit\u00e1si p\u00e1nik jelens\u00e9gr\u0151l, de most, hogy dolgozom egy ezzel kapcsolatos reg\u00e9nyen, \u00edgy elj\u00f6tt az id\u0151, hogy v\u00e9gre \u00edrjak is r\u00f3la valamit. Lesz most sz\u00f3 \u00edr\u00e1sr\u00f3l, pszichol\u00f3gi\u00e1r\u00f3l \u00e9s sok-sok \u00fatkeres\u00e9sr\u0151l :) Bizony\u00e1ra mindannyian hallottatok m\u00e1r a kapuz\u00e1r\u00e1si p\u00e1nikr\u00f3l (mid-life crisis), ami \u00e1ltal\u00e1ban az \u00f6tveneseket \u00e9rinti,\u2026","rel":"","context":"In &quot;Blog&quot;","img":{"alt_text":"af21ff902f0a8f8fc11d813ad28741c5","src":"https:\/\/i0.wp.com\/szaszkogabriella.com\/wp-content\/uploads\/2016\/04\/af21ff902f0a8f8fc11d813ad28741c5.jpg?resize=350%2C200","width":350,"height":200},"classes":[]},{"id":37,"url":"https:\/\/szaszkogabriella.com\/index.php\/hu\/2014\/11\/23\/a-folyamat-kozben\/","url_meta":{"origin":56,"position":5},"title":"A folyamat k\u00f6zben","date":"November 23, 2014","format":false,"excerpt":"Az utols\u00f3 het\u00e9ben j\u00e1runk a NaNoWriM\u00f3nak,\u00a0\u00fatk\u00f6zben j\u00f6ttek m\u00e9lypontok \u00e9s \u00e1tlend\u00fcl\u00e9sek, a negyedik h\u00e9tre pedig m\u00e1r csak a f\u00e1radts\u00e1g maradt \u00e9s m\u00e9g kilencezer sz\u00f3 a gy\u0151zelemhez, ami m\u00e1r semmis\u00e9gnek t\u0171nik az elej\u00e9hez k\u00e9pest. Lassan v\u00e9ge van a novembernek. V\u00e9ge annak a sz\u00e9p id\u0151szaknak, amikor elcs\u00e1b\u00edtanak este nyolckor a lak\u00f3t\u00e1rsak egy s\u00f6rre\u2026","rel":"","context":"In &quot;\u00cdr\u00e1sr\u00f3l&quot;","img":{"alt_text":"","src":"https:\/\/i2.wp.com\/szaszkogabriella.com\/wp-content\/uploads\/2014\/11\/f32f64c6c015533b875b568692070d67.jpg?fit=236%2C216&ssl=1&resize=350%2C200","width":350,"height":200},"classes":[]}],"_links":{"self":[{"href":"https:\/\/szaszkogabriella.com\/index.php\/wp-json\/wp\/v2\/posts\/56"}],"collection":[{"href":"https:\/\/szaszkogabriella.com\/index.php\/wp-json\/wp\/v2\/posts"}],"about":[{"href":"https:\/\/szaszkogabriella.com\/index.php\/wp-json\/wp\/v2\/types\/post"}],"author":[{"embeddable":true,"href":"https:\/\/szaszkogabriella.com\/index.php\/wp-json\/wp\/v2\/users\/1"}],"replies":[{"embeddable":true,"href":"https:\/\/szaszkogabriella.com\/index.php\/wp-json\/wp\/v2\/comments?post=56"}],"version-history":[{"count":1,"href":"https:\/\/szaszkogabriella.com\/index.php\/wp-json\/wp\/v2\/posts\/56\/revisions"}],"predecessor-version":[{"id":384,"href":"https:\/\/szaszkogabriella.com\/index.php\/wp-json\/wp\/v2\/posts\/56\/revisions\/384"}],"wp:featuredmedia":[{"embeddable":true,"href":"https:\/\/szaszkogabriella.com\/index.php\/wp-json\/wp\/v2\/media\/378"}],"wp:attachment":[{"href":"https:\/\/szaszkogabriella.com\/index.php\/wp-json\/wp\/v2\/media?parent=56"}],"wp:term":[{"taxonomy":"category","embeddable":true,"href":"https:\/\/szaszkogabriella.com\/index.php\/wp-json\/wp\/v2\/categories?post=56"},{"taxonomy":"post_tag","embeddable":true,"href":"https:\/\/szaszkogabriella.com\/index.php\/wp-json\/wp\/v2\/tags?post=56"}],"curies":[{"name":"wp","href":"https:\/\/api.w.org\/{rel}","templated":true}]}}