{"id":63,"date":"2014-04-13T08:49:00","date_gmt":"2014-04-13T08:49:00","guid":{"rendered":"http:\/\/szaszkogabriella.com\/index.php\/2014\/04\/13\/a-stilus-nyolc-fobune\/"},"modified":"2015-05-10T10:26:32","modified_gmt":"2015-05-10T10:26:32","slug":"a-stilus-nyolc-fobune","status":"publish","type":"post","link":"https:\/\/szaszkogabriella.com\/index.php\/hu\/2014\/04\/13\/a-stilus-nyolc-fobune\/","title":{"rendered":"A st\u00edlus nyolc f\u0151b\u0171ne"},"content":{"rendered":"<div class=\"separator\" style=\"clear: both; text-align: center;\">\n<a href=\"https:\/\/i1.wp.com\/szaszkogabriella.com\/wp-content\/uploads\/2014\/04\/il_570xN.250732957.jpg\" imageanchor=\"1\" style=\"clear: left; float: left; margin-bottom: 1em; margin-right: 1em;\"><img decoding=\"async\" loading=\"lazy\" border=\"0\" src=\"https:\/\/i1.wp.com\/szaszkogabriella.com\/wp-content\/uploads\/2014\/04\/il_570xN.250732957.jpg?resize=320%2C270\" height=\"270\" width=\"320\" data-recalc-dims=\"1\" \/><\/a><\/div>\n<p>Hatalmas \u00f6r\u00f6m \u00e9rt a m\u00falt h\u00e9ten, amikor legal\u00e1bb m\u00e1sf\u00e9l \u00e9ves keres\u00e9s ut\u00e1n megtal\u00e1ltam egy bizonyos piros f\u00fczetet, amelyben az \u00edr\u00f3iskol\u00e1s jegyzeteim pihennek. 2012 tavasz\u00e1n j\u00e1rtam az<b> IRKA \u00edr\u00f3kurzus\u00e1ra<\/b>, ahol sz\u00e1mos hasznos fog\u00e1st tanultam<b> Gal\u00e1ntai Zolt\u00e1nt\u00f3l<\/b> \u00e9s tanul\u00f3t\u00e1rsaimt\u00f3l. Az \u00f6nfejleszt\u00e9s jegy\u00e9ben szeretn\u00e9k egy p\u00e1r bejegyz\u00e9st szentelni bizonyos kiemelt leck\u00e9knek, amik k\u00fcl\u00f6n\u00f6sen tetszettek, hasznosnak, esetleg sz\u00f3rakoztat\u00f3nak tal\u00e1ltam \u0151ket.<\/p>\n<p>A j\u00f3 \u00edr\u00f3 folyamatosan tanul. Szerintem a legt\u00f6bbet az olvas\u00e1sb\u00f3l, az \u00edr\u00e1sb\u00f3l \u00e9s t\u00e1rsak seg\u00edts\u00e9ge nyom\u00e1n, akik r\u00e1vil\u00e1g\u00edtanak hib\u00e1ira. N\u00e9ha nem \u00e1rt azonban elolvasni egy-egy \u00edr\u00e1stechnikai k\u00f6nyvet sem, ez\u00e9rt is vettem el\u0151 \u00fajra a jegyzeteimet. Emellett mindenkinek aj\u00e1nlom a<b> <a href=\"http:\/\/www.libri.hu\/konyv\/kezdo-irok-kezikonyve.html\" target=\"_blank\">Kezd\u0151 \u00edr\u00f3k k\u00e9zik\u00f6nyv\u00e9t<\/a><\/b>, ami igaz\u00e1n hasznos olvasm\u00e1ny, hiszen rengeteg j\u00e1t\u00e9kos feladatot ad, ezek nagyban seg\u00edtik a fejl\u0151d\u00e9st.<\/p>\n<p><\/p>\n<div class=\"separator\" style=\"clear: both; text-align: center;\">\n<a href=\"https:\/\/i1.wp.com\/szaszkogabriella.com\/wp-content\/uploads\/2014\/04\/V%C3%A1g%C3%B3lap-1.jpg\" imageanchor=\"1\" style=\"margin-left: 1em; margin-right: 1em;\"><img decoding=\"async\" loading=\"lazy\" border=\"0\" src=\"https:\/\/i1.wp.com\/szaszkogabriella.com\/wp-content\/uploads\/2014\/04\/V%C3%A1g%C3%B3lap-1.jpg?resize=400%2C240\" height=\"240\" width=\"400\" data-recalc-dims=\"1\" \/><\/a><\/div>\n<p>Ma a<b> st\u00edlus nyolc f\u0151b\u0171n\u00e9vel<\/b> szeretn\u00e9k kiemelten foglalkozni, ehhez kaptuk feladatk\u00e9nt, hogy \u00edrjunk egy r\u00f6vid bekezd\u00e9st, amelybe az \u00f6sszes hib\u00e1t belehalmozzuk. Mindenkinek aj\u00e1nlom a j\u00e1t\u00e9kot! Hogyha tiszt\u00e1ban vagyunk ezekkel a hib\u00e1kkal, \u00e9s megengedj\u00fck maguknak, hogy v\u00e9tkezz\u00fcnk, akkor k\u00f6nnyebb a jav\u00edt\u00e1s is.&nbsp;<\/p>\n<p><\/p>\n<div class=\"separator\" style=\"clear: both; text-align: center;\">\n<a href=\"https:\/\/i1.wp.com\/szaszkogabriella.com\/wp-content\/uploads\/2014\/04\/7-deadly-sins-america-27s-next-top-model-46541_480_469.jpg\" imageanchor=\"1\" style=\"margin-left: 1em; margin-right: 1em;\"><img decoding=\"async\" loading=\"lazy\" border=\"0\" src=\"https:\/\/i1.wp.com\/szaszkogabriella.com\/wp-content\/uploads\/2014\/04\/7-deadly-sins-america-27s-next-top-model-46541_480_469.jpg?resize=400%2C390\" height=\"390\" width=\"400\" data-recalc-dims=\"1\" \/><\/a><\/div>\n<p><b>A st\u00edlus nyolc f\u0151b\u0171ne a k\u00f6vetkez\u0151:<\/b><\/p>\n<p><\/p>\n<div class=\"MsoNormalCxSpFirst\">\n1) Sz\u00f3t\u00e9veszt\u00e9s&nbsp;<\/div>\n<div class=\"MsoNormalCxSpMiddle\">\n2) Dag\u00e1lyoss\u00e1g \u2013 er\u0151ltetett st\u00edlus<\/div>\n<div class=\"MsoNormalCxSpMiddle\">\n3) Divatos szavak haszn\u00e1lata &#8211; sz\u00f3szeg\u00e9nys\u00e9ghez vezethet<\/div>\n<div class=\"MsoNormalCxSpMiddle\">\n4) B\u0151besz\u00e9d\u0171s\u00e9g \u2013 bonyolultan elmondani<br \/>\nazt, amit egyszer\u0171en is lehetne, terpeszked\u0151 kifejez\u00e9sek&nbsp;<\/div>\n<div class=\"MsoNormalCxSpMiddle\">\n5) Sz\u0171kszav\u00fas\u00e1g \u2013 l\u00e9nyeges nyelvi elem<br \/>\nkihagy\u00e1sa<\/div>\n<div class=\"MsoNormalCxSpMiddle\">\n6) K\u00f6zhelyes kifejez\u00e9sm\u00f3d&nbsp;<\/div>\n<div class=\"MsoNormalCxSpMiddle\">\n7) Logikai k\u00e9ptelens\u00e9g<\/div>\n<div class=\"MsoNormalCxSpMiddle\">\n8) St\u00edlust\u00f6r\u00e9s \u2013 az adott helyzetbe nem<br \/>\nillik bele a kifejez\u00e9s<\/div>\n<p>\n<b>A k\u00f6vetkez\u0151 vicces sz\u00f6sszenetbe beles\u0171r\u00edtettem az \u00f6sszes lehets\u00e9ges hib\u00e1t:<\/b><\/p>\n<p><\/p>\n<div class=\"MsoNormalCxSpFirst\">\n\u2013 Elvesz\u00edtett\u00fck a helyzetet! (1) \u2013<br \/>\ns\u00f3hajtott fel Laci. (2)<\/div>\n<div class=\"MsoNormalCxSpMiddle\">\n&nbsp;&nbsp;<br \/>\nMellette \u00e1llt les\u00fajtva hihetetlen cuki p\u00f6tty\u00f6s rucij\u00e1ban \u00c1gi. (3,4) Sz\u00f6rny\u0171s\u00e9ges<br \/>\nvolt, hogy lek\u00e9st\u00e9k a vonatot. Pedig csak p\u00e1r perccel kor\u00e1bban kellett volna.<br \/>\n(5)<\/div>\n<div class=\"MsoNormalCxSpMiddle\">\n\u2013 Miattad van! \u2013 v\u00e1gta oda liheg\u0151<br \/>\nbar\u00e1tj\u00e1nak \u00c1gi. (2) <\/div>\n<div class=\"MsoNormalCxSpMiddle\">\n&nbsp; H\u00e1t<br \/>\nigen, csak az lel aranyat, aki kor\u00e1n kel. (6)<\/div>\n<div class=\"MsoNormalCxSpMiddle\">\n\u2013 Nem gond \u2013 felelte Laci. \u2013 A tegnapit<br \/>\nm\u00e9g el\u00e9rhetj\u00fck. (7)<\/div>\n<div class=\"MsoNormalCxSpMiddle\">\n\u00c1gi<br \/>\n\u00f3vatosan felcsapta a fej\u00e9t, mik\u00f6zben pr\u00f3b\u00e1lta lek\u00fczdeni a felt\u00f6r\u0151 kognit\u00edv<br \/>\ndisszonancia mardos\u00e1s\u00e1t. (3,8)<\/div>\n<div class=\"MsoNormalCxSpMiddle\">\n<\/div>\n<div class=\"separator\" style=\"clear: both; text-align: center;\">\n<a href=\"https:\/\/i2.wp.com\/szaszkogabriella.com\/wp-content\/uploads\/2014\/04\/stories_by_lillakattuggla-d4d898d.jpg\" imageanchor=\"1\" style=\"margin-left: 1em; margin-right: 1em;\"><img decoding=\"async\" loading=\"lazy\" border=\"0\" src=\"https:\/\/i2.wp.com\/szaszkogabriella.com\/wp-content\/uploads\/2014\/04\/stories_by_lillakattuggla-d4d898d.jpg?resize=400%2C400\" height=\"400\" width=\"400\" data-recalc-dims=\"1\" \/><\/a><\/div>\n<div class=\"MsoNormalCxSpMiddle\">\n<\/div>\n<div class=\"MsoNormalCxSpMiddle\">\n<\/div>\n<div class=\"MsoNormalCxSpMiddle\">\nPersze, nincs az az \u00edr\u00f3, aki ne k\u00f6vetne el hib\u00e1kat m\u00e9g a folyamatos \u00fajra\u00edr\u00e1sok ellen\u00e9re is. A tudatoss\u00e1g ebben is nagyon fontos. Rem\u00e9lem, hogy ez a bejegyz\u00e9s \u00e9rdekes lehet mindenkinek, aki \u00edr, \u00e9s tal\u00e1n annak is, aki nem. Nekem mindenk\u00e9ppen fontos, hogy id\u0151r\u0151l id\u0151re \u00fajraolvassam a jegyzeteket, felfriss\u00edtsem a tud\u00e1st, amit csak gyakorolva lehet elm\u00e9ly\u00edteni.<\/div>\n<div class=\"MsoNormalCxSpMiddle\">\n<\/div>\n<div class=\"separator\" style=\"clear: both; text-align: center;\">\n<a href=\"https:\/\/i1.wp.com\/szaszkogabriella.com\/wp-content\/uploads\/2014\/04\/tumblr_l4nsv5rPEp1qz9xywo1_400.jpg\" imageanchor=\"1\" style=\"margin-left: 1em; margin-right: 1em;\"><img decoding=\"async\" loading=\"lazy\" border=\"0\" src=\"https:\/\/i1.wp.com\/szaszkogabriella.com\/wp-content\/uploads\/2014\/04\/tumblr_l4nsv5rPEp1qz9xywo1_400.jpg?resize=251%2C320\" height=\"320\" width=\"251\" data-recalc-dims=\"1\" \/><\/a><\/div>\n<div class=\"MsoNormalCxSpMiddle\">\n<\/div>\n<div class=\"MsoNormalCxSpMiddle\">\n<\/div>\n<div class=\"MsoNormalCxSpMiddle\">\nk\u00e9pek forr\u00e1sa: Pinterest<\/div>\n","protected":false},"excerpt":{"rendered":"<p>Hatalmas \u00f6r\u00f6m \u00e9rt a m\u00falt h\u00e9ten, amikor legal\u00e1bb m\u00e1sf\u00e9l \u00e9ves keres\u00e9s ut\u00e1n megtal\u00e1ltam egy bizonyos piros f\u00fczetet, amelyben az \u00edr\u00f3iskol\u00e1s jegyzeteim pihennek. 2012 tavasz\u00e1n j\u00e1rtam az IRKA \u00edr\u00f3kurzus\u00e1ra, ahol sz\u00e1mos hasznos fog\u00e1st tanultam Gal\u00e1ntai Zolt\u00e1nt\u00f3l \u00e9s tanul\u00f3t\u00e1rsaimt\u00f3l. Az \u00f6nfejleszt\u00e9s jegy\u00e9ben &hellip; <a class=\"more-link\" href=\"https:\/\/szaszkogabriella.com\/index.php\/hu\/2014\/04\/13\/a-stilus-nyolc-fobune\/\">Continue reading <span class=\"meta-nav\">&rarr;<\/span><\/a><\/p>\n","protected":false},"author":1,"featured_media":418,"comment_status":"open","ping_status":"open","sticky":false,"template":"","format":"standard","meta":{"spay_email":"","jetpack_publicize_message":"","jetpack_is_tweetstorm":false},"categories":[338,341],"tags":[194,195,196,197,25,198,200,199],"yoast_head":"<!-- This site is optimized with the Yoast SEO plugin v16.2 - https:\/\/yoast.com\/wordpress\/plugins\/seo\/ -->\n<meta name=\"robots\" content=\"index, follow, max-snippet:-1, max-image-preview:large, max-video-preview:-1\" \/>\n<link rel=\"canonical\" href=\"https:\/\/szaszkogabriella.com\/index.php\/hu\/2014\/04\/13\/a-stilus-nyolc-fobune\/\" \/>\n<meta property=\"og:locale\" content=\"en_US\" \/>\n<meta property=\"og:type\" content=\"article\" \/>\n<meta property=\"og:title\" content=\"A st\u00edlus nyolc f\u0151b\u0171ne - Szaszk\u00f3 Gabriella\" \/>\n<meta property=\"og:description\" content=\"Hatalmas \u00f6r\u00f6m \u00e9rt a m\u00falt h\u00e9ten, amikor legal\u00e1bb m\u00e1sf\u00e9l \u00e9ves keres\u00e9s ut\u00e1n megtal\u00e1ltam egy bizonyos piros f\u00fczetet, amelyben az \u00edr\u00f3iskol\u00e1s jegyzeteim pihennek. 2012 tavasz\u00e1n j\u00e1rtam az IRKA \u00edr\u00f3kurzus\u00e1ra, ahol sz\u00e1mos hasznos fog\u00e1st tanultam Gal\u00e1ntai Zolt\u00e1nt\u00f3l \u00e9s tanul\u00f3t\u00e1rsaimt\u00f3l. Az \u00f6nfejleszt\u00e9s jegy\u00e9ben &hellip; Continue reading &rarr;\" \/>\n<meta property=\"og:url\" content=\"https:\/\/szaszkogabriella.com\/index.php\/hu\/2014\/04\/13\/a-stilus-nyolc-fobune\/\" \/>\n<meta property=\"og:site_name\" content=\"Szaszk\u00f3 Gabriella\" \/>\n<meta property=\"article:author\" content=\"https:\/\/www.facebook.com\/gabriellaszaszkoswriting\" \/>\n<meta property=\"article:published_time\" content=\"2014-04-13T08:49:00+00:00\" \/>\n<meta property=\"article:modified_time\" content=\"2015-05-10T10:26:32+00:00\" \/>\n<meta property=\"og:image\" content=\"https:\/\/i1.wp.com\/szaszkogabriella.com\/wp-content\/uploads\/2014\/04\/il_570xN.250732957.jpg?fit=570%2C481\" \/>\n\t<meta property=\"og:image:width\" content=\"570\" \/>\n\t<meta property=\"og:image:height\" content=\"481\" \/>\n<meta name=\"twitter:card\" content=\"summary\" \/>\n<meta name=\"twitter:label1\" content=\"Est. reading time\">\n\t<meta name=\"twitter:data1\" content=\"3 minutes\">\n<script type=\"application\/ld+json\" class=\"yoast-schema-graph\">{\"@context\":\"https:\/\/schema.org\",\"@graph\":[{\"@type\":\"WebSite\",\"@id\":\"https:\/\/szaszkogabriella.com\/index.php\/en\/about-me\/#website\",\"url\":\"https:\/\/szaszkogabriella.com\/index.php\/en\/about-me\/\",\"name\":\"Szaszk\\u00f3 Gabriella\",\"description\":\"\",\"potentialAction\":[{\"@type\":\"SearchAction\",\"target\":\"https:\/\/szaszkogabriella.com\/index.php\/en\/about-me\/?s={search_term_string}\",\"query-input\":\"required name=search_term_string\"}],\"inLanguage\":\"en-US\"},{\"@type\":\"ImageObject\",\"@id\":\"https:\/\/szaszkogabriella.com\/index.php\/hu\/2014\/04\/13\/a-stilus-nyolc-fobune\/#primaryimage\",\"inLanguage\":\"en-US\",\"url\":\"https:\/\/i1.wp.com\/szaszkogabriella.com\/wp-content\/uploads\/2014\/04\/il_570xN.250732957.jpg?fit=570%2C481&ssl=1\",\"contentUrl\":\"https:\/\/i1.wp.com\/szaszkogabriella.com\/wp-content\/uploads\/2014\/04\/il_570xN.250732957.jpg?fit=570%2C481&ssl=1\",\"width\":570,\"height\":481},{\"@type\":\"WebPage\",\"@id\":\"https:\/\/szaszkogabriella.com\/index.php\/hu\/2014\/04\/13\/a-stilus-nyolc-fobune\/#webpage\",\"url\":\"https:\/\/szaszkogabriella.com\/index.php\/hu\/2014\/04\/13\/a-stilus-nyolc-fobune\/\",\"name\":\"A st\\u00edlus nyolc f\\u0151b\\u0171ne - Szaszk\\u00f3 Gabriella\",\"isPartOf\":{\"@id\":\"https:\/\/szaszkogabriella.com\/index.php\/en\/about-me\/#website\"},\"primaryImageOfPage\":{\"@id\":\"https:\/\/szaszkogabriella.com\/index.php\/hu\/2014\/04\/13\/a-stilus-nyolc-fobune\/#primaryimage\"},\"datePublished\":\"2014-04-13T08:49:00+00:00\",\"dateModified\":\"2015-05-10T10:26:32+00:00\",\"author\":{\"@id\":\"https:\/\/szaszkogabriella.com\/index.php\/en\/about-me\/#\/schema\/person\/f1bfdb90405c070d18b4cda6cb2d97e7\"},\"breadcrumb\":{\"@id\":\"https:\/\/szaszkogabriella.com\/index.php\/hu\/2014\/04\/13\/a-stilus-nyolc-fobune\/#breadcrumb\"},\"inLanguage\":\"en-US\",\"potentialAction\":[{\"@type\":\"ReadAction\",\"target\":[\"https:\/\/szaszkogabriella.com\/index.php\/hu\/2014\/04\/13\/a-stilus-nyolc-fobune\/\"]}]},{\"@type\":\"BreadcrumbList\",\"@id\":\"https:\/\/szaszkogabriella.com\/index.php\/hu\/2014\/04\/13\/a-stilus-nyolc-fobune\/#breadcrumb\",\"itemListElement\":[{\"@type\":\"ListItem\",\"position\":1,\"item\":{\"@type\":\"WebPage\",\"@id\":\"https:\/\/szaszkogabriella.com\/index.php\/en\/about-me\/\",\"url\":\"https:\/\/szaszkogabriella.com\/index.php\/en\/about-me\/\",\"name\":\"Home\"}},{\"@type\":\"ListItem\",\"position\":2,\"item\":{\"@id\":\"https:\/\/szaszkogabriella.com\/index.php\/hu\/2014\/04\/13\/a-stilus-nyolc-fobune\/#webpage\"}}]},{\"@type\":\"Person\",\"@id\":\"https:\/\/szaszkogabriella.com\/index.php\/en\/about-me\/#\/schema\/person\/f1bfdb90405c070d18b4cda6cb2d97e7\",\"name\":\"Gabriella\",\"image\":{\"@type\":\"ImageObject\",\"@id\":\"https:\/\/szaszkogabriella.com\/index.php\/en\/about-me\/#personlogo\",\"inLanguage\":\"en-US\",\"url\":\"https:\/\/secure.gravatar.com\/avatar\/ed8f7419b959f303647d2997795ba3b4?s=96&d=mm&r=g\",\"contentUrl\":\"https:\/\/secure.gravatar.com\/avatar\/ed8f7419b959f303647d2997795ba3b4?s=96&d=mm&r=g\",\"caption\":\"Gabriella\"},\"sameAs\":[\"http:\/\/szaszkogabriella.com\/\",\"https:\/\/www.facebook.com\/gabriellaszaszkoswriting\"]}]}<\/script>\n<!-- \/ Yoast SEO plugin. -->","jetpack_featured_media_url":"https:\/\/i1.wp.com\/szaszkogabriella.com\/wp-content\/uploads\/2014\/04\/il_570xN.250732957.jpg?fit=570%2C481&ssl=1","jetpack_publicize_connections":[],"jetpack_sharing_enabled":true,"jetpack_shortlink":"https:\/\/wp.me\/p6aBpy-11","jetpack_likes_enabled":true,"jetpack-related-posts":[{"id":100,"url":"https:\/\/szaszkogabriella.com\/index.php\/hu\/2013\/09\/08\/most-egy-keveset-az-iro-blokk\/","url_meta":{"origin":63,"position":0},"title":"Most egy keveset az \u00edr\u00f3 blokk felold\u00e1s\u00e1r\u00f3l...","date":"September 8, 2013","format":false,"excerpt":"\u00cdg\u00e9retemhez h\u00edven \u00edrok egy bejegyz\u00e9st arr\u00f3l is, hogyan keveredtem ki az \u00edr\u00f3i blokk kellemetlen bugyrai k\u00f6z\u00fcl. Most igyekszem p\u00e1r hasznos tan\u00e1csot adni, h\u00e1tha valaki hasonl\u00f3 probl\u00e9m\u00e1kkal k\u00fczd! Sokat gondolkoztam a blokkom k\u00f6zben, hogy mi\u00e9rt is nem megy az \u00edr\u00e1s \u00fagy, mint r\u00e9gen. Egyik \u00edr\u00f3t\u00e1rsam azt mondta, hogy val\u00f3sz\u00edn\u0171leg magasabb szintre\u2026","rel":"","context":"In &quot;\u00cdr\u00e1sr\u00f3l&quot;","img":{"alt_text":"","src":"https:\/\/i2.wp.com\/szaszkogabriella.com\/wp-content\/uploads\/2013\/09\/enhanced-buzz-14753-1345042540-9.jpg?resize=350%2C200","width":350,"height":200},"classes":[]},{"id":2759,"url":"https:\/\/szaszkogabriella.com\/index.php\/hu\/2019\/09\/07\/irok-egymas-kozott-irosuli-tiz-lepesben\/","url_meta":{"origin":63,"position":1},"title":"\u00cdr\u00f3k egym\u00e1s k\u00f6z\u00f6tt - \u00cdr\u00f3suli t\u00edz l\u00e9p\u00e9sben","date":"September 7, 2019","format":false,"excerpt":"Bizony\u00e1ra \u00e9szrevett\u00e9tek, hogy elment\u00fcnk egy kis ny\u00e1ri sz\u00fcnetre az \u00cdr\u00f3k egym\u00e1s k\u00f6z\u00f6tt sorozat kapcs\u00e1n, de elj\u00f6tt a szeptember, \u00e9s \u00fajult er\u0151vel v\u00e1gunk bele a dolgokba! Mondhatjuk, hogy szeptemberben megihletett benn\u00fcnket Elizabeth Gilbert bejegyz\u00e9se, aki t\u00edz l\u00e9p\u00e9sben k\u00f6z\u00f6lte az Instagram \u00e9s Facebook oldal\u00e1n saj\u00e1t filoz\u00f3fi\u00e1j\u00e1t az \u00edr\u00e1sr\u00f3l. Ezt a r\u00f6vid bejegyz\u00e9st\u2026","rel":"","context":"In &quot;\u00cdr\u00e1sr\u00f3l&quot;","img":{"alt_text":"","src":"https:\/\/i0.wp.com\/szaszkogabriella.com\/wp-content\/uploads\/2019\/02\/43429744_294905887770379_55062137864716288_n.jpg?fit=800%2C800&ssl=1&resize=350%2C200","width":350,"height":200},"classes":[]},{"id":1337,"url":"https:\/\/szaszkogabriella.com\/index.php\/hu\/2016\/11\/07\/megjelenik-az-elso-regenyem\/","url_meta":{"origin":63,"position":2},"title":"Megjelenik az els\u0151 reg\u00e9nyem","date":"November 7, 2016","format":false,"excerpt":"Nagyon r\u00e9g\u00f3ta v\u00e1rom, hogy meg\u00edrhassam ezt a blogbejegyz\u00e9st. Hossz\u00fa-hossz\u00fa id\u0151 telt el az\u00f3ta, hogy le\u00edrtam 2012 \u00e1prilis\u00e1ban a Maradj velem els\u0151 mondat\u00e1t, \u00e9s \u00fagy fest, hogy id\u00e9n decemberre teljes\u00fcl az egyik legnagyobb \u00e1lmom, \u00e9s megjelenik az els\u0151 k\u00f6nyvem a Maxim kiad\u00f3 Dream-v\u00e1logat\u00e1s sorozat\u00e1ban. Most egy kicsit besz\u00e1moln\u00e9k Nektek a hossz\u00fa\u2026","rel":"","context":"In &quot;\u00cdr\u00e1sr\u00f3l&quot;","img":{"alt_text":"","src":"https:\/\/i2.wp.com\/szaszkogabriella.com\/wp-content\/uploads\/2016\/09\/follow_your_dreams_by_jenneditions123-d5wyr6g.jpg?fit=400%2C454&ssl=1&resize=350%2C200","width":350,"height":200},"classes":[]},{"id":62,"url":"https:\/\/szaszkogabriella.com\/index.php\/hu\/2014\/04\/27\/irj-kifogasok-helye\/","url_meta":{"origin":63,"position":3},"title":"\u00cdrj a kifog\u00e1sok helyett","date":"April 27, 2014","format":false,"excerpt":"M\u00e1r kor\u00e1bban is \u00edrtam egy bejegyz\u00e9st arr\u00f3l, hogy haladni bizony csak \u00fagy lehet, hogyha az ember le\u00fcl a g\u00e9pe el\u00e9, \u00e9s elkezdi le\u00edrni a gondolatait (ezt a bejegyz\u00e9st itt olvashatj\u00e1tok). Ezen a h\u00e9ten \u00fajra el\u0151vettem a kis piros f\u00fczetemet, amelyben \u00f6sszefoglal\u00e1st tal\u00e1ltam arr\u00f3l, hogy mennyi az annyi, mennyit is kell\u2026","rel":"","context":"In &quot;\u00cdr\u00e1sr\u00f3l&quot;","img":{"alt_text":"","src":"https:\/\/i0.wp.com\/szaszkogabriella.com\/wp-content\/uploads\/2014\/04\/3b2942aa592914dffdf141e8413eedd0.jpg?fit=500%2C442&ssl=1&resize=350%2C200","width":350,"height":200},"classes":[]},{"id":1995,"url":"https:\/\/szaszkogabriella.com\/index.php\/hu\/2018\/01\/10\/irok-egymas-kozott-mi-ez\/","url_meta":{"origin":63,"position":4},"title":"\u00cdr\u00f3k egym\u00e1s k\u00f6z\u00f6tt \u2013 mi is ez?","date":"January 10, 2018","format":false,"excerpt":"2018-ban \u00faj, havonta felbukkan\u00f3 blogbejegyz\u00e9ssel rukkolunk el\u0151, ami az \u00cdr\u00f3k egym\u00e1s k\u00f6z\u00f6tt nevet viseli. Az \u00f6tlet \u00fagy pattant ki a fej\u00fcnkb\u0151l, hogy van nekem k\u00e9t legjobb, kedves \u00edr\u00f3bar\u00e1tn\u0151m, akikkel napi kapcsolatban \u00e1llok. Sokat szoktunk besz\u00e9lgetni az \u00e9let\u00fcnkr\u0151l \u00e9s persze az \u00edr\u00e1sr\u00f3l. Nagyon sok t\u00e9ma felbukkan, amiket azt\u00e1n elkezdtem lassank\u00e9nt feljegyezni,\u2026","rel":"","context":"In &quot;\u00cdr\u00f3k egym\u00e1s k\u00f6z\u00f6tt&quot;","img":{"alt_text":"","src":"https:\/\/i2.wp.com\/szaszkogabriella.com\/wp-content\/uploads\/2018\/01\/26794262_10208875370560090_581515874_n.jpg?fit=800%2C800&ssl=1&resize=350%2C200","width":350,"height":200},"classes":[]},{"id":2297,"url":"https:\/\/szaszkogabriella.com\/index.php\/hu\/2018\/08\/10\/irok-egymas-kozott-kezdo-iros-hibak\/","url_meta":{"origin":63,"position":5},"title":"\u00cdr\u00f3k egym\u00e1s k\u00f6z\u00f6tt - Kezd\u0151 \u00edr\u00f3s hib\u00e1k","date":"August 10, 2018","format":false,"excerpt":"Ebben a h\u00f3napban egy nagyon izgalmas t\u00e9m\u00e1t hoztunk nektek. Kezd\u0151 \u00edr\u00f3s hib\u00e1kr\u00f3l fogunk besz\u00e9lgetni, amikben mi is v\u00e9tkesek vagyunk. M\u00e1r el\u0151re lesz\u00f6gezem, hogy val\u00f3sz\u00edn\u0171leg szinte az \u00f6sszes lehets\u00e9ges hib\u00e1t elk\u00f6vettem, de bizony\u00e1ra nem fog minden eszembe jutni. \u00cdgy is csak p\u00e1r tipikus p\u00e9ld\u00e1t fogok kiemelni, mert a kezd\u0151 \u00edr\u00e1s hib\u00e1kb\u00f3l\u2026","rel":"","context":"In &quot;\u00cdr\u00e1sr\u00f3l&quot;","img":{"alt_text":"","src":"https:\/\/i0.wp.com\/szaszkogabriella.com\/wp-content\/uploads\/2018\/05\/32082716_10209592390085130_1985504836241588224_n.png?fit=800%2C800&ssl=1&resize=350%2C200","width":350,"height":200},"classes":[]}],"_links":{"self":[{"href":"https:\/\/szaszkogabriella.com\/index.php\/wp-json\/wp\/v2\/posts\/63"}],"collection":[{"href":"https:\/\/szaszkogabriella.com\/index.php\/wp-json\/wp\/v2\/posts"}],"about":[{"href":"https:\/\/szaszkogabriella.com\/index.php\/wp-json\/wp\/v2\/types\/post"}],"author":[{"embeddable":true,"href":"https:\/\/szaszkogabriella.com\/index.php\/wp-json\/wp\/v2\/users\/1"}],"replies":[{"embeddable":true,"href":"https:\/\/szaszkogabriella.com\/index.php\/wp-json\/wp\/v2\/comments?post=63"}],"version-history":[{"count":1,"href":"https:\/\/szaszkogabriella.com\/index.php\/wp-json\/wp\/v2\/posts\/63\/revisions"}],"predecessor-version":[{"id":423,"href":"https:\/\/szaszkogabriella.com\/index.php\/wp-json\/wp\/v2\/posts\/63\/revisions\/423"}],"wp:featuredmedia":[{"embeddable":true,"href":"https:\/\/szaszkogabriella.com\/index.php\/wp-json\/wp\/v2\/media\/418"}],"wp:attachment":[{"href":"https:\/\/szaszkogabriella.com\/index.php\/wp-json\/wp\/v2\/media?parent=63"}],"wp:term":[{"taxonomy":"category","embeddable":true,"href":"https:\/\/szaszkogabriella.com\/index.php\/wp-json\/wp\/v2\/categories?post=63"},{"taxonomy":"post_tag","embeddable":true,"href":"https:\/\/szaszkogabriella.com\/index.php\/wp-json\/wp\/v2\/tags?post=63"}],"curies":[{"name":"wp","href":"https:\/\/api.w.org\/{rel}","templated":true}]}}