{"id":95,"date":"2013-10-04T11:26:00","date_gmt":"2013-10-04T11:26:00","guid":{"rendered":"http:\/\/szaszkogabriella.com\/index.php\/2013\/10\/04\/a-napok-szinei\/"},"modified":"2015-05-10T10:45:07","modified_gmt":"2015-05-10T10:45:07","slug":"a-napok-szinei","status":"publish","type":"post","link":"https:\/\/szaszkogabriella.com\/index.php\/hu\/2013\/10\/04\/a-napok-szinei\/","title":{"rendered":"A napok sz\u00ednei"},"content":{"rendered":"<div class=\"separator\" style=\"clear: both; text-align: center;\">\n<a href=\"https:\/\/i1.wp.com\/2.bp.blogspot.com\/-pY-t4PyUMnM\/Uk6kfGq2jeI\/AAAAAAAAAss\/sZifyQBWobI\/s1600\/a70c2c37726e58521cafa96031820edf.jpg\" imageanchor=\"1\" style=\"clear: left; float: left; margin-bottom: 1em; margin-right: 1em;\"><img decoding=\"async\" loading=\"lazy\" border=\"0\" height=\"320\" src=\"https:\/\/i2.wp.com\/szaszkogabriella.com\/wp-content\/uploads\/2013\/10\/a70c2c37726e58521cafa96031820edf.jpg?resize=213%2C320\" width=\"213\" data-recalc-dims=\"1\" \/><\/a><\/div>\n<div class=\"MsoNormal\">\n\u00dagy gondoltam, hogy m\u00e1ra egy kicsit hanyagolom<br \/>\na komoly t\u00e9m\u00e1t \u00e9s egy kis \u00edr\u00f3s j\u00e1t\u00e9kot osztok meg veletek laz\u00edt\u00e1sk\u00e9pp. A \u201c<b><a href=\"https:\/\/www.facebook.com\/Writers.Write.Company\" target=\"_blank\">Writers Write<\/a><\/b>\u201d<br \/>\nelnevez\u00e9s\u0171 oldal minden napra ad valamilyen feladatot, amikhez n\u00e9ha kedvet is kapok, \u00edgy j\u00e1rtam a k\u00f6vetkez\u0151vel is.<\/div>\n<div class=\"MsoNormal\">\nMindenkinek aj\u00e1nlom, hogy<br \/>\ngondolkodjon el, milyen sz\u00edneket is t\u00e1rs\u00edt a napokhoz, hiszen kedves <b>fant\u00e1zia gyakorlat<\/b>.<br \/>\nMost bemutatom, n\u00e1lam<b> milyen sz\u00ednekben is j\u00e1tszik a h\u00e9t<\/b>. Mell\u00e9 sziv\u00e1rv\u00e1nyos sz\u00e9p h\u00e9tv\u00e9g\u00e9t<br \/>\nk\u00edv\u00e1nok mindenkinek! J<\/div>\n<div class=\"MsoNormal\">\n<\/div>\n<div class=\"MsoNormal\">\n<\/div>\n<div class=\"MsoNormal\">\n<\/div>\n<div class=\"MsoNormal\">\n<\/div>\n<div class=\"MsoNormal\">\n<\/div>\n<div class=\"MsoNormal\">\n<\/div>\n<div class=\"MsoNormal\">\n<\/div>\n<div class=\"MsoNormal\">\n<\/div>\n<div class=\"MsoNormal\">\n<\/div>\n<div class=\"MsoNormal\">\nA <b>h\u00e9tf\u0151<\/b> feh\u00e9r, mint a s\u0171r\u0171 k\u00f6dbe burkolt<br \/>\nhajnal, amely lust\u00e1n \u00fcl meg a v\u00e1ros felett. Vil\u00e1gos, mint a leheleted, amit az<br \/>\nutc\u00e1ra kil\u00e9pve l\u00e1tsz meg egy fagyos reggelen.<\/div>\n<div class=\"MsoNormal\">\nA <b>kedd<\/b> s\u00e1rga, mint a d\u00e9li napsug\u00e1r, ami<br \/>\nfelmeleg\u00edti fekete kab\u00e1todat. Csal\u00f3k\u00e1n hozza el a forr\u00f3s\u00e1g \u00e9rzet\u00e9t, mik\u00f6zben a cs\u00edp\u0151s<br \/>\nleveg\u0151 az arcodat cir\u00f3gatja.<\/div>\n<div class=\"MsoNormal\">\nA <b>szerda<\/b> sz\u00fcrke, mint a h\u00edd, amely \u00e1tszeli a<br \/>\nfoly\u00f3t a v\u00e1ros k\u00f6zep\u00e9n. Betonpill\u00e9rivel tartja meg a hetet, aszfaltja \u00e1t\u00edvel a<br \/>\nk\u00f6vetkez\u0151 napokra.<\/div>\n<div class=\"MsoNormal\">\n<\/div>\n<div class=\"separator\" style=\"clear: both; text-align: center;\">\n<a href=\"https:\/\/i2.wp.com\/1.bp.blogspot.com\/-JylwVOHJWQM\/Uk6kfYpg0PI\/AAAAAAAAAs4\/-iAYktygoVY\/s1600\/af134bf587076b7751b5904aacfc34cb.jpg\" imageanchor=\"1\" style=\"margin-left: 1em; margin-right: 1em;\"><img decoding=\"async\" loading=\"lazy\" border=\"0\" height=\"320\" src=\"https:\/\/i1.wp.com\/szaszkogabriella.com\/wp-content\/uploads\/2013\/10\/af134bf587076b7751b5904aacfc34cb.jpg?resize=320%2C320\" width=\"320\" data-recalc-dims=\"1\" \/><\/a><\/div>\n<div class=\"MsoNormal\">\n<\/div>\n<div class=\"MsoNormal\">\nA <b>cs\u00fct\u00f6rt\u00f6k<\/b> narancss\u00e1rga, mint az \u00e9rett t\u00f6k.<br \/>\nVid\u00e1m, langyos melegs\u00e9get hoz a lelkedbe, lassan engedi fel sz\u00edn\u00e9vel a h\u00e9t<br \/>\nkomors\u00e1g\u00e1t.<\/div>\n<div class=\"MsoNormal\">\nA <b>p\u00e9ntek<\/b> z\u00f6ld, mint a tavaszi gyep, amin<br \/>\nk\u00f6nnyed\u00e9n elter\u00fclhetsz. Illata friss, a szabads\u00e1g \u00edg\u00e9ret\u00e9t lobogtatja meg<br \/>\nel\u0151tted. <\/div>\n<div class=\"MsoNormal\">\nA <b>szombat<\/b> k\u00e9k, mint a felh\u0151tlen, v\u00e9gtelen \u00e9g.<br \/>\nVil\u00e1goss\u00e1ga vak\u00edt\u00f3an friss\u00edti fel elm\u00e9det, szabads\u00e1ga sz\u00e9d\u00edt\u0151, mint a v\u00e9gtelen<br \/>\n\u00f3ce\u00e1n.<\/div>\n<p>A <b>vas\u00e1rnap<\/b> piros, mint a pl\u00fcsspokr\u00f3c, amit<br \/>\nmagadra ter\u00edtesz egy h\u0171v\u00f6s est\u00e9n forr\u00f3 te\u00e1val a kezedben. \u00c9rint\u00e9se ellaz\u00edt, lassan ringat \u00e1t a k\u00f6vetkez\u0151 h\u00e9tre.<\/p>\n<div class=\"MsoNormal\">\n<\/div>\n<div class=\"MsoNormal\">\n<a href=\"https:\/\/i1.wp.com\/1.bp.blogspot.com\/-F7JbUYdMAkk\/Uk6keLPTfgI\/AAAAAAAAAso\/fS8sDYl0Qyg\/s1600\/3112a5bc646a2281b6d969a23d45f16e.jpg\" imageanchor=\"1\" style=\"clear: left; float: left; margin-bottom: 1em; margin-right: 1em;\"><img decoding=\"async\" loading=\"lazy\" border=\"0\" height=\"320\" src=\"https:\/\/i2.wp.com\/szaszkogabriella.com\/wp-content\/uploads\/2013\/10\/3112a5bc646a2281b6d969a23d45f16e.jpg?resize=242%2C320\" width=\"242\" data-recalc-dims=\"1\" \/><\/a><a href=\"https:\/\/i1.wp.com\/4.bp.blogspot.com\/-ezruxrceLgk\/Uk6kkhWttoI\/AAAAAAAAAtA\/xEWgYtVCOmg\/s1600\/7a37c29bedfe29ef40aab473e7713476-d3b8msk.jpg\" imageanchor=\"1\" style=\"clear: right; float: right; margin-bottom: 1em; margin-left: 1em;\"><img decoding=\"async\" loading=\"lazy\" border=\"0\" height=\"320\" src=\"https:\/\/i2.wp.com\/szaszkogabriella.com\/wp-content\/uploads\/2013\/10\/7a37c29bedfe29ef40aab473e7713476-d3b8msk.jpg?resize=265%2C320\" width=\"265\" data-recalc-dims=\"1\" \/><\/a><\/div>\n<p><\/p>\n<div class=\"MsoNormal\">\n<\/div>\n<div class=\"MsoNormal\">\n<\/div>\n<div class=\"MsoNormal\">\n<\/div>\n<div class=\"MsoNormal\">\n<\/div>\n<div class=\"MsoNormal\">\n<\/div>\n<div class=\"MsoNormal\">\n<\/div>\n<div class=\"MsoNormal\">\n<\/div>\n<div class=\"MsoNormal\">\n<\/div>\n<div class=\"MsoNormal\">\n<\/div>\n<div class=\"MsoNormal\">\n<\/div>\n<div class=\"MsoNormal\">\n<\/div>\n<div class=\"MsoNormal\">\n<\/div>\n<div class=\"MsoNormal\">\n<\/div>\n<div class=\"MsoNormal\">\n<\/div>\n<div class=\"MsoNormal\">\n<\/div>\n<div class=\"MsoNormal\">\nk\u00e9pek forr\u00e1sa: Pinterest<\/div>\n","protected":false},"excerpt":{"rendered":"<p>\u00dagy gondoltam, hogy m\u00e1ra egy kicsit hanyagolom a komoly t\u00e9m\u00e1t \u00e9s egy kis \u00edr\u00f3s j\u00e1t\u00e9kot osztok meg veletek laz\u00edt\u00e1sk\u00e9pp. A \u201cWriters Write\u201d elnevez\u00e9s\u0171 oldal minden napra ad valamilyen feladatot, amikhez n\u00e9ha kedvet is kapok, \u00edgy j\u00e1rtam a k\u00f6vetkez\u0151vel is. Mindenkinek &hellip; <a class=\"more-link\" href=\"https:\/\/szaszkogabriella.com\/index.php\/hu\/2013\/10\/04\/a-napok-szinei\/\">Continue reading <span class=\"meta-nav\">&rarr;<\/span><\/a><\/p>\n","protected":false},"author":1,"featured_media":604,"comment_status":"open","ping_status":"open","sticky":false,"template":"","format":"standard","meta":{"spay_email":"","jetpack_publicize_message":"","jetpack_is_tweetstorm":false},"categories":[338,356,351],"tags":[310,8,282,311,136],"yoast_head":"<!-- This site is optimized with the Yoast SEO plugin v16.2 - https:\/\/yoast.com\/wordpress\/plugins\/seo\/ -->\n<meta name=\"robots\" content=\"index, follow, max-snippet:-1, max-image-preview:large, max-video-preview:-1\" \/>\n<link rel=\"canonical\" href=\"https:\/\/szaszkogabriella.com\/index.php\/hu\/2013\/10\/04\/a-napok-szinei\/\" \/>\n<meta property=\"og:locale\" content=\"en_US\" \/>\n<meta property=\"og:type\" content=\"article\" \/>\n<meta property=\"og:title\" content=\"A napok sz\u00ednei - Szaszk\u00f3 Gabriella\" \/>\n<meta property=\"og:description\" content=\"\u00dagy gondoltam, hogy m\u00e1ra egy kicsit hanyagolom a komoly t\u00e9m\u00e1t \u00e9s egy kis \u00edr\u00f3s j\u00e1t\u00e9kot osztok meg veletek laz\u00edt\u00e1sk\u00e9pp. A \u201cWriters Write\u201d elnevez\u00e9s\u0171 oldal minden napra ad valamilyen feladatot, amikhez n\u00e9ha kedvet is kapok, \u00edgy j\u00e1rtam a k\u00f6vetkez\u0151vel is. Mindenkinek &hellip; Continue reading &rarr;\" \/>\n<meta property=\"og:url\" content=\"https:\/\/szaszkogabriella.com\/index.php\/hu\/2013\/10\/04\/a-napok-szinei\/\" \/>\n<meta property=\"og:site_name\" content=\"Szaszk\u00f3 Gabriella\" \/>\n<meta property=\"article:author\" content=\"https:\/\/www.facebook.com\/gabriellaszaszkoswriting\" \/>\n<meta property=\"article:published_time\" content=\"2013-10-04T11:26:00+00:00\" \/>\n<meta property=\"article:modified_time\" content=\"2015-05-10T10:45:07+00:00\" \/>\n<meta property=\"og:image\" content=\"https:\/\/i2.wp.com\/szaszkogabriella.com\/wp-content\/uploads\/2013\/10\/a70c2c37726e58521cafa96031820edf.jpg?fit=214%2C320\" \/>\n\t<meta property=\"og:image:width\" content=\"214\" \/>\n\t<meta property=\"og:image:height\" content=\"320\" \/>\n<meta name=\"twitter:card\" content=\"summary\" \/>\n<meta name=\"twitter:label1\" content=\"Est. reading time\">\n\t<meta name=\"twitter:data1\" content=\"2 minutes\">\n<script type=\"application\/ld+json\" class=\"yoast-schema-graph\">{\"@context\":\"https:\/\/schema.org\",\"@graph\":[{\"@type\":\"WebSite\",\"@id\":\"https:\/\/szaszkogabriella.com\/index.php\/en\/about-me\/#website\",\"url\":\"https:\/\/szaszkogabriella.com\/index.php\/en\/about-me\/\",\"name\":\"Szaszk\\u00f3 Gabriella\",\"description\":\"\",\"potentialAction\":[{\"@type\":\"SearchAction\",\"target\":\"https:\/\/szaszkogabriella.com\/index.php\/en\/about-me\/?s={search_term_string}\",\"query-input\":\"required name=search_term_string\"}],\"inLanguage\":\"en-US\"},{\"@type\":\"ImageObject\",\"@id\":\"https:\/\/szaszkogabriella.com\/index.php\/hu\/2013\/10\/04\/a-napok-szinei\/#primaryimage\",\"inLanguage\":\"en-US\",\"url\":\"https:\/\/i2.wp.com\/szaszkogabriella.com\/wp-content\/uploads\/2013\/10\/a70c2c37726e58521cafa96031820edf.jpg?fit=214%2C320&ssl=1\",\"contentUrl\":\"https:\/\/i2.wp.com\/szaszkogabriella.com\/wp-content\/uploads\/2013\/10\/a70c2c37726e58521cafa96031820edf.jpg?fit=214%2C320&ssl=1\",\"width\":214,\"height\":320},{\"@type\":\"WebPage\",\"@id\":\"https:\/\/szaszkogabriella.com\/index.php\/hu\/2013\/10\/04\/a-napok-szinei\/#webpage\",\"url\":\"https:\/\/szaszkogabriella.com\/index.php\/hu\/2013\/10\/04\/a-napok-szinei\/\",\"name\":\"A napok sz\\u00ednei - Szaszk\\u00f3 Gabriella\",\"isPartOf\":{\"@id\":\"https:\/\/szaszkogabriella.com\/index.php\/en\/about-me\/#website\"},\"primaryImageOfPage\":{\"@id\":\"https:\/\/szaszkogabriella.com\/index.php\/hu\/2013\/10\/04\/a-napok-szinei\/#primaryimage\"},\"datePublished\":\"2013-10-04T11:26:00+00:00\",\"dateModified\":\"2015-05-10T10:45:07+00:00\",\"author\":{\"@id\":\"https:\/\/szaszkogabriella.com\/index.php\/en\/about-me\/#\/schema\/person\/f1bfdb90405c070d18b4cda6cb2d97e7\"},\"breadcrumb\":{\"@id\":\"https:\/\/szaszkogabriella.com\/index.php\/hu\/2013\/10\/04\/a-napok-szinei\/#breadcrumb\"},\"inLanguage\":\"en-US\",\"potentialAction\":[{\"@type\":\"ReadAction\",\"target\":[\"https:\/\/szaszkogabriella.com\/index.php\/hu\/2013\/10\/04\/a-napok-szinei\/\"]}]},{\"@type\":\"BreadcrumbList\",\"@id\":\"https:\/\/szaszkogabriella.com\/index.php\/hu\/2013\/10\/04\/a-napok-szinei\/#breadcrumb\",\"itemListElement\":[{\"@type\":\"ListItem\",\"position\":1,\"item\":{\"@type\":\"WebPage\",\"@id\":\"https:\/\/szaszkogabriella.com\/index.php\/en\/about-me\/\",\"url\":\"https:\/\/szaszkogabriella.com\/index.php\/en\/about-me\/\",\"name\":\"Home\"}},{\"@type\":\"ListItem\",\"position\":2,\"item\":{\"@id\":\"https:\/\/szaszkogabriella.com\/index.php\/hu\/2013\/10\/04\/a-napok-szinei\/#webpage\"}}]},{\"@type\":\"Person\",\"@id\":\"https:\/\/szaszkogabriella.com\/index.php\/en\/about-me\/#\/schema\/person\/f1bfdb90405c070d18b4cda6cb2d97e7\",\"name\":\"Gabriella\",\"image\":{\"@type\":\"ImageObject\",\"@id\":\"https:\/\/szaszkogabriella.com\/index.php\/en\/about-me\/#personlogo\",\"inLanguage\":\"en-US\",\"url\":\"https:\/\/secure.gravatar.com\/avatar\/ed8f7419b959f303647d2997795ba3b4?s=96&d=mm&r=g\",\"contentUrl\":\"https:\/\/secure.gravatar.com\/avatar\/ed8f7419b959f303647d2997795ba3b4?s=96&d=mm&r=g\",\"caption\":\"Gabriella\"},\"sameAs\":[\"http:\/\/szaszkogabriella.com\/\",\"https:\/\/www.facebook.com\/gabriellaszaszkoswriting\"]}]}<\/script>\n<!-- \/ Yoast SEO plugin. -->","jetpack_featured_media_url":"https:\/\/i2.wp.com\/szaszkogabriella.com\/wp-content\/uploads\/2013\/10\/a70c2c37726e58521cafa96031820edf.jpg?fit=214%2C320&ssl=1","jetpack_publicize_connections":[],"jetpack_sharing_enabled":true,"jetpack_shortlink":"https:\/\/wp.me\/p6aBpy-1x","jetpack_likes_enabled":true,"jetpack-related-posts":[{"id":51,"url":"https:\/\/szaszkogabriella.com\/index.php\/hu\/2014\/08\/07\/10-iros-kihivas-mindenkinek-aki-szereti\/","url_meta":{"origin":95,"position":0},"title":"10 \u00edr\u00f3s kih\u00edv\u00e1s mindenkinek, aki szereti \u0151ket","date":"August 7, 2014","format":false,"excerpt":"Ismeritek a r\u00f6vid \u00edr\u00f3s kih\u00edv\u00e1sokat, amelyek sokszor egyperceseket, de ak\u00e1r hosszabb \u00edr\u00e1sokat is ihlethetnek? \u00c9n kifejezetten szeretem b\u00f6ng\u00e9szni \u0151ket, p\u00e1rszor igazi \u00edr\u00f3s hangulatba hoznak. Mivel p\u00e1r \u00edr\u00f3t\u00e1rs is b\u00f6ng\u00e9szi a blogomat, ez\u00e9rt \u00fagy gondoltam, hogy m\u00e1ra hozok p\u00e1r ilyen feladatot!\u00a0 Egy ilyen kih\u00edv\u00e1sra alkotott \u00edr\u00e1st m\u00e1r megosztottam veletek r\u00e9gebben, az\u2026","rel":"","context":"In &quot;\u00cdr\u00e1sr\u00f3l&quot;","img":{"alt_text":"","src":"https:\/\/i0.wp.com\/szaszkogabriella.com\/wp-content\/uploads\/2014\/08\/af0c5598bc7316ade2fbdcfec33d3f65.jpg?fit=236%2C233&ssl=1&resize=350%2C200","width":350,"height":200},"classes":[]},{"id":2219,"url":"https:\/\/szaszkogabriella.com\/index.php\/hu\/2018\/05\/23\/10010-dolog-amit-szeretek\/","url_meta":{"origin":95,"position":1},"title":"100+10 dolog, amit szeretek","date":"May 23, 2018","format":false,"excerpt":"M\u00e1r p\u00e1r oldalon belebukkantam a 100 dolog, amit szeretek c\u00edm\u0171 bejegyz\u00e9sbe, \u00e9s nagyon megtetszett a koncepci\u00f3. Ma \u00e9pp ez\u00e9rt \u00fagy gondoltam, hogy kimegyek a sz\u00e9ps\u00e9ges kert\u00fcnkbe, \u00e9s megalkotom a saj\u00e1tomat. A helyzet az, hogy nem is tudtam le\u00e1llni sz\u00e1zn\u00e1l, musz\u00e1j volt m\u00e9g t\u00edz extr\u00e1t is hozz\u00e1tennem. Mindenkinek aj\u00e1nlom, mert \u00fagy\u2026","rel":"","context":"In &quot;Blog&quot;","img":{"alt_text":"","src":"https:\/\/i0.wp.com\/szaszkogabriella.com\/wp-content\/uploads\/2018\/05\/streetstyles.com_.jpg?fit=945%2C756&ssl=1&resize=350%2C200","width":350,"height":200},"classes":[]},{"id":1407,"url":"https:\/\/szaszkogabriella.com\/index.php\/hu\/2016\/11\/25\/nanowrimo-angliaban\/","url_meta":{"origin":95,"position":2},"title":"NaNoWriMo Angli\u00e1ban","date":"November 25, 2016","format":false,"excerpt":"Az\u00e9rt is v\u00e1rtam, hogy Angli\u00e1ba k\u00f6lt\u00f6zz\u00fcnk, mert tudtam, hogy a kreat\u00edv \u00edr\u00e1s itt igencsak fontos tev\u00e9kenys\u00e9gnek sz\u00e1m\u00edt. Sz\u00e1mos \u00edr\u00e1stechnikai k\u00f6nyv, kurzus, egyetemi k\u00e9pz\u00e9s, \u00fajs\u00e1g \u00e9s \u00edr\u00f3k\u00f6r \u00e1ll a rendelkez\u00e9s\u00e9re az \u00edr\u00f3knak \u00e9s \u00edrni v\u00e1gy\u00f3knak. Term\u00e9szetesen ebb\u0151l m\u00e9g szinte semmit sem fedeztem fel k\u00e9t h\u00f3napos angliai tart\u00f3zkod\u00e1som sor\u00e1n, de sikeresen csatlakoztam\u2026","rel":"","context":"In &quot;\u00cdr\u00e1sr\u00f3l&quot;","img":{"alt_text":"","src":"https:\/\/i1.wp.com\/szaszkogabriella.com\/wp-content\/uploads\/2016\/11\/nanowrimo-and-coffee1.jpg?fit=640%2C427&ssl=1&resize=350%2C200","width":350,"height":200},"classes":[]},{"id":2339,"url":"https:\/\/szaszkogabriella.com\/index.php\/hu\/2018\/09\/22\/nyari-iros-kihivas-iii-oszi-napfordulo\/","url_meta":{"origin":95,"position":3},"title":"Ny\u00e1ri \u00edr\u00f3s kih\u00edv\u00e1s III. - \u0150szi napfordul\u00f3","date":"September 22, 2018","format":false,"excerpt":"Tudni kell r\u00f3lam, hogy im\u00e1dom az \u00f6sszes \u00e9vszak hangulat\u00e1t, \u00e9ppen ez\u00e9rt ma a hamarosan elk\u00f6vetkez\u0151 \u0151szi napfordul\u00f3 el\u0151tt fogok nektek tisztelegni ezzel a r\u00f6vid novell\u00e1val, ami a ny\u00e1ri \u00edr\u00f3s kih\u00edv\u00e1som utols\u00f3 darabja. Sz\u00f3ljatok, hogyha m\u00e9g van kedvetek ilyen flash novell\u00e1kat olvasni, nekem nagyon j\u00f3l j\u00f6tt, hogy egy kicsit kimozduljak a\u2026","rel":"","context":"In &quot;\u00cdr\u00e1sr\u00f3l&quot;","img":{"alt_text":"","src":"https:\/\/i2.wp.com\/szaszkogabriella.com\/wp-content\/uploads\/2018\/09\/flowers-leaves-autumn-yellow-rose-earth-roses-flower-bokeh-nature-image-1920x1080.jpg?fit=1200%2C675&ssl=1&resize=350%2C200","width":350,"height":200},"classes":[]},{"id":79,"url":"https:\/\/szaszkogabriella.com\/index.php\/hu\/2014\/01\/13\/hetfoi-dixit-lathatatlan\/","url_meta":{"origin":95,"position":4},"title":"H\u00e9tf\u0151i Dixit: L\u00e1thatatlan","date":"January 13, 2014","format":false,"excerpt":"Ezen a h\u00e9ten k\u00fcl\u00f6nleges k\u00fcl\u00f6nkiad\u00e1ssal jelentkez\u00fcnk S\u00fct\u0151 Fannival k\u00f6z\u00f6sen. Az el\u0151z\u0151 k\u00f6z\u00f6s projekt\u00fcnk\u00f6n felb\u00e1torodva folytatjuk az egy\u00fcttm\u0171k\u00f6d\u00e9st. A h\u00e9ten minden egyes nap megosztok veletek egy r\u00f6vid novell\u00e1t, amelyek a Dixit elnevez\u0171 j\u00e1t\u00e9k (ide kattintva megtal\u00e1lj\u00e1tok a le\u00edr\u00e1s\u00e1t) k\u00e1rty\u00e1ihoz \u00edr\u00f3dnak. Fanni minden nap h\u00faz egyet a paklib\u00f3l, \u00e9s a k\u00e1rtya k\u00e9p\u00e9b\u0151l\u2026","rel":"","context":"In &quot;Dixit&quot;","img":{"alt_text":"","src":"https:\/\/i2.wp.com\/szaszkogabriella.com\/wp-content\/uploads\/2014\/01\/1017560_10203151508578397_494166849_n.jpg?resize=350%2C200","width":350,"height":200},"classes":[]},{"id":66,"url":"https:\/\/szaszkogabriella.com\/index.php\/hu\/2014\/03\/21\/par-kulonleges-fa-es-egy-jo-hir\/","url_meta":{"origin":95,"position":5},"title":"P\u00e1r k\u00fcl\u00f6nleges fa \u00e9s egy j\u00f3 h\u00edr","date":"March 21, 2014","format":false,"excerpt":"\u00dagy fest, hogy az ut\u00f3bbi id\u0151ben nosztalgikus hangulatba ker\u00fcltem. Lehets\u00e9ges, hogy meg\u00e9rintett a tavasz szele, ez\u00e9rt m\u00e1ra is egy kis var\u00e1zsos visszaeml\u00e9kez\u00e9st hoztam. A mai \u00edr\u00e1somat is a Writers Write nev\u0171 oldal kih\u00edv\u00e1sa ihlette, amelyben az volt a feladat, hogy \u00edrjak a gyermekkorom egy k\u00fcl\u00f6nleges f\u00e1j\u00e1r\u00f3l. \u00c9n sajnos nem tudtam\u2026","rel":"","context":"In &quot;\u00cdr\u00e1sr\u00f3l&quot;","img":{"alt_text":"","src":"https:\/\/i2.wp.com\/szaszkogabriella.com\/wp-content\/uploads\/2014\/03\/3a9e626c848211e192e91231381b3d7a_7.jpg?fit=612%2C612&ssl=1&resize=350%2C200","width":350,"height":200},"classes":[]}],"_links":{"self":[{"href":"https:\/\/szaszkogabriella.com\/index.php\/wp-json\/wp\/v2\/posts\/95"}],"collection":[{"href":"https:\/\/szaszkogabriella.com\/index.php\/wp-json\/wp\/v2\/posts"}],"about":[{"href":"https:\/\/szaszkogabriella.com\/index.php\/wp-json\/wp\/v2\/types\/post"}],"author":[{"embeddable":true,"href":"https:\/\/szaszkogabriella.com\/index.php\/wp-json\/wp\/v2\/users\/1"}],"replies":[{"embeddable":true,"href":"https:\/\/szaszkogabriella.com\/index.php\/wp-json\/wp\/v2\/comments?post=95"}],"version-history":[{"count":1,"href":"https:\/\/szaszkogabriella.com\/index.php\/wp-json\/wp\/v2\/posts\/95\/revisions"}],"predecessor-version":[{"id":608,"href":"https:\/\/szaszkogabriella.com\/index.php\/wp-json\/wp\/v2\/posts\/95\/revisions\/608"}],"wp:featuredmedia":[{"embeddable":true,"href":"https:\/\/szaszkogabriella.com\/index.php\/wp-json\/wp\/v2\/media\/604"}],"wp:attachment":[{"href":"https:\/\/szaszkogabriella.com\/index.php\/wp-json\/wp\/v2\/media?parent=95"}],"wp:term":[{"taxonomy":"category","embeddable":true,"href":"https:\/\/szaszkogabriella.com\/index.php\/wp-json\/wp\/v2\/categories?post=95"},{"taxonomy":"post_tag","embeddable":true,"href":"https:\/\/szaszkogabriella.com\/index.php\/wp-json\/wp\/v2\/tags?post=95"}],"curies":[{"name":"wp","href":"https:\/\/api.w.org\/{rel}","templated":true}]}}